{"id":509917,"date":"2021-06-09T00:01:50","date_gmt":"2021-06-09T05:01:50","guid":{"rendered":"https:\/\/www.diarioimagen.net\/?p=509917"},"modified":"2021-06-09T07:59:08","modified_gmt":"2021-06-09T12:59:08","slug":"autoridades-de-naucalpan-amplian-horarios-de-unidades-economicas-en-semaforo-verde","status":"publish","type":"post","link":"https:\/\/www.diarioimagen.net\/?p=509917","title":{"rendered":"Autoridades de Naucalpan ampl\u00edan horarios de unidades econ\u00f3micas, en sem\u00e1foro verde"},"content":{"rendered":"<p>&nbsp;<\/p>\n<ul>\n<li><strong><em>Operan hasta las 21:00 horas, de lunes a domingo<\/em><\/strong><\/li>\n<\/ul>\n<p>&nbsp;<\/p>\n<div id=\"attachment_509999\" style=\"width: 470px\" class=\"wp-caption aligncenter\"><a href=\"https:\/\/www.diarioimagen.net\/?attachment_id=509999\" rel=\"attachment wp-att-509999\"><img loading=\"lazy\" decoding=\"async\" aria-describedby=\"caption-attachment-509999\" class=\"size-full wp-image-509999\" src=\"https:\/\/www.diarioimagen.net\/wp-content\/uploads\/2021\/06\/naucalpan-5.jpg\" alt=\"\" width=\"460\" height=\"270\" \/><\/a><p id=\"caption-attachment-509999\" class=\"wp-caption-text\">A partir de la aplicaci\u00f3n del sem\u00e1foro verde, los peque\u00f1os comercios podr\u00e1n operar hasta las 21:00 horas, de lunes a domingo, con un aforo m\u00e1ximo del 70 por ciento.<\/p><\/div>\n<p>&nbsp;<\/p>\n<p><strong>Naucalpan, Estado de M\u00e9xico<\/strong>.- Desde el lunes, Naucalpan pas\u00f3 a sem\u00e1foro epidemiol\u00f3gico verde, es decir, en el territorio mexiquense hay bajo riesgo de contagio del virus SARS-CoV-2.<\/p>\n<p>A partir de esta disposici\u00f3n, los peque\u00f1os comercios podr\u00e1n operar hasta las 21:00 horas, de lunes a domingo, con un aforo m\u00e1ximo del 70 por ciento.<\/p>\n<p>Por otra parte, plazas comerciales y tiendas departamentales pueden operar en su horario habitual, siempre que no sobrepasen el 70 por ciento de su aforo.<\/p>\n<p>Para el sector restaurantero y de venta de alimentos hay autorizaci\u00f3n de atender a los clientes en los locales al 70 por ciento de la capacidad, en espacios tanto abiertos como cerrados, sin la posibilidad de m\u00fasica en vivo, pero con las zonas para fumadores habilitadas.<\/p>\n<p>De forma presencial, el servicio ser\u00e1 posible de lunes a domingo, hasta las 00:00 horas, despu\u00e9s de ese horario, la atenci\u00f3n deber\u00e1 ser a domicilio o para llevar.<\/p>\n<p>Salones de eventos podr\u00e1n operar al 30 por ciento en interiores y al 60 por ciento en exteriores, sin venta de bebidas alcoh\u00f3licas, m\u00fasica en vivo ni instalaci\u00f3n de pistas de baile, con horario de apertura hasta las 22:00 horas.<\/p>\n<p>Actividades culturales, auditorios, foros, exposiciones, bibliotecas, museos, cines y teatros pueden dar servicio al 70 por ciento de su aforo. La \u00faltima funci\u00f3n podr\u00e1 iniciar a las 00:00 horas.<\/p>\n<p>Asimismo, en espacios p\u00fablicos, parques, zool\u00f3gicos, \u00e1reas naturales, gimnasios, balnearios, albercas p\u00fablicas, actividades acu\u00e1ticas, campos deportivos, as\u00ed como actividades f\u00edsicas y recreativas al aire libre, el aforo m\u00e1ximo ser\u00e1 del 70 por ciento.<\/p>\n<p>En el caso de eventos deportivos en estadios, se permitir\u00e1 la asistencia al 40 por ciento, sin venta de alcohol. Boliches y billares tambi\u00e9n deber\u00e1n funcionar al 40 por ciento hasta las 22:00 horas.<\/p>\n<p>Los casinos tienen la posibilidad de abrir hasta las 23:00 horas, con un aforo del 60 por ciento.<\/p>\n","protected":false},"excerpt":{"rendered":"<p>Desde el lunes, Naucalpan pas\u00f3 a sem\u00e1foro epidemiol\u00f3gico verde, es decir, en el territorio mexiquense hay bajo riesgo de contagio del virus SARS-CoV-2.<\/p>\n","protected":false},"author":3,"featured_media":509999,"comment_status":"open","ping_status":"open","sticky":false,"template":"","format":"standard","meta":{"_monsterinsights_skip_tracking":false,"_monsterinsights_sitenote_active":false,"_monsterinsights_sitenote_note":"","_monsterinsights_sitenote_category":0,"footnotes":""},"categories":[5],"tags":[43675,970,91664],"class_list":["post-509917","post","type-post","status-publish","format-standard","has-post-thumbnail","hentry","category-estado-de-mexico","tag-estado-de-mexico","tag-naucalpan","tag-semaforo-verde"],"_links":{"self":[{"href":"https:\/\/www.diarioimagen.net\/index.php?rest_route=\/wp\/v2\/posts\/509917","targetHints":{"allow":["GET"]}}],"collection":[{"href":"https:\/\/www.diarioimagen.net\/index.php?rest_route=\/wp\/v2\/posts"}],"about":[{"href":"https:\/\/www.diarioimagen.net\/index.php?rest_route=\/wp\/v2\/types\/post"}],"author":[{"embeddable":true,"href":"https:\/\/www.diarioimagen.net\/index.php?rest_route=\/wp\/v2\/users\/3"}],"replies":[{"embeddable":true,"href":"https:\/\/www.diarioimagen.net\/index.php?rest_route=%2Fwp%2Fv2%2Fcomments&post=509917"}],"version-history":[{"count":0,"href":"https:\/\/www.diarioimagen.net\/index.php?rest_route=\/wp\/v2\/posts\/509917\/revisions"}],"wp:featuredmedia":[{"embeddable":true,"href":"https:\/\/www.diarioimagen.net\/index.php?rest_route=\/wp\/v2\/media\/509999"}],"wp:attachment":[{"href":"https:\/\/www.diarioimagen.net\/index.php?rest_route=%2Fwp%2Fv2%2Fmedia&parent=509917"}],"wp:term":[{"taxonomy":"category","embeddable":true,"href":"https:\/\/www.diarioimagen.net\/index.php?rest_route=%2Fwp%2Fv2%2Fcategories&post=509917"},{"taxonomy":"post_tag","embeddable":true,"href":"https:\/\/www.diarioimagen.net\/index.php?rest_route=%2Fwp%2Fv2%2Ftags&post=509917"}],"curies":[{"name":"wp","href":"https:\/\/api.w.org\/{rel}","templated":true}]}}