{"id":509918,"date":"2021-06-09T00:03:58","date_gmt":"2021-06-09T05:03:58","guid":{"rendered":"https:\/\/www.diarioimagen.net\/?p=509918"},"modified":"2021-06-09T07:58:41","modified_gmt":"2021-06-09T12:58:41","slug":"aplica-huixquilucan-primera-dosis-de-vacuna-contra-coronavirus-a-personas-de-40-a-49-anos","status":"publish","type":"post","link":"https:\/\/www.diarioimagen.net\/?p=509918","title":{"rendered":"Aplica Huixquilucan primera dosis de vacuna contra coronavirus a personas de 40 a 49 a\u00f1os"},"content":{"rendered":"<p>&nbsp;<\/p>\n<ul>\n<li><strong><em>En el Complejo Rosa M\u00edstica y en la Universidad An\u00e1huac<\/em><\/strong><\/li>\n<\/ul>\n<p>&nbsp;<\/p>\n<div id=\"attachment_509997\" style=\"width: 470px\" class=\"wp-caption aligncenter\"><a href=\"https:\/\/www.diarioimagen.net\/?attachment_id=509997\" rel=\"attachment wp-att-509997\"><img loading=\"lazy\" decoding=\"async\" aria-describedby=\"caption-attachment-509997\" class=\"size-full wp-image-509997\" src=\"https:\/\/www.diarioimagen.net\/wp-content\/uploads\/2021\/06\/huixquilucan-5.jpg\" alt=\"\" width=\"460\" height=\"270\" \/><\/a><p id=\"caption-attachment-509997\" class=\"wp-caption-text\">El presidente municipal, Enrique Vargas del Villar, supervis\u00f3 la log\u00edstica implementada en Huixquilucan para la aplicaci\u00f3n de la primera dosis del ant\u00edgeno, en donde destac\u00f3 la participaci\u00f3n de la poblaci\u00f3n.<\/p><\/div>\n<p>&nbsp;<\/p>\n<p><strong>Huixquilucan, Estado de M\u00e9xico<\/strong>.- En Huixquilucan, los adultos entre 40 y 49 a\u00f1os comenzaron con su esquema de vacunaci\u00f3n contra el SARS-Cov-2 en las instalaciones del Complejo Rosa M\u00edstica y en la Universidad An\u00e1huac Norte.<\/p>\n<p>El presidente municipal, Enrique Vargas del Villar, supervis\u00f3 la log\u00edstica implementada en Huixquilucan para la aplicaci\u00f3n de la primera dosis del ant\u00edgeno, en donde destac\u00f3 la participaci\u00f3n de la poblaci\u00f3n. Insisti\u00f3, en que el cuidado de la vida de la poblaci\u00f3n es y seguir\u00e1 siendo una prioridad, por lo que invit\u00f3 a los adultos que se encuentren entre los 40 y 49 a\u00f1os a que acudan a las sedes de vacunaci\u00f3n, ya que el municipio tendr\u00e1 las dosis necesarias para este sector.<\/p>\n<p>Record\u00f3, que los centros de vacunaci\u00f3n estar\u00e1n abiertos desde las 9 de la ma\u00f1ana y hasta las 5 de la tarde, los d\u00edas martes y mi\u00e9rcoles. \u00a0Todas las personas que ingresen a los centros de vacunaci\u00f3n deber\u00e1n portar en todo momento cubrebocas y conservar la sana distancia.<\/p>\n<p>Adicionalmente, en el Complejo Rosa M\u00edstica, cuyo acceso es peatonal, continuamente se desinfectan los m\u00f3dulos de vacunaci\u00f3n. Cabe recordar que en la Universidad An\u00e1huac el acceso es \u00fanicamente en autom\u00f3vil.<\/p>\n<p>Con la finalidad de que el acceso a las sedes de vacunaci\u00f3n sea \u00e1gil, se invita a la poblaci\u00f3n a llevar el registro de vacunaci\u00f3n con c\u00f3digo QR, el cual se debe descargar de la p\u00e1gina\u00a0https:\/\/mivacuna.salud.gob.mx, adem\u00e1s de llevar copia de la CURP, identificaci\u00f3n oficial con fotograf\u00eda y comprobante domicilio que certifique su residencia en Huixquilucan.<\/p>\n","protected":false},"excerpt":{"rendered":"<p>En Huixquilucan, los adultos entre 40 y 49 a\u00f1os comenzaron con su esquema de vacunaci\u00f3n contra el SARS-Cov-2 en las instalaciones del Complejo Rosa M\u00edstica y en la Universidad An\u00e1huac Norte.<\/p>\n","protected":false},"author":3,"featured_media":509997,"comment_status":"open","ping_status":"open","sticky":false,"template":"","format":"standard","meta":{"_monsterinsights_skip_tracking":false,"_monsterinsights_sitenote_active":false,"_monsterinsights_sitenote_note":"","_monsterinsights_sitenote_category":0,"footnotes":""},"categories":[5],"tags":[43675,1097,91102],"class_list":["post-509918","post","type-post","status-publish","format-standard","has-post-thumbnail","hentry","category-estado-de-mexico","tag-estado-de-mexico","tag-huixquilucan","tag-sars-cov-2"],"_links":{"self":[{"href":"https:\/\/www.diarioimagen.net\/index.php?rest_route=\/wp\/v2\/posts\/509918","targetHints":{"allow":["GET"]}}],"collection":[{"href":"https:\/\/www.diarioimagen.net\/index.php?rest_route=\/wp\/v2\/posts"}],"about":[{"href":"https:\/\/www.diarioimagen.net\/index.php?rest_route=\/wp\/v2\/types\/post"}],"author":[{"embeddable":true,"href":"https:\/\/www.diarioimagen.net\/index.php?rest_route=\/wp\/v2\/users\/3"}],"replies":[{"embeddable":true,"href":"https:\/\/www.diarioimagen.net\/index.php?rest_route=%2Fwp%2Fv2%2Fcomments&post=509918"}],"version-history":[{"count":0,"href":"https:\/\/www.diarioimagen.net\/index.php?rest_route=\/wp\/v2\/posts\/509918\/revisions"}],"wp:featuredmedia":[{"embeddable":true,"href":"https:\/\/www.diarioimagen.net\/index.php?rest_route=\/wp\/v2\/media\/509997"}],"wp:attachment":[{"href":"https:\/\/www.diarioimagen.net\/index.php?rest_route=%2Fwp%2Fv2%2Fmedia&parent=509918"}],"wp:term":[{"taxonomy":"category","embeddable":true,"href":"https:\/\/www.diarioimagen.net\/index.php?rest_route=%2Fwp%2Fv2%2Fcategories&post=509918"},{"taxonomy":"post_tag","embeddable":true,"href":"https:\/\/www.diarioimagen.net\/index.php?rest_route=%2Fwp%2Fv2%2Ftags&post=509918"}],"curies":[{"name":"wp","href":"https:\/\/api.w.org\/{rel}","templated":true}]}}