{"id":510031,"date":"2021-06-10T00:04:41","date_gmt":"2021-06-10T05:04:41","guid":{"rendered":"https:\/\/www.diarioimagen.net\/?p=510031"},"modified":"2021-06-10T05:21:20","modified_gmt":"2021-06-10T10:21:20","slug":"el-gobierno-de-tlalnepantla-iniciara-con-el-pago-de-becas-educativas-2020-2021","status":"publish","type":"post","link":"https:\/\/www.diarioimagen.net\/?p=510031","title":{"rendered":"El gobierno de Tlalnepantla iniciar\u00e1 con el pago de becas educativas 2020-2021"},"content":{"rendered":"<p>&nbsp;<\/p>\n<ul>\n<li><strong><em>De distintos niveles escolares<\/em><\/strong><\/li>\n<\/ul>\n<p>&nbsp;<\/p>\n<div id=\"attachment_510167\" style=\"width: 470px\" class=\"wp-caption aligncenter\"><a href=\"https:\/\/www.diarioimagen.net\/?attachment_id=510167\" rel=\"attachment wp-att-510167\"><img loading=\"lazy\" decoding=\"async\" aria-describedby=\"caption-attachment-510167\" class=\"size-full wp-image-510167\" src=\"https:\/\/www.diarioimagen.net\/wp-content\/uploads\/2021\/06\/tlalenpantla-1.jpg\" alt=\"\" width=\"460\" height=\"270\" \/><\/a><p id=\"caption-attachment-510167\" class=\"wp-caption-text\">Tlalnepantla iniciar\u00e1 este jueves con el pago correspondiente al quinto bimestre del ciclo escolar 2020-2021 del programa \u201cBecas Educativas Municipales\u201d.<\/p><\/div>\n<p>&nbsp;<\/p>\n<p><strong>Tlalnepantla, Estado de M\u00e9xico<\/strong>.- El gobierno de Tlalnepantla iniciar\u00e1 este jueves 10 de junio el pago correspondiente al quinto bimestre del ciclo escolar 2020-2021 del programa \u201cBecas Educativas Municipales\u201d que beneficia a estudiantes de esta ciudad de distintos niveles escolares.<\/p>\n<p>El Instituto Municipal de Educaci\u00f3n (IMET) inform\u00f3 que los apoyos se entregar\u00e1n en el Teatro Algarab\u00eda y en el Deportivo Cri-Cri hasta el martes 22 de junio en dos horarios, de 09:00 a 11:30 horas y de 11:30 a 14:00 horas, de acuerdo con la letra que inicie el nombre de la madre, padre o tutor.<\/p>\n<p>Los pagos extempor\u00e1neos se realizar\u00e1n el mi\u00e9rcoles 23 y jueves 24 de junio de 10:00 a 14:00 horas en las oficinas del IMET ubicadas en calle Acambay n\u00famero 102, fraccionamiento La Romana. Para m\u00e1s informaci\u00f3n comunicarse al 5366-3800 ext. 5306.<\/p>\n<p>Las becas son otorgadas en cinco modalidades: Apoyo Escolar Primaria, Apoyo Escolar Secundaria, Discapacidad, Excelencia Acad\u00e9mica y Especiales. Para recibir el beneficio, deber\u00e1n presentar el INE original de la madre, padre o tutor con domicilio en el municipio, entregar una copia ampliada al 200 por ciento por ambos lados y llevar una pluma azul.<\/p>\n<p>El calendario de pagos se pueden consultar en la p\u00e1gina oficial: http:\/\/www.t lalnepantla.gob.mx\/files\/slides\/710.pdf.<\/p>\n","protected":false},"excerpt":{"rendered":"<p>El gobierno de Tlalnepantla iniciar\u00e1 este jueves 10 de junio el pago correspondiente al quinto bimestre del ciclo escolar 2020-2021 del programa \u201cBecas Educativas Municipales\u201d que beneficia a estudiantes de esta ciudad de distintos niveles escolares.<\/p>\n","protected":false},"author":3,"featured_media":510167,"comment_status":"open","ping_status":"open","sticky":false,"template":"","format":"standard","meta":{"_monsterinsights_skip_tracking":false,"_monsterinsights_sitenote_active":false,"_monsterinsights_sitenote_note":"","_monsterinsights_sitenote_category":0,"footnotes":""},"categories":[5],"tags":[93129,43675,169],"class_list":["post-510031","post","type-post","status-publish","format-standard","has-post-thumbnail","hentry","category-estado-de-mexico","tag-becas-educativas","tag-estado-de-mexico","tag-tlalnepantla"],"_links":{"self":[{"href":"https:\/\/www.diarioimagen.net\/index.php?rest_route=\/wp\/v2\/posts\/510031","targetHints":{"allow":["GET"]}}],"collection":[{"href":"https:\/\/www.diarioimagen.net\/index.php?rest_route=\/wp\/v2\/posts"}],"about":[{"href":"https:\/\/www.diarioimagen.net\/index.php?rest_route=\/wp\/v2\/types\/post"}],"author":[{"embeddable":true,"href":"https:\/\/www.diarioimagen.net\/index.php?rest_route=\/wp\/v2\/users\/3"}],"replies":[{"embeddable":true,"href":"https:\/\/www.diarioimagen.net\/index.php?rest_route=%2Fwp%2Fv2%2Fcomments&post=510031"}],"version-history":[{"count":0,"href":"https:\/\/www.diarioimagen.net\/index.php?rest_route=\/wp\/v2\/posts\/510031\/revisions"}],"wp:featuredmedia":[{"embeddable":true,"href":"https:\/\/www.diarioimagen.net\/index.php?rest_route=\/wp\/v2\/media\/510167"}],"wp:attachment":[{"href":"https:\/\/www.diarioimagen.net\/index.php?rest_route=%2Fwp%2Fv2%2Fmedia&parent=510031"}],"wp:term":[{"taxonomy":"category","embeddable":true,"href":"https:\/\/www.diarioimagen.net\/index.php?rest_route=%2Fwp%2Fv2%2Fcategories&post=510031"},{"taxonomy":"post_tag","embeddable":true,"href":"https:\/\/www.diarioimagen.net\/index.php?rest_route=%2Fwp%2Fv2%2Ftags&post=510031"}],"curies":[{"name":"wp","href":"https:\/\/api.w.org\/{rel}","templated":true}]}}