{"id":510032,"date":"2021-06-10T00:03:23","date_gmt":"2021-06-10T05:03:23","guid":{"rendered":"https:\/\/www.diarioimagen.net\/?p=510032"},"modified":"2021-06-10T05:19:58","modified_gmt":"2021-06-10T10:19:58","slug":"gano-en-edomex-la-democracia-afirma-virtual-diputado-local-david-parra-sanchez","status":"publish","type":"post","link":"https:\/\/www.diarioimagen.net\/?p=510032","title":{"rendered":"Gan\u00f3 en Edomex la democracia, afirma virtual diputado local David Parra S\u00e1nchez"},"content":{"rendered":"<p>&nbsp;<\/p>\n<ul>\n<li><strong><em>En espera de resultado oficiales<\/em><\/strong><\/li>\n<\/ul>\n<p>&nbsp;<\/p>\n<div id=\"attachment_510163\" style=\"width: 470px\" class=\"wp-caption aligncenter\"><a href=\"https:\/\/www.diarioimagen.net\/?attachment_id=510163\" rel=\"attachment wp-att-510163\"><img loading=\"lazy\" decoding=\"async\" aria-describedby=\"caption-attachment-510163\" class=\"size-full wp-image-510163\" src=\"https:\/\/www.diarioimagen.net\/wp-content\/uploads\/2021\/06\/naucalpan-6.jpg\" alt=\"\" width=\"460\" height=\"270\" \/><\/a><p id=\"caption-attachment-510163\" class=\"wp-caption-text\">Ser\u00eda en septiembre, cuando David Parra S\u00e1nchez\u00a0 tome protesta como legislador local.<\/p><\/div>\n<p>&nbsp;<\/p>\n<p><strong>Naucalpan, Estado de M\u00e9xico<\/strong>. &#8211; De acuerdo al Programa de Resultados Electorales Preliminares (PREP), y seguramente despu\u00e9s del c\u00f3mputo distrital a partir de este mi\u00e9rcoles como se\u00f1ala la legislaci\u00f3n, David Parra S\u00e1nchez, candidato a diputado local por el distrito 32, de la alianza \u201cVa por el Estado de M\u00e9xico\u201d, resultar\u00e1 triunfador de la jornada electiva del pasado domingo 6 de junio, cuando los resultados consignados en las actas, as\u00ed lo confirmen. Ser\u00e1 a partir del mes de septiembre, cuando Parra S\u00e1nchez, tome protesta como legislador local.\u00a0 \u201cAqu\u00ed los \u00fanicos vencedores fueron la democracia y los mexiquenses. Todo indica que nuestra propuesta perme\u00f3 en los Naucalpenses que confiaron y creyeron en nosotros.<\/p>\n<p>De ninguna manera les vamos a fallar. Tal y como me compromet\u00ed en mi campa\u00f1a, legislar\u00e9 y presentar\u00e9 iniciativas de Ley siempre para favorecer a las familias m\u00e1s vulnerables no s\u00f3lo del municipio, sino del estado de M\u00e9xico\u201d, dijo.<\/p>\n<p>En entrevista, David Parra, se\u00f1al\u00f3 que la alianza \u201cVa por el Estado de M\u00e9xico \u201c fue un acierto por lo que agradeci\u00f3 el compromiso, el esfuerzo y la visi\u00f3n que tuvieron los representantes de los partidos Acci\u00f3n Nacional y de la Revoluci\u00f3n Democr\u00e1tica para concretar este esfuerzo.<\/p>\n<p>\u201cPor primera vez en nuestra historia fuimos capaces de dejar a un lado nuestras diferencias y trabajar juntos por el estado de M\u00e9xico\u201d, abund\u00f3.<\/p>\n<p>Destac\u00f3 que \u201cesta no es una pelea contra la 4T, esta es una pelea que vamos a dar para sacar adelante al estado y que queremos construir a partir de ya una gran coalici\u00f3n, una gran alianza con todas las fuerzas pol\u00edticas del estado para darle lo que merece que es progreso y bienestar para las familias mexiquenses\u201d.<\/p>\n<p>El inminente diputado local, puntualiz\u00f3 que \u201cgan\u00f3 el Edomex, ganaron las y los mexiquenses que se levantaron con fuerza y participaron con alegr\u00eda; gan\u00f3 la pluralidad, gan\u00f3 la renovaci\u00f3n peri\u00f3dica de los poderes; ganamos todos los partidos pol\u00edticos sin distingo, por ser una v\u00eda de representaci\u00f3n de la gran pluralidad democr\u00e1tica en la entidad\u201d.<\/p>\n<p>Parra, reiter\u00f3 que \u201ctal y como me compromet\u00ed en campa\u00f1a, cumplir\u00e9 uno a uno con mis compromisos, no les fallar\u00e9 a los Naucalpenses. Tendr\u00e9 un acercamiento permanente con la ciudadan\u00eda\u201d, concluy\u00f3.<\/p>\n","protected":false},"excerpt":{"rendered":"<p>De acuerdo al Programa de Resultados Electorales Preliminares (PREP), y seguramente despu\u00e9s del c\u00f3mputo distrital a partir de este mi\u00e9rcoles como se\u00f1ala la legislaci\u00f3n, David Parra S\u00e1nchez, candidato a diputado local por el distrito 32, de la alianza \u201cVa por el Estado de M\u00e9xico\u201d, resultar\u00e1 triunfador de la jornada electiva del pasado domingo 6 de junio, cuando los resultados consignados en las actas, as\u00ed lo confirmen. Ser\u00e1 a partir del mes de septiembre, cuando Parra S\u00e1nchez, tome protesta como legislador local.<\/p>\n","protected":false},"author":3,"featured_media":510163,"comment_status":"open","ping_status":"open","sticky":false,"template":"","format":"standard","meta":{"_monsterinsights_skip_tracking":false,"_monsterinsights_sitenote_active":false,"_monsterinsights_sitenote_note":"","_monsterinsights_sitenote_category":0,"footnotes":""},"categories":[5],"tags":[29035,43675,970],"class_list":["post-510032","post","type-post","status-publish","format-standard","has-post-thumbnail","hentry","category-estado-de-mexico","tag-david-parra-sanchez","tag-estado-de-mexico","tag-naucalpan"],"_links":{"self":[{"href":"https:\/\/www.diarioimagen.net\/index.php?rest_route=\/wp\/v2\/posts\/510032","targetHints":{"allow":["GET"]}}],"collection":[{"href":"https:\/\/www.diarioimagen.net\/index.php?rest_route=\/wp\/v2\/posts"}],"about":[{"href":"https:\/\/www.diarioimagen.net\/index.php?rest_route=\/wp\/v2\/types\/post"}],"author":[{"embeddable":true,"href":"https:\/\/www.diarioimagen.net\/index.php?rest_route=\/wp\/v2\/users\/3"}],"replies":[{"embeddable":true,"href":"https:\/\/www.diarioimagen.net\/index.php?rest_route=%2Fwp%2Fv2%2Fcomments&post=510032"}],"version-history":[{"count":0,"href":"https:\/\/www.diarioimagen.net\/index.php?rest_route=\/wp\/v2\/posts\/510032\/revisions"}],"wp:featuredmedia":[{"embeddable":true,"href":"https:\/\/www.diarioimagen.net\/index.php?rest_route=\/wp\/v2\/media\/510163"}],"wp:attachment":[{"href":"https:\/\/www.diarioimagen.net\/index.php?rest_route=%2Fwp%2Fv2%2Fmedia&parent=510032"}],"wp:term":[{"taxonomy":"category","embeddable":true,"href":"https:\/\/www.diarioimagen.net\/index.php?rest_route=%2Fwp%2Fv2%2Fcategories&post=510032"},{"taxonomy":"post_tag","embeddable":true,"href":"https:\/\/www.diarioimagen.net\/index.php?rest_route=%2Fwp%2Fv2%2Ftags&post=510032"}],"curies":[{"name":"wp","href":"https:\/\/api.w.org\/{rel}","templated":true}]}}