{"id":510208,"date":"2021-06-11T00:01:19","date_gmt":"2021-06-11T05:01:19","guid":{"rendered":"https:\/\/www.diarioimagen.net\/?p=510208"},"modified":"2021-06-11T08:38:56","modified_gmt":"2021-06-11T13:38:56","slug":"panama-muestra-a-mexico-sus-atractivos-y-bondades-para-congresos-y-ocio","status":"publish","type":"post","link":"https:\/\/www.diarioimagen.net\/?p=510208","title":{"rendered":"Panam\u00e1 muestra a M\u00e9xico sus atractivos y bondades para congresos y ocio"},"content":{"rendered":"<h2>De cinco estrellas<\/h2>\n<h5>Victoria Gonz\u00e1lez Prado<\/h5>\n<p>&nbsp;<\/p>\n<ul>\n<li><em><strong>Se despide de M\u00e9xico Felipe Bonifatti para ocupar la direcci\u00f3n general de Grupo Lufthansa en Sudam\u00e9rica<\/strong><\/em><\/li>\n<\/ul>\n<p>&nbsp;<\/p>\n<div id=\"attachment_510305\" style=\"width: 310px\" class=\"wp-caption alignleft\"><a href=\"https:\/\/www.diarioimagen.net\/?attachment_id=510305\" rel=\"attachment wp-att-510305\"><img loading=\"lazy\" decoding=\"async\" aria-describedby=\"caption-attachment-510305\" class=\" wp-image-510305\" src=\"https:\/\/www.diarioimagen.net\/wp-content\/uploads\/2021\/06\/turismo-4.jpg\" alt=\"\" width=\"300\" height=\"397\" \/><\/a><p id=\"caption-attachment-510305\" class=\"wp-caption-text\">Iv\u00e1n Eskilosen y Fernando Fondevila.<\/p><\/div>\n<p><strong>Iv\u00e1n Eskilosen<\/strong> y <strong>Fernando Fondevila<\/strong>, ministro de turismo y director de Promtur, ambos de Panam\u00e1, orfrecieron conferencia virtual para dar a conocer la diversidad de atractivos que ofrece ese pa\u00eds, las medidas de bio y la calidez de los paname\u00f1os.<\/p>\n<p>La conferencia virtual, se realiz\u00f3 el martes 1 de junio y anunciaron que los siguientes d\u00edas \u2013mi\u00e9rcoles 2 y jueves 3\u2013 habr\u00eda reuniomes de negocios dirigidas a los agentes de viajes y operadoras tur\u00edsticas mexicanas con la intenci\u00f3n de promover ese pa\u00eds y dar a conocer los nuevos productos y bondades que ofrecen en la \u201cnueva normalidad\u201d.<\/p>\n<p>Fue imposible anunciarlo. Eventos de esa relevancia se notifican con tiempo para que los agentes de viajes lo tengan presente y anotado en sus agendas. Sin embargo, la conferencia para los medios informativos result\u00f3 muy interesante y enriquecedora.<\/p>\n<p>Ambos funcionarios se refirieron a la misi\u00f3n de contribuir a mejorar la calidad de vida de los paname\u00f1os que destacan por su hospitalidad.<\/p>\n<p>Asimismo hablaron del <em>Panama Convention Center<\/em> con capacidad para 25 mil personas y abre sus puertas para reposicionarse como destino MICE. \u201cYa eramos competitivos, ahora lo seremos m\u00e1s, en esta nueva normalidad\u201d, asegur\u00f3 el ministro de turismo y agreg\u00f3, <strong>\u201c<\/strong>se podr\u00e1n realizar congresos, reuniones y eventos diversos\u201d.<\/p>\n<p>\u201cContamos con programas de incentivos que podemos organizar junto con empresas con la intenci\u00f3n de captar m\u00e1s eventos. Para los pr\u00f3ximos dos a\u00f1os\u00a0 \u2013desde febrero\u2013 hemos captado 2 millones de c\u00f3lares para eventos que se llevaran a cabo en Panam\u00e1\u201d.<\/p>\n<p>Tambi\u00e8n, cuentan con suficiente infraestructura hotelera, conectividad a\u00e9rea \u201389 ciudades conectan con Panam\u00e1\u2013 de forma directa.<\/p>\n<p>Para quienes despu\u00e9s de la reuni\u00f3n o convenci\u00f3n desean conocer o \u201creconocer\u201d la ciudad de Panam\u00e1 que brinda variedad de atractivos como Boca del Toro, playas caribe\u00f1as de aguas turquesas, parques nacionales, ecosistemas de enorme riqueza, cultura afrocaribe\u00f1a, arquitectura, gastronom\u00eda, sitios paradisiacos, siete \u00e1reas protegidas y museos.<\/p>\n<p>Para mayor disfrute de los visitantes crearon tres rutas: Patrimonio Cultural: con la historia del pa\u00eds, el Casco Antiguo (Patrimonio Cultural de la Humanidad por la Unesco); el famoso Canal de Panam\u00e1 y el primer ferrocarril interoce\u00e1nico. Sin olvidar los circuitos culturales que muestran la diversidad multicultural de Panam\u00e1 y ofrecen experiencias a trav\u00e9s de las tres culturas principales, los siete grupos ind\u00edgenas, herencia afrocaribe\u00f1a, incluida la cultura del Congo (Patrimonio Inmaterial de la Unesco) y su colorida cultura colonial espa\u00f1ola. La diversidad cultural tambi\u00e9n se experimenta en su gastronom\u00eda reconocida como \u201cCiudad creativa en gastronom\u00eda\u201d por la Unesco.<\/p>\n<p>Otra ruta es la del Patrimonio Verde<strong>:<\/strong> desde que se form\u00f3 el Istmo de Panam\u00e1 hace tres millones de a\u00f1os, se produjo gran intercambio de especies entre Am\u00e9rica del Norte y del Sur. El pa\u00eds brinda biodiversidad extraordinaria. Estas rutas llevan al visitante a Parques Nacionales, \u00e1reas protegidas y reservas privadas en la selva neotropical.<\/p>\n<p>Cabe recordar que un tercio Panam\u00e1 est\u00e1 protegido, incluyendo experiencias a trav\u00e9s de los centros de visitantes del Instituto <em>Smithsonian <\/em>de Investigaciones Tropicales, como el Monumento Natural Barro Colorado en la cuenca del Canal considerado el bosque tropical m\u00e1s estudiado del mundo.<\/p>\n<p>Patrimonio Azul es la tercera ruta<strong>:<\/strong> hace tres millones de a\u00f1os, con la creaci\u00f3n del puente terrestre del Istmo de Panam\u00e1, los oc\u00e9anos Caribe y Pac\u00edfico se separaron, convirti\u00e9ndose en dos oc\u00e9anos diferentes en t\u00e9rminos de mareas, clima y fauna marina. Los diversos ecosistemas en esta ruta incluyen el avistamiento de ballenas en los alrededores del Parque Nacional Coiba (Patrimonio Natural de la Humanidad por la Unesco), los proyectos de conservaci\u00f3n de tortugas en el Oc\u00e9ano Pac\u00edfico, exploraci\u00f3n de las aguas turquesas caribe\u00f1as de Bocas del Toro, reconocido como <em>\u201cHope Spot\u201d<\/em> por <em>Mission Blue<\/em>, iniciativa dirigida por la doctora <strong>Sylvia Earle<\/strong>, exploradora de <em>National Geographic<\/em>.<\/p>\n<p>De igual forma, se habl\u00f3 del Plan Maestro de Turismo Sostenible 2020-2025 para invertir en naturaleza y cultura. En \u00e9l, se destaca a\u00a0Panam\u00e1\u00a0como destino tur\u00edstico bajo las premisas: sostenibilidad aliada a la autenticidad de sus activos y atracciones. Enfocado en la reactivaci\u00f3n progresiva de la industria tur\u00edstica en el pa\u00eds, despu\u00e9s de la pandemia, plan quinquenal que representa inversi\u00f3n estimada de m\u00e1s de 60 millones de pesos mexicanos que incluye las contribuciones hechas a trav\u00e9s del Fondo de Promoci\u00f3n Tur\u00edstica (Promtur), y financiadas con pr\u00e9stamo aprobado por el Banco Interamericano de Desarrollo.<\/p>\n<p>Al respecto, el ministro de turismo se\u00f1al\u00f3: \u201cel Plan Maestro es una estrategia de diferenciaci\u00f3n, a trav\u00e9s de la innovaci\u00f3n y la sostenibilidad, que destaca el patrimonio natural y cultural de Panam\u00e1. Nuestros activos ofrecen un valor seguro en el incierto entorno global actual, que se espera sea muy competitivo y al que respondamos con la fuerza de su autenticidad\u201d.<\/p>\n<p>El plan reactiva la estrategia de Turismo, Conservaci\u00f3n e Investigaci\u00f3n de Panam\u00e1, implementada hace m\u00e1s de 20 a\u00f1os con el objetivo es destacar los esfuerzos de conservaci\u00f3n y sostenibilidad del pa\u00eds, junto con su naturaleza \u00fanica, cultura y ofertas hist\u00f3ricas.<\/p>\n<p>Incluye tambi\u00e9n, componente importante del turismo comunitario con el objetivo de mejorar el desarrollo de los 300 municipios con mayor vulnerabilidad socioecon\u00f3mica del pa\u00eds. Algunas de estas comunidades tienen rico patrimonio natural y cultural se componen principalmente de grupos ind\u00edgenas que ofrecen a los viajeros la interacci\u00f3n con culturas aut\u00e9nticas y vivientes rodeadas de ecosistemas dentro de las Rutas Patrimoniales.<\/p>\n<p>De las iniciativas bajo el\u00a0Plan Maestro es el proyecto \u2018Mil kil\u00f3metros de Senderos,\u2019 que se desarrollar\u00e1 progresivamente en todo el pa\u00eds con la intenci\u00f3n de rehabilitar senderos en zonas geogr\u00e1ficas terrestres y acu\u00e1ticas. Conservar la naturaleza y diversificar las econom\u00edas rurales a trav\u00e9s del desarrollo de la industria tur\u00edstica verde y \u00e1reas protegidas. En Panam\u00e1 hay 125 unidades de conservaci\u00f3n, 30 por ciento de tierra y 10 por ciento costeras.<\/p>\n<p>Recordaron que para entrar hoy a Panam\u00e1 se requiere prueba negativa Covid-19. Los viajeros que lleguen o transitan desde Sudam\u00e9rica en los \u00faltimos 15 d\u00edas deber\u00e1n realizar prueba adicional, con costo, antes de la aduana.<\/p>\n<p>Por otra parte, los visitantes pueden sentirse seguros en Panam\u00e1 pues cuentan con protocolos de biseguridad, que por cierto, comentaron \u201cllegaron para quedarse\u201d.<\/p>\n<p>Para concluir <strong>Iv\u00e1n Eskilosen <\/strong>asegur\u00f3: \u201cla actividad humana resalta la empat\u00eda. Hoy tenemos la oportunidad de disfrutar y transformarnos. Conocer pueblos aut\u00e9nticos y diversidad. Panam\u00e1 los espera con los brazos abiertos\u201d.<\/p>\n<p>Asimismo, <strong>Fernando Fondevila<\/strong>, agreg\u00f3 \u201cla virtualidad nos pone en contacto\u00a0 y as\u00ed reunidos trabajamos de la mano sector p\u00fablico y privado para mostrar los atractivos para negocios y ocio que brinda nuestro pa\u00eds\u201d.<\/p>\n<p>\u2730\u2730\u2730\u2730\u2730 <strong>Felipe Bonifatti<\/strong>, ha sido nombrado director general para Am\u00e9rica del Sur y el Caribe para grupo Lufthansa, por lo que se despide de M\u00e9xico donde ocup\u00f3\u00a0 la direcci\u00f3n para M\u00e9xico y Centroam\u00e9rica.<\/p>\n<p><strong>Frank Naeve<\/strong>, vicepresidente de Ventas para Am\u00e9rica de <em>Lufthansa Group<\/em> \u00a0indic\u00f3: \u201cFelipe Bonifatti ha sido un exitoso impulsor de las ventas en Am\u00e9rica durante m\u00e1s de 10 a\u00f1os y un l\u00edder experimentado con casi tres d\u00e9cadas de experiencia en numerosos continentes. Su mezcla de perspicacia comercial, profundo compromiso con los mercados y su esp\u00edritu global beneficiar\u00e1 a nuestros clientes en este continente tan din\u00e1mico\u201d,.<\/p>\n<p>En breve ser\u00e1 nombrado al nuevo gerente para M\u00e9xico y Centroam\u00e9rica, ya que Bonifatti deja Ciudad de M\u00e9xico parainstalarse en Sao Paulo, Brasil, sede del grupo en Sudam\u00e9rica.<\/p>\n<p>&nbsp;<\/p>\n<blockquote>\n<p style=\"text-align: right;\">\u201c<strong>El<\/strong> <strong>\u00e1ngel de la fama tiene sus alas hechas de papel&#8230; peri\u00f3dico\u201d.<br \/>\n<\/strong><\/p>\n<\/blockquote>\n<p>&nbsp;<\/p>\n<p><em><span class=\"Apple-converted-space\"><a href=\"mailto:victoriagprado@gmail.com\" target=\"_blank\" rel=\"noopener noreferrer\">victoriagprado@gmail.com<\/a><br \/>\nTwitter: <a href=\"https:\/\/twitter.com\/victoriagprado\" target=\"_blank\" rel=\"noopener noreferrer\">@victoriagprado<\/a><\/span><\/em><\/p>\n","protected":false},"excerpt":{"rendered":"<p><strong>Iv\u00e1n Eskilosen<\/strong> y <strong>Fernando Fondevila<\/strong>, ministro de turismo y director de Promtur, ambos de Panam\u00e1, orfrecieron conferencia virtual para dar a conocer la diversidad de atractivos que ofrece ese pa\u00eds, las medidas de bio y la calidez de los paname\u00f1os.<\/p>\n","protected":false},"author":3,"featured_media":510307,"comment_status":"open","ping_status":"open","sticky":false,"template":"","format":"standard","meta":{"_monsterinsights_skip_tracking":false,"_monsterinsights_sitenote_active":false,"_monsterinsights_sitenote_note":"","_monsterinsights_sitenote_category":0,"footnotes":""},"categories":[11],"tags":[107,43674,43681,106],"class_list":["post-510208","post","type-post","status-publish","format-standard","has-post-thumbnail","hentry","category-turismo","tag-de-cinco-estrellas","tag-opinion","tag-turismo","tag-victoria-gonzalez-prado"],"_links":{"self":[{"href":"https:\/\/www.diarioimagen.net\/index.php?rest_route=\/wp\/v2\/posts\/510208","targetHints":{"allow":["GET"]}}],"collection":[{"href":"https:\/\/www.diarioimagen.net\/index.php?rest_route=\/wp\/v2\/posts"}],"about":[{"href":"https:\/\/www.diarioimagen.net\/index.php?rest_route=\/wp\/v2\/types\/post"}],"author":[{"embeddable":true,"href":"https:\/\/www.diarioimagen.net\/index.php?rest_route=\/wp\/v2\/users\/3"}],"replies":[{"embeddable":true,"href":"https:\/\/www.diarioimagen.net\/index.php?rest_route=%2Fwp%2Fv2%2Fcomments&post=510208"}],"version-history":[{"count":0,"href":"https:\/\/www.diarioimagen.net\/index.php?rest_route=\/wp\/v2\/posts\/510208\/revisions"}],"wp:featuredmedia":[{"embeddable":true,"href":"https:\/\/www.diarioimagen.net\/index.php?rest_route=\/wp\/v2\/media\/510307"}],"wp:attachment":[{"href":"https:\/\/www.diarioimagen.net\/index.php?rest_route=%2Fwp%2Fv2%2Fmedia&parent=510208"}],"wp:term":[{"taxonomy":"category","embeddable":true,"href":"https:\/\/www.diarioimagen.net\/index.php?rest_route=%2Fwp%2Fv2%2Fcategories&post=510208"},{"taxonomy":"post_tag","embeddable":true,"href":"https:\/\/www.diarioimagen.net\/index.php?rest_route=%2Fwp%2Fv2%2Ftags&post=510208"}],"curies":[{"name":"wp","href":"https:\/\/api.w.org\/{rel}","templated":true}]}}