{"id":510210,"date":"2021-06-11T00:04:22","date_gmt":"2021-06-11T05:04:22","guid":{"rendered":"https:\/\/www.diarioimagen.net\/?p=510210"},"modified":"2021-06-11T09:18:11","modified_gmt":"2021-06-11T14:18:11","slug":"ante-recorte-de-agua-potable-desde-este-viernes-huixquilucan-apoyara-a-la-poblacion","status":"publish","type":"post","link":"https:\/\/www.diarioimagen.net\/?p=510210","title":{"rendered":"Ante recorte de agua potable, desde este viernes, Huixquilucan apoyar\u00e1 a la poblaci\u00f3n"},"content":{"rendered":"<p>&nbsp;<\/p>\n<ul>\n<li><strong><em>Servicio gratuito de pipas a quien lo solicite<\/em><\/strong><\/li>\n<\/ul>\n<p>&nbsp;<\/p>\n<div id=\"attachment_510330\" style=\"width: 470px\" class=\"wp-caption aligncenter\"><a href=\"https:\/\/www.diarioimagen.net\/?attachment_id=510330\" rel=\"attachment wp-att-510330\"><img loading=\"lazy\" decoding=\"async\" aria-describedby=\"caption-attachment-510330\" class=\"size-full wp-image-510330\" src=\"https:\/\/www.diarioimagen.net\/wp-content\/uploads\/2021\/06\/HUIXQUILUCAN.jpg\" alt=\"\" width=\"460\" height=\"270\" \/><\/a><p id=\"caption-attachment-510330\" class=\"wp-caption-text\">El gobierno municipal a trav\u00e9s del Sistema Aguas de Huixquilucan apoyar\u00e1 con pipas de manera gratuita a quien lo solicite, ante recorte de agua.<\/p><\/div>\n<p>&nbsp;<\/p>\n<p><strong>Huixquilucan, Estado de M\u00e9xico<\/strong>.- Luego del anuncio de la Conagua sobre la reducci\u00f3n en el suministro de agua potable en algunos municipios mexiquenses, el gobierno municipal a trav\u00e9s del Sistema Aguas de Huixquilucan (SAH) apoyar\u00e1 con pipas de manera gratuita a quien lo solicite.<\/p>\n<p>Pese a que las afectaciones por la reducci\u00f3n del caudal ser\u00e1 por s\u00f3lo 36 horas, de acuerdo con la instancia Federal, el SAH, buscar\u00e1 que las y los huixquiluquenses tengan en todo momento agua potable para cubrir sus necesidades b\u00e1sicas.<\/p>\n<p>Por ello, se exhorta a la poblaci\u00f3n a evitar desperdiciar el vital l\u00edquido en las actividades habituales como el lavado de manos, dientes, trastes y autos, as\u00ed como al ducharse.<\/p>\n<p>Previendo los recortes en el Sistema Cutzamala, tambi\u00e9n se invita a la ciudadan\u00eda a guardar l\u00edquido para solventar sus necesidades.<\/p>\n<p>Cabe recordar que actualmente, Huixquilucan ha disminuido considerablemente la dependencia del sistema Cutzamala, ya que se cuenta con 9 pozos activos que abastecen.<\/p>\n","protected":false},"excerpt":{"rendered":"<p>Luego del anuncio de la Conagua sobre la reducci\u00f3n en el suministro de agua potable en algunos municipios mexiquenses, el gobierno municipal a trav\u00e9s del Sistema Aguas de Huixquilucan (SAH) apoyar\u00e1 con pipas de manera gratuita a quien lo solicite.<\/p>\n","protected":false},"author":3,"featured_media":510330,"comment_status":"open","ping_status":"open","sticky":false,"template":"","format":"standard","meta":{"_monsterinsights_skip_tracking":false,"_monsterinsights_sitenote_active":false,"_monsterinsights_sitenote_note":"","_monsterinsights_sitenote_category":0,"footnotes":""},"categories":[5],"tags":[2701,43675,1097,7017,25372,93138],"class_list":["post-510210","post","type-post","status-publish","format-standard","has-post-thumbnail","hentry","category-estado-de-mexico","tag-apoyo","tag-estado-de-mexico","tag-huixquilucan","tag-poblacion","tag-recorte","tag-sistema-aguas-de-huixquilucan"],"_links":{"self":[{"href":"https:\/\/www.diarioimagen.net\/index.php?rest_route=\/wp\/v2\/posts\/510210","targetHints":{"allow":["GET"]}}],"collection":[{"href":"https:\/\/www.diarioimagen.net\/index.php?rest_route=\/wp\/v2\/posts"}],"about":[{"href":"https:\/\/www.diarioimagen.net\/index.php?rest_route=\/wp\/v2\/types\/post"}],"author":[{"embeddable":true,"href":"https:\/\/www.diarioimagen.net\/index.php?rest_route=\/wp\/v2\/users\/3"}],"replies":[{"embeddable":true,"href":"https:\/\/www.diarioimagen.net\/index.php?rest_route=%2Fwp%2Fv2%2Fcomments&post=510210"}],"version-history":[{"count":0,"href":"https:\/\/www.diarioimagen.net\/index.php?rest_route=\/wp\/v2\/posts\/510210\/revisions"}],"wp:featuredmedia":[{"embeddable":true,"href":"https:\/\/www.diarioimagen.net\/index.php?rest_route=\/wp\/v2\/media\/510330"}],"wp:attachment":[{"href":"https:\/\/www.diarioimagen.net\/index.php?rest_route=%2Fwp%2Fv2%2Fmedia&parent=510210"}],"wp:term":[{"taxonomy":"category","embeddable":true,"href":"https:\/\/www.diarioimagen.net\/index.php?rest_route=%2Fwp%2Fv2%2Fcategories&post=510210"},{"taxonomy":"post_tag","embeddable":true,"href":"https:\/\/www.diarioimagen.net\/index.php?rest_route=%2Fwp%2Fv2%2Ftags&post=510210"}],"curies":[{"name":"wp","href":"https:\/\/api.w.org\/{rel}","templated":true}]}}