{"id":510216,"date":"2021-06-11T00:01:38","date_gmt":"2021-06-11T05:01:38","guid":{"rendered":"https:\/\/www.diarioimagen.net\/?p=510216"},"modified":"2021-06-11T09:24:10","modified_gmt":"2021-06-11T14:24:10","slug":"acreditan-a-david-parra-como-diputado-electo-en-el-distrito-32-del-edomex","status":"publish","type":"post","link":"https:\/\/www.diarioimagen.net\/?p=510216","title":{"rendered":"Acreditan a David Parra como diputado electo en el Distrito 32 del Edomex"},"content":{"rendered":"<p><strong>\u00a0<\/strong><\/p>\n<p><a href=\"https:\/\/www.diarioimagen.net\/?attachment_id=510339\" rel=\"attachment wp-att-510339\"><img loading=\"lazy\" decoding=\"async\" class=\"aligncenter size-full wp-image-510339\" src=\"https:\/\/www.diarioimagen.net\/wp-content\/uploads\/2021\/06\/NAUCALPANDavid.jpg\" alt=\"\" width=\"460\" height=\"270\" \/><\/a><\/p>\n<p>&nbsp;<\/p>\n<p><strong>Naucalpan, Estado de M\u00e9xico.- <\/strong>David Parra S\u00e1nchez, diputado electo de la coalici\u00f3n \u201cVa por el Edomex\u201d en el Distrito local 32, recibi\u00f3 la constancia de mayor\u00eda que lo acredita como triunfador de la jornada electiva del pasado domingo 6 de junio.<\/p>\n<p>Los resultados electorales as\u00ed lo sustentaron, por lo que las autoridades del Instituto Electoral del Estado de M\u00e9xico, a trav\u00e9s del presidente del Consejo Distrital, Jorge Mart\u00ednez entreg\u00f3 el documento, luego del c\u00f3mputo distrital que inici\u00f3 a las 8:00 y concluy\u00f3 pr\u00e1cticamente con este importante acto, que se extendi\u00f3 m\u00e1s de 12 horas.<\/p>\n","protected":false},"excerpt":{"rendered":"<p>David Parra S\u00e1nchez, diputado electo de la coalici\u00f3n \u201cVa por el Edomex\u201d en el Distrito local 32, recibi\u00f3 la constancia de mayor\u00eda que lo acredita como triunfador de la jornada electiva del pasado domingo 6 de junio.<\/p>\n","protected":false},"author":3,"featured_media":510339,"comment_status":"open","ping_status":"open","sticky":false,"template":"","format":"standard","meta":{"_monsterinsights_skip_tracking":false,"_monsterinsights_sitenote_active":false,"_monsterinsights_sitenote_note":"","_monsterinsights_sitenote_category":0,"footnotes":""},"categories":[5],"tags":[93140,68,43675,970],"class_list":["post-510216","post","type-post","status-publish","format-standard","has-post-thumbnail","hentry","category-estado-de-mexico","tag-distrito-32","tag-edomex","tag-estado-de-mexico","tag-naucalpan"],"_links":{"self":[{"href":"https:\/\/www.diarioimagen.net\/index.php?rest_route=\/wp\/v2\/posts\/510216","targetHints":{"allow":["GET"]}}],"collection":[{"href":"https:\/\/www.diarioimagen.net\/index.php?rest_route=\/wp\/v2\/posts"}],"about":[{"href":"https:\/\/www.diarioimagen.net\/index.php?rest_route=\/wp\/v2\/types\/post"}],"author":[{"embeddable":true,"href":"https:\/\/www.diarioimagen.net\/index.php?rest_route=\/wp\/v2\/users\/3"}],"replies":[{"embeddable":true,"href":"https:\/\/www.diarioimagen.net\/index.php?rest_route=%2Fwp%2Fv2%2Fcomments&post=510216"}],"version-history":[{"count":0,"href":"https:\/\/www.diarioimagen.net\/index.php?rest_route=\/wp\/v2\/posts\/510216\/revisions"}],"wp:featuredmedia":[{"embeddable":true,"href":"https:\/\/www.diarioimagen.net\/index.php?rest_route=\/wp\/v2\/media\/510339"}],"wp:attachment":[{"href":"https:\/\/www.diarioimagen.net\/index.php?rest_route=%2Fwp%2Fv2%2Fmedia&parent=510216"}],"wp:term":[{"taxonomy":"category","embeddable":true,"href":"https:\/\/www.diarioimagen.net\/index.php?rest_route=%2Fwp%2Fv2%2Fcategories&post=510216"},{"taxonomy":"post_tag","embeddable":true,"href":"https:\/\/www.diarioimagen.net\/index.php?rest_route=%2Fwp%2Fv2%2Ftags&post=510216"}],"curies":[{"name":"wp","href":"https:\/\/api.w.org\/{rel}","templated":true}]}}