{"id":510223,"date":"2021-06-11T00:02:46","date_gmt":"2021-06-11T05:02:46","guid":{"rendered":"https:\/\/www.diarioimagen.net\/?p=510223"},"modified":"2021-06-11T03:38:59","modified_gmt":"2021-06-11T08:38:59","slug":"kamala-harris-pone-en-su-lugar-a-lopez-obrador-y-a-giammattei","status":"publish","type":"post","link":"https:\/\/www.diarioimagen.net\/?p=510223","title":{"rendered":"Kamala Harris pone en su lugar a L\u00f3pez Obrador y a Giammattei"},"content":{"rendered":"<h2>La Retaguardia<\/h2>\n<h5>Adriana Moreno Cordero<\/h5>\n<p><em>\u00a0<\/em><\/p>\n<ul>\n<li><strong><em>Olga S\u00e1nchez Cordero no controla ni los conflictos internos en Segob<\/em><\/strong><\/li>\n<\/ul>\n<p>&nbsp;<\/p>\n<p>La semana cierra y varios temas dejaron sus secuelas tras de s\u00ed, como las elecciones del pasado 6 de junio y la visita de la vicepresidenta de Estados Unidos, <strong>Kamala Harris<\/strong>, con todos los errores que tuvo por cierto, el presidente <strong>Andr\u00e9s Manuel L\u00f3pez Obrador<\/strong> al recibirla en Palacio Nacional, como eso de cambiarle el nombre a una de las mujeres m\u00e1s poderosas del mundo por \u201cKabala\u201d; su aspecto personal que realmente dio pena ajena; las banderas de Estados Unidos colocadas al rev\u00e9s en Palacio Nacional y todo eso, -se comenta-, lo hizo el tabasque\u00f1o para llamar la atenci\u00f3n de los medios, para que fuera mencionado o bien y como \u00e9l mismo lo dice, porque ya est\u00e1 \u201cchocheando\u201d. Puede que las dos cosas sean muy probables.<\/p>\n<p>Desde luego, la visita de la presidenta norteamericana fue muy breve, casi, casi y como dice un conocido refr\u00e1n, \u201cde doctor\u201d, aunque L\u00f3pez Obrador se dio tiempo para recordarle a la se\u00f1ora Harris su pedimento, -que m\u00e1s bien parece exigencia-, de que el gobierno de Washington deje de financiar a organizaciones civiles tan \u201cneoliberales y conservadoras\u201d como Mexicanos contra la Corrupci\u00f3n.<\/p>\n<p>Ante esto \u00faltimo, y en una entrevista exclusiva concedida a la agencia EFE, la vicepresidenta estadunidense, confi\u00f3 que durante sus reuniones con el presidente de Guatemala, <strong>Alejandro Giammattei<\/strong>, y de M\u00e9xico, les pidi\u00f3 que de plano no obstaculicen en trabajo que vienen realizando dichas Organizaciones No Gubernamentales e igualmente, a la prensa.<\/p>\n<p>De seguro, la vicepresidenta Harris se enter\u00f3 de que, por lo menos en el caso de nuestro pa\u00eds, no hay d\u00eda en que en su gustad\u00edsimo \u201cstand-up\u201d ma\u00f1anero, el inquilino de Palacio Nacional no arremeta en contra de los representantes de los medios porque simplemente, no siguen su \u201cl\u00ednea\u201d. La mayor\u00eda de las ocasiones, el tabasque\u00f1o ataca sin fundamento ni prueba alguna y en el caso del tema electoral, lo hace porque si bien su partido, Morena, consigui\u00f3 buenos triunfos y gubernaturas nada despreciables, los golpes tanto en la Ciudad de M\u00e9xico como en el Estado de M\u00e9xico, fueron contundentes y de ninguna manera y como el tabasque\u00f1o lo asegura, se trat\u00f3 de campa\u00f1as medi\u00e1ticas en contra de los miembros de su inc\u00f3lume y llamada cuarta transformaci\u00f3n, al contrario, sus errores y omisiones hablaron por s\u00ed solos.<\/p>\n<p>Y ahora el rev\u00e9s tambi\u00e9n provino del poderoso pa\u00eds del norte. Primero, cuando el presidente <strong>Joe Biden<\/strong>, le brind\u00f3 una buena muestra de que no est\u00e1 dispuesto a considerar las exigencias de L\u00f3pez Obrador. Ya en su calidad de presidente, Biden no visit\u00f3 M\u00e9xico, sino prefiri\u00f3 voltear a Europa y env\u00edar a la vicepresidenta, Kamala Harris.<\/p>\n<p>As\u00ed como para ponerle punto final a las ocurrencias de L\u00f3pez Obrador y de pasada al presidente Giammattei, en la referida entrevista, Harris se dijo \u201cpreocupada por la corrupci\u00f3n y la impunidad\u201d en ambas naciones, as\u00ed como para reiterarles a los dos mandatarios que dejen de estar molestando. \u00a1Qu\u00e9 tal!<\/p>\n<p>\u00bfY qu\u00e9 va a decir al respecto L\u00f3pez Obrador?, \u00bfse dedicar\u00e1 -como es su costumbre-, a polarizar ahora contra el gobierno de Estados Unidos?, pues eso no le conviene.<\/p>\n<p>En cuanto al segundo tema, los comicios del 6 de junio, ayer sali\u00f3 a hablar la flamante secretaria de Gobernaci\u00f3n, Olga S\u00e1nchez Cordero para evaluar los comicios del pasado domingo y se\u00f1al\u00f3 :\u201dLa jornada electoral fue muy buena y el INE hizo muy bien su trabajo la jornada se llev\u00f3 a cabo en un ambiente de paz y tranquilidad y ah\u00ed est\u00e1n los resultados. La gente muy contenta de haber emitido su voto\u2026 Estuvimos (el domingo), en el Centro de Mando todo el d\u00eda y parte de la noche monitoreando permanentemente\u201d.<\/p>\n<p>Bueno a lo mejor en el INE y toda la ciudadan\u00eda estaba muy preocupada por la opini\u00f3n de la secretaria de Gobernaci\u00f3n, pues siempre es taaan contundente y certera. El problema es que si no puede controlar ni los conflictos internos que se han dado en su dependencia, \u00bfqu\u00e9 nos podemos esperar los dem\u00e1s, el pa\u00eds entero? Y hasta enojada, la responsable de la pol\u00edtica interior neg\u00f3 que la inseguridad en el pa\u00eds est\u00e9 desbordada. No, pues de seguro ella tiene todo bajo control. S\u00ed, c\u00f3mo no.<\/p>\n<p style=\"text-align: center;\"><strong>Municiones<\/strong><\/p>\n<p>*** La Segunda Comisi\u00f3n de Trabajo, que preside la senadora <strong>Claudia Ruiz Massieu Salinas<\/strong>, acord\u00f3 solicitar, a trav\u00e9s de la Mesa Directiva de la Permanente, la documentaci\u00f3n e informaci\u00f3n relativa al memor\u00e1ndum de entendimiento suscrito entre el gobierno de M\u00e9xico y el de Estados Unidos.\u00a0En la reuni\u00f3n, que se llev\u00f3 a cabo a distancia, la senadora Beatriz Paredes Rangel, del PRI, plante\u00f3 la necesidad de solicitar formalmente a la Canciller\u00eda, en el marco de colaboraci\u00f3n entre Poderes, los documentos de los acuerdos que se lograron en la reuni\u00f3n entre el presidente de la Rep\u00fablica, Andr\u00e9s Manuel L\u00f3pez Obrador, y la vicepresidenta de los Estados Unidos, Kamala Harris.\u00a0A esta petici\u00f3n se sum\u00f3 la diputada <strong>Mar\u00eda del Carmen Almeida Navarro<\/strong>, de Morena; sin embargo, pidi\u00f3 que, tras el an\u00e1lisis, se haga un pronunciamiento de la Comisi\u00f3n para evitar que esta informaci\u00f3n se utilice para incidir en la etapa postelectoral.<\/p>\n<p>*** Ayer se realiz\u00f3 la marcha para recordar los 50 a\u00f1os del llamado \u201chalconazo\u201d. Los contingentes partieron de la Escuela Normal Superior con rumbo al Z\u00f3calo de la CDMX.<\/p>\n<p>*** Muy sonada la reuni\u00f3n que sostuvo L\u00f3pez Obrador con el Consejo Mexicano de Negocios, que encabeza <strong>Antonio del Valle<\/strong>. El tabasque\u00f1o dijo que todo se desenvolvi\u00f3 en armon\u00eda (le falt\u00f3 decir cordialidad), \u201cle agradezco a los empresarios del pa\u00eds que est\u00e1n ayudando para que salgamos adelante juntos. Qu\u00e9 M\u00e9xico siga siendo la vanguardia en el desarrollo mundial\u201d. Entre otros hombres y mujeres de negocios estuvieron: <strong>Juan Gallardo, Joaqu\u00edn Vargas, Carlos Gonz\u00e1lez, Valent\u00edn Diez Morodo, Carlos Slim Domit, Blanca Trevi\u00f1o, Alejandro Ram\u00edrez, Eugenio Madero<\/strong> y <strong>Laura Diez Barroso,<\/strong> entre otros. A nombre de los empresarios, Antonio del Valle dijo que fue una reuni\u00f3n positiva con conversaci\u00f3n abierta y franca. Los empresarios le manifestaron sus dudas sobre la realidad econ\u00f3mica del pa\u00eds y el tabasque\u00f1o se supone que las respondi\u00f3 todas y dio certidumbre. Del Valle fue contundente al se\u00f1alar que \u201cno le pedimos nada (al Presidente), lo \u00fanico que pedimos es que nos dejen trabajar, invertir para crear empleos\u2026 Lo que necesitamos es esa tranquilidad de que nos dejen hacer las cosas y eso nos da una econom\u00eda sana y unas finanzas p\u00fablicas sanas\u201d. Entre los acuerdos de dicha reuni\u00f3n est\u00e1, aumentar la inversi\u00f3n producci\u00f3n y el comercio as\u00ed como aprovechar las ventajas del TMEC. Aqu\u00ed la pregunta es: \u00bfqu\u00e9 tanto del discurso del tabasque\u00f1o fueron s\u00f3lo promesas? Al tiempo.<\/p>\n<p><u><a href=\"mailto:morcora@gmail.com\" target=\"_blank\" rel=\"noopener noreferrer\"><em>morcora@gmail.com<\/em><\/a><\/u><\/p>\n","protected":false},"excerpt":{"rendered":"<p><span style=\"color: #005497;\"><strong>Adriana Moreno Cordero<\/strong><\/span><\/p>\n","protected":false},"author":3,"featured_media":0,"comment_status":"open","ping_status":"open","sticky":false,"template":"","format":"standard","meta":{"_monsterinsights_skip_tracking":false,"_monsterinsights_sitenote_active":false,"_monsterinsights_sitenote_note":"","_monsterinsights_sitenote_category":0,"footnotes":""},"categories":[69370],"tags":[69369,69368,43674],"class_list":["post-510223","post","type-post","status-publish","format-standard","hentry","category-adriana-moreno-cordero","tag-adriana-moreno-cordero","tag-la-retaguardia","tag-opinion"],"_links":{"self":[{"href":"https:\/\/www.diarioimagen.net\/index.php?rest_route=\/wp\/v2\/posts\/510223","targetHints":{"allow":["GET"]}}],"collection":[{"href":"https:\/\/www.diarioimagen.net\/index.php?rest_route=\/wp\/v2\/posts"}],"about":[{"href":"https:\/\/www.diarioimagen.net\/index.php?rest_route=\/wp\/v2\/types\/post"}],"author":[{"embeddable":true,"href":"https:\/\/www.diarioimagen.net\/index.php?rest_route=\/wp\/v2\/users\/3"}],"replies":[{"embeddable":true,"href":"https:\/\/www.diarioimagen.net\/index.php?rest_route=%2Fwp%2Fv2%2Fcomments&post=510223"}],"version-history":[{"count":0,"href":"https:\/\/www.diarioimagen.net\/index.php?rest_route=\/wp\/v2\/posts\/510223\/revisions"}],"wp:attachment":[{"href":"https:\/\/www.diarioimagen.net\/index.php?rest_route=%2Fwp%2Fv2%2Fmedia&parent=510223"}],"wp:term":[{"taxonomy":"category","embeddable":true,"href":"https:\/\/www.diarioimagen.net\/index.php?rest_route=%2Fwp%2Fv2%2Fcategories&post=510223"},{"taxonomy":"post_tag","embeddable":true,"href":"https:\/\/www.diarioimagen.net\/index.php?rest_route=%2Fwp%2Fv2%2Ftags&post=510223"}],"curies":[{"name":"wp","href":"https:\/\/api.w.org\/{rel}","templated":true}]}}