{"id":510224,"date":"2021-06-11T00:01:14","date_gmt":"2021-06-11T05:01:14","guid":{"rendered":"https:\/\/www.diarioimagen.net\/?p=510224"},"modified":"2021-06-11T03:39:59","modified_gmt":"2021-06-11T08:39:59","slug":"lagrimas-y-risas-2","status":"publish","type":"post","link":"https:\/\/www.diarioimagen.net\/?p=510224","title":{"rendered":"L\u00e1grimas y risas"},"content":{"rendered":"<h2>De pe a pa<\/h2>\n<h5>Alberto Vieyra G.<\/h5>\n<p>&nbsp;<\/p>\n<p><strong>\u201c<\/strong>Del rumor nadie se salva, sobre todo en temas como la sexualidad o la estupidez\u201d, sosten\u00eda el escritor, investigador y acad\u00e9mico Boris Berenzon Gorn, quien en su libro <em>Re\/tratos de la re\/vuelta <\/em>lograr\u00eda reunir m\u00e1s de 4 mil chistoretes, an\u00e9cdotas y motes con los que se les ha conocido a los gobernantes mexicanos, que a lo largo de la historia del presidencialismo mexicano e incluso desde la \u00e9poca colonial, retrata con singular humor negro la personalidad de cada gobernante de la que los ciudadanos de a pie suelen hacer cera y p\u00e1bilo para cobr\u00e1rselas a carcajadas a los gobernantes que los han hecho llorar.<\/p>\n<p>Boris Berenzon sosten\u00eda la tesis de que \u201centender la pol\u00edtica mexicana desde la solemnidad es un gran error, porque tiene una parte humor\u00edstica, porque se quita lo formal al poder y aparece lo que piensa la gente. El inconsciente colectivo se encuentra a trav\u00e9s del chistorete\u201d, que los exhibe a los politicastros como lo que realmente son: Idiotas, ignorantes, ladrones, amantes del arroz con popote, etc\u00e9tera, etc\u00e9tera.<\/p>\n<p>Se dec\u00eda, por ejemplo, que cuando Porfirio D\u00edaz lleg\u00f3 al cielo, Dios no se levant\u00f3 a recibirlo por miedo a que ocupara su trono.<\/p>\n<p>De los transas, el llamado c\u00f3mico de la pol\u00edtica, Jes\u00fas Mart\u00ednez <em>Palillo,<\/em> sol\u00eda llamarles \u201cm\u00e9ndigos pulpos chupeteadores\u201d \u2026 y a los gandules les aplicaba el siguiente dicho popular: \u201cla ociosidad es el vicio de todas las madres\u201d.<\/p>\n<p>A L\u00f3pez Mateos le llamaban <em>L\u00f3pez Paseos<\/em> por aquello que le encantaba viajar al extranjero y dec\u00edan que para las mujeres era mas gallo que el que les canta a las gallinas de mi pueblo; A Carlos Salinas se le conoc\u00eda como la <em>hormiga at\u00f3mica<\/em>, el <em>chupacabras<\/em> o el <em>pel\u00f3n de Dubl\u00edn; <\/em>A Anastasio Bustamente se le conoc\u00eda como \u201c\u00e9l come-huevos\u201d por aquello que se com\u00eda 15 huevos diariamente. Antonio L\u00f3pez de Santa Anna le conocemos tambi\u00e9n como <em>el quince u\u00f1as,<\/em> por aquello de que perdi\u00f3 una pierna en la Guerra de los Pasteles que M\u00e9xico sostuvo contra los franceses en 1839.<\/p>\n<p>Cuentan que cuando los villistas le tumbaron la mano derecha a Obreg\u00f3n en Santa Anna del Conde, por lo cual se le conoci\u00f3 como <em>el manco de Celaya<\/em>, no encontraban la mano del sonorense hasta que alguien tuvo la brillante idiota de sacar de su bolsillo una monera de oro y lanzarla como un bolado y de pronto apareci\u00f3 la mano de Obreg\u00f3n para apoderarse de la moneda.<\/p>\n<p>Nadie se escapa. Hoy, a L\u00f3pez Obrador ya se le conoce con los motes del <em>mes\u00edas tropical<\/em>, <em>el americano<\/em>, <em>el c\u00e1bula<\/em>, <em>el peje<\/em> y el m\u00e1s reciente, como \u201cel t\u00e9 de manzanilla\u201d, porque a todos cae bien, pero no sirve para nada.<\/p>\n<p>A prop\u00f3sito, ahora con el regreso a clases el maestro de espa\u00f1ol someti\u00f3 a evaluaci\u00f3n a los chiquillos quienes tuvieron que identificar el sujeto en oraciones cortas. \u201cA ver <em>Pepito<\/em>, pon mucha atenci\u00f3n\u2026 <strong>el gobernante sali\u00f3 malo<\/strong>. Ay\u00fadanos a identificar en d\u00f3nde quedo el sujeto\u201d. A lo que <em>Pepito<\/em> respondi\u00f3: \u00a1En Palacio Nacional, maestro!<\/p>\n<p>Y de <em>Pepito<\/em> se cuenta tambi\u00e9n, que un d\u00eda llego feliz a la escuela presumi\u00e9ndole a su maestra que su gatita hab\u00eda tenido gatitos y que todos eran amlistas y morenistas. La maestra solt\u00f3 la carcajada. A los pocos d\u00edas el inspector de zona visit\u00f3 la escuela de <em>Pepito<\/em> y la maestra aprovech\u00f3 para que <em>Pepito<\/em> le contar\u00e1 lo sucedido con su gatita. <em>Pepito<\/em> cont\u00f3 entonces que sus gatitos estaban hermosos y que todos eran pri\u00edstas, panistas y perredistas, es decir aliancistas porque dos semanas atr\u00e1s todav\u00eda no abr\u00edan los ojos\u2026<\/p>\n<p><a href=\"mailto:info@agenciamn.com\" target=\"_blank\" rel=\"noopener noreferrer\"><em>info@agenciamn.com<\/em><\/a><\/p>\n","protected":false},"excerpt":{"rendered":"<p><span style=\"color: #005497;\"><strong>Alberto Vieyra G.<\/strong><\/span><\/p>\n","protected":false},"author":3,"featured_media":0,"comment_status":"open","ping_status":"open","sticky":false,"template":"","format":"standard","meta":{"_monsterinsights_skip_tracking":false,"_monsterinsights_sitenote_active":false,"_monsterinsights_sitenote_note":"","_monsterinsights_sitenote_category":0,"footnotes":""},"categories":[4596],"tags":[43697,4597,43674],"class_list":["post-510224","post","type-post","status-publish","format-standard","hentry","category-alberto-vieyra-g","tag-alberto-vieyra-g","tag-de-pe-a-pa","tag-opinion"],"_links":{"self":[{"href":"https:\/\/www.diarioimagen.net\/index.php?rest_route=\/wp\/v2\/posts\/510224","targetHints":{"allow":["GET"]}}],"collection":[{"href":"https:\/\/www.diarioimagen.net\/index.php?rest_route=\/wp\/v2\/posts"}],"about":[{"href":"https:\/\/www.diarioimagen.net\/index.php?rest_route=\/wp\/v2\/types\/post"}],"author":[{"embeddable":true,"href":"https:\/\/www.diarioimagen.net\/index.php?rest_route=\/wp\/v2\/users\/3"}],"replies":[{"embeddable":true,"href":"https:\/\/www.diarioimagen.net\/index.php?rest_route=%2Fwp%2Fv2%2Fcomments&post=510224"}],"version-history":[{"count":0,"href":"https:\/\/www.diarioimagen.net\/index.php?rest_route=\/wp\/v2\/posts\/510224\/revisions"}],"wp:attachment":[{"href":"https:\/\/www.diarioimagen.net\/index.php?rest_route=%2Fwp%2Fv2%2Fmedia&parent=510224"}],"wp:term":[{"taxonomy":"category","embeddable":true,"href":"https:\/\/www.diarioimagen.net\/index.php?rest_route=%2Fwp%2Fv2%2Fcategories&post=510224"},{"taxonomy":"post_tag","embeddable":true,"href":"https:\/\/www.diarioimagen.net\/index.php?rest_route=%2Fwp%2Fv2%2Ftags&post=510224"}],"curies":[{"name":"wp","href":"https:\/\/api.w.org\/{rel}","templated":true}]}}