{"id":510230,"date":"2021-06-11T00:05:01","date_gmt":"2021-06-11T05:05:01","guid":{"rendered":"https:\/\/www.diarioimagen.net\/?p=510230"},"modified":"2021-06-11T03:45:19","modified_gmt":"2021-06-11T08:45:19","slug":"a-que-vino-kamala","status":"publish","type":"post","link":"https:\/\/www.diarioimagen.net\/?p=510230","title":{"rendered":"\u00bfA qu\u00e9 vino Kamala?"},"content":{"rendered":"<h2>Perfil de M\u00e9xico<\/h2>\n<h5>Armando R\u00edos Ruiz<\/h5>\n<p>&nbsp;<\/p>\n<p>En la mente calenturienta de intelectuales, pol\u00edticos, periodistas, profesionales egresados de escuelas de estudios superiores y gente perspicua en general, se mueve una pregunta que en muchas otras pasa desapercibida y cuya respuesta ya se las dieron: \u00bfa qu\u00e9 vino Kamala Harris, segunda en la estructura gubernamental del gobierno de Estados Unidos?<\/p>\n<p>La cara bonita. La que se deja ver siempre que ocurren visitas como la que hizo esta semana a Guatemala y a nuestro pa\u00eds, es la que dejan ver a la prensa. La sonriente. La que cosecha triunfos y aplausos. La que nos dicen y s\u00f3lo creen los carentes de suspicacia. Los que aceptan las mentiras que todos los d\u00edas desparraman para hacer creer que M\u00e9xico es el mejor pa\u00eds del mundo, cuyo destino dirige hoy el mejor Presidente del orbe y de otras galaxias.<\/p>\n<p>En el caso que nos ocupa, se dijo desde antes de la llegada de la primera vicepresidente de Estados Unidos y adem\u00e1s de color, que ven\u00eda a platicar sobre temas migratorios y listo. Sobre este asunto, se sabe que\u00a0 vino a recopilar informaci\u00f3n sobre este espinoso problema que en el buen sentido, en el pa\u00eds vecino estiman la soluci\u00f3n como competente a ambos lados: norte-sur.<\/p>\n<p>La migraci\u00f3n del sur hacia arriba se ha agravado paulatinamente, por motivos de marginaci\u00f3n extrema, de carencia de soluciones en los pa\u00edses migrantes. Por la falta de empleos causado por la pobreza, por la ausencia de soluciones de M\u00e9xico hacia el resto de Am\u00e9rica Latina. Por la violencia exacerbada que se ha acentuado en esta parte del continente y por muchos motivos m\u00e1s que obligan a la gente a buscar mejores medios de subsistencia.<\/p>\n<p>Pero no es el \u00fanico problema. El gobierno de M\u00e9xico se ha manifestado reacio a aceptar como nuevo mandatario a Joe Biden y no ha ocultado que hubiera preferido que el anterior, Donald Trump, hubiera continuado otro per\u00edodo. Lo demostr\u00f3 despu\u00e9s de la derrota de \u00e9ste, con la resistencia de reconocer al ganador. Lo ha demostrado\u00a0 con otras actitudes.<\/p>\n<p>Lo ha divulgado al mostrarse contrario a las ideas de soluci\u00f3n absoluta exhibidas desde la Uni\u00f3n Americana. Verbigracia, el combate al calentamiento global, para lo que es necesario eliminar las energ\u00edas sucias que nuestro gobierno defiende a capa y espada y al cual se ha plegado, en vistas de defender ideas arcaicas. Lo acaba de mostrar con la compra de una refiner\u00eda chatarra.<\/p>\n<p>Hace poco, nuestro Presidente tuvo la infeliz ocurrencia de solicitar a Estados Unidos la cancelaci\u00f3n inmediata de la ayuda econ\u00f3mica que aporta al organismo denominado Mexicanos Contra la Corrupci\u00f3n. Porque es enemiga de los prop\u00f3sitos presidenciales. Lo que ocurre es que ha desnudado los actos de p\u00e9sima actuaci\u00f3n actual y eso es prohibitivo.<\/p>\n<p>Lo que las mentes calenturientas sospechan y deben haber acertado, es que la vicepresidente -que no presidente- Kamala -que no Kabala-, vino a M\u00e9xico a alertar a nuestro mandatario que de continuar con sus pol\u00edticas erradas a la vista de todos -con excepci\u00f3n de los chairos- , el gobierno vecino adoptar\u00e1 medidas m\u00e1s dr\u00e1sticas.<\/p>\n<p>Lo que se sospecha es que vino a decirle que en materia de seguridad, su estrategia de abrazos es una aberrante tomada de pelo que no s\u00f3lo afecta a nuestro territorio, sino tambi\u00e9n a la Uni\u00f3n americana. Es obvio que con esta medida, el problema de criminalidad ha crecido a linderos insospechados. Es tambi\u00e9n sabido, que nuestros criminales han invadido a los vecinos del norte y se han convertido en un problema de terror\u00edficas consecuencias.<\/p>\n<p>Otro problema es la falta de cooperaci\u00f3n en temas como el que mencionamos arriba: la limpieza del aire y del agua a la que nuestro gobernante se ha negado expresamente, sin reparar en que m\u00e1s pronto de lo que imaginamos, estaremos a merced de una nube a ras del suelo, que impedir\u00e1 la vida de todo ser viviente. No es exagerado.<\/p>\n<p>Otro problema: el orden pol\u00edtico mexicano. Un verdadero desastre.<\/p>\n<p><a href=\"mailto:ariosruiz@gmail.com\" target=\"_blank\" rel=\"noopener noreferrer\"><em>ariosruiz@gmail.com<\/em><\/a><\/p>\n","protected":false},"excerpt":{"rendered":"<p><span style=\"color: #005497;\"><strong>Armando R\u00edos Ruiz<\/strong><\/span><\/p>\n","protected":false},"author":3,"featured_media":0,"comment_status":"open","ping_status":"open","sticky":false,"template":"","format":"standard","meta":{"_monsterinsights_skip_tracking":false,"_monsterinsights_sitenote_active":false,"_monsterinsights_sitenote_note":"","_monsterinsights_sitenote_category":0,"footnotes":""},"categories":[88405],"tags":[88407,43674,91193],"class_list":["post-510230","post","type-post","status-publish","format-standard","hentry","category-armando-rios-ruiz","tag-armando-rios-ruiz","tag-opinion","tag-perfil-de-mexico"],"_links":{"self":[{"href":"https:\/\/www.diarioimagen.net\/index.php?rest_route=\/wp\/v2\/posts\/510230","targetHints":{"allow":["GET"]}}],"collection":[{"href":"https:\/\/www.diarioimagen.net\/index.php?rest_route=\/wp\/v2\/posts"}],"about":[{"href":"https:\/\/www.diarioimagen.net\/index.php?rest_route=\/wp\/v2\/types\/post"}],"author":[{"embeddable":true,"href":"https:\/\/www.diarioimagen.net\/index.php?rest_route=\/wp\/v2\/users\/3"}],"replies":[{"embeddable":true,"href":"https:\/\/www.diarioimagen.net\/index.php?rest_route=%2Fwp%2Fv2%2Fcomments&post=510230"}],"version-history":[{"count":0,"href":"https:\/\/www.diarioimagen.net\/index.php?rest_route=\/wp\/v2\/posts\/510230\/revisions"}],"wp:attachment":[{"href":"https:\/\/www.diarioimagen.net\/index.php?rest_route=%2Fwp%2Fv2%2Fmedia&parent=510230"}],"wp:term":[{"taxonomy":"category","embeddable":true,"href":"https:\/\/www.diarioimagen.net\/index.php?rest_route=%2Fwp%2Fv2%2Fcategories&post=510230"},{"taxonomy":"post_tag","embeddable":true,"href":"https:\/\/www.diarioimagen.net\/index.php?rest_route=%2Fwp%2Fv2%2Ftags&post=510230"}],"curies":[{"name":"wp","href":"https:\/\/api.w.org\/{rel}","templated":true}]}}