{"id":510268,"date":"2021-06-11T00:03:18","date_gmt":"2021-06-11T05:03:18","guid":{"rendered":"https:\/\/www.diarioimagen.net\/?p=510268"},"modified":"2021-06-14T04:30:26","modified_gmt":"2021-06-14T09:30:26","slug":"amlo-unirse-a-la-mafia-del-poder","status":"publish","type":"post","link":"https:\/\/www.diarioimagen.net\/?p=510268","title":{"rendered":"AMLO, \u00bfunirse a la \u201cmafia del poder\u201d?\u00a0"},"content":{"rendered":"<h2>Centro..!<\/h2>\n<h5>Arturo R\u00edos Ruiz<\/h5>\n<p>&nbsp;<\/p>\n<ul>\n<li><strong><em>Quiere de aliado al PRI<\/em><\/strong><\/li>\n<li><strong><em>Sauri arremete con rudeza<\/em><\/strong><\/li>\n<\/ul>\n<p>&nbsp;<\/p>\n<p>La diputada priista Dulce Mar\u00eda Sauri Riancho dijo que el presidente\u00a0Andr\u00e9s Manuel L\u00f3pez Obrador\u00a0se equivoca en pensar que\u00a0Morena\u00a0podr\u00eda ir en\u00a0alianza con su partido para sacar reformas constitucionales\u00a0porque \u201cno somos Judas\u201d. Fue la respuesta que nos adelanta que \u201cAlito\u201d, no podr\u00e1 hacer de las suyas con su inconsistente conducta.<\/p>\n<p>Los n\u00fameros, con los resultados preliminares del INE, si Morena termina con 197 diputados federales, requiere 137 para la mayor\u00eda calificada de dos terceras partes.<\/p>\n<p>Con el PT, sumar\u00e1 38 y el Verde, 44, llegar\u00edan a 279. Todav\u00eda se necesitar\u00eda \u201cconvencer\u201d a 54 diputados m\u00e1s del PRI y cinco senadores para alcanzar la mayor\u00eda calificada en ambas c\u00e1maras del Congreso. Movimiento Ciudadano s\u00f3lo tiene 20, los otros aliados ser\u00edan PRS, FYM y el PES, que no alcanzaron registro.<\/p>\n<p>Pero adem\u00e1s, Morena se quedar\u00e1 con el control de 18 legislaturas locales por lo que tendr\u00e1 las 16 que se requieren para reformar la Constituci\u00f3n. Esas son sus necesidades para continuar con sus fines de cambio del Presidente.<\/p>\n<p>Las palabras de Sauri Riancho son contundentes, es una pol\u00edtica experimentada, con un nivel muy por encima de muchos tricolores y con enorme calidad moral dentro del \u00f3rgano pol\u00edtico que ya dirigi\u00f3.<\/p>\n<p>\u201cSe\u00f1alar al PRI como si fuera el \u201cJudas\u201d de la ciudadan\u00eda mexicana que opt\u00f3 por la pluralidad, definitivamente no. Somos un partido que lucha, que tiene muy claro que la confianza que le dio la sociedad mexicana al PRI en una coalici\u00f3n opositora es para hacerle valer la pluralidad y democracia en el pa\u00eds\u201d, destac\u00f3.<\/p>\n<p>El martes pasado,\u00a0Alejandro Moreno, dirigente del PRI, respondi\u00f3 vagamente a\u00a0L\u00f3pez Obrador: no fue contundente, dej\u00f3 la puerta abierta la invitaci\u00f3n, ni un s\u00ed ni un no, lo que induce a posibilidades. Es un biso\u00f1o, ataca y luego se hinca a la hora de la verdad y ya lo tienen medido con su emporio inmobiliario en Campeche logrado al amparo de sus cargos p\u00fablicos.<\/p>\n<p>Luego rectific\u00f3:\u00a0Moreno afirm\u00f3 que la coalici\u00f3n formada por el PRI, el PAN y PRD para las elecciones y que continuar\u00e1 como una alianza legislativa debe cerrar el paso a Morena. Esa es la inconsistencia, por eso no es confiable.<\/p>\n<p>De\u00a0Alejandro Moreno podr\u00eda esperarse todo, su comportamiento p\u00fablico no es el deseado para la oposici\u00f3n que deber\u00eda representar el tricolor, los resultados electorales as\u00ed lo confirman, qued\u00f3 en un tercer lugar.<\/p>\n<p>Interesante la maquinaci\u00f3n de AMLO, hecha p\u00fablica para lograr la mayor\u00eda calificada y realizar los cambios que busca, entre otros, modificar la Constituci\u00f3n, lanz\u00f3 la oferta al PRI e hizo a un lado, su cr\u00edtica de campa\u00f1a y ma\u00f1aneras, \u201cla mafia del poder\u201d y es capaz de unirse a la misma con tal de lograr sus objetivos.<\/p>\n<p><em><a href=\"mailto:rrrart2000@hotmail.com\" target=\"_blank\" rel=\"noopener noreferrer\">rrrart2000@hotmail.com<\/a><\/em><\/p>\n","protected":false},"excerpt":{"rendered":"<p><span style=\"color: #005497;\"><strong>Arturo R\u00edos Ruiz<\/strong><\/span><\/p>\n","protected":false},"author":3,"featured_media":0,"comment_status":"open","ping_status":"open","sticky":false,"template":"","format":"standard","meta":{"_monsterinsights_skip_tracking":false,"_monsterinsights_sitenote_active":false,"_monsterinsights_sitenote_note":"","_monsterinsights_sitenote_category":0,"footnotes":""},"categories":[82265],"tags":[82266,10806,43674],"class_list":["post-510268","post","type-post","status-publish","format-standard","hentry","category-arturo-rios-ruiz","tag-arturo-rios-ruiz","tag-centro","tag-opinion"],"_links":{"self":[{"href":"https:\/\/www.diarioimagen.net\/index.php?rest_route=\/wp\/v2\/posts\/510268","targetHints":{"allow":["GET"]}}],"collection":[{"href":"https:\/\/www.diarioimagen.net\/index.php?rest_route=\/wp\/v2\/posts"}],"about":[{"href":"https:\/\/www.diarioimagen.net\/index.php?rest_route=\/wp\/v2\/types\/post"}],"author":[{"embeddable":true,"href":"https:\/\/www.diarioimagen.net\/index.php?rest_route=\/wp\/v2\/users\/3"}],"replies":[{"embeddable":true,"href":"https:\/\/www.diarioimagen.net\/index.php?rest_route=%2Fwp%2Fv2%2Fcomments&post=510268"}],"version-history":[{"count":0,"href":"https:\/\/www.diarioimagen.net\/index.php?rest_route=\/wp\/v2\/posts\/510268\/revisions"}],"wp:attachment":[{"href":"https:\/\/www.diarioimagen.net\/index.php?rest_route=%2Fwp%2Fv2%2Fmedia&parent=510268"}],"wp:term":[{"taxonomy":"category","embeddable":true,"href":"https:\/\/www.diarioimagen.net\/index.php?rest_route=%2Fwp%2Fv2%2Fcategories&post=510268"},{"taxonomy":"post_tag","embeddable":true,"href":"https:\/\/www.diarioimagen.net\/index.php?rest_route=%2Fwp%2Fv2%2Ftags&post=510268"}],"curies":[{"name":"wp","href":"https:\/\/api.w.org\/{rel}","templated":true}]}}