{"id":510352,"date":"2021-06-14T00:05:23","date_gmt":"2021-06-14T05:05:23","guid":{"rendered":"https:\/\/www.diarioimagen.net\/?p=510352"},"modified":"2021-06-15T01:12:54","modified_gmt":"2021-06-15T06:12:54","slug":"juntas-de-conciliacion-de-la-cdmx-y-del-edomex-implementaran-diligencias-de-exhortos-digitales","status":"publish","type":"post","link":"https:\/\/www.diarioimagen.net\/?p=510352","title":{"rendered":"Juntas de Conciliaci\u00f3n de la CDMX y del Edom\u00e9x implementar\u00e1n diligencias de exhortos digitales"},"content":{"rendered":"<p>&nbsp;<\/p>\n<h3 style=\"text-align: center;\">Sus presidentes firman convenio<\/h3>\n<p><strong>\u00a0<\/strong><\/p>\n<ul>\n<li><em><strong>Acortar\u00e1n tiempos procesales y mejorar la tramitaci\u00f3n de los juicios laborales<\/strong><\/em><\/li>\n<\/ul>\n<p>&nbsp;<\/p>\n<div id=\"attachment_510460\" style=\"width: 470px\" class=\"wp-caption aligncenter\"><a href=\"https:\/\/www.diarioimagen.net\/?attachment_id=510460\" rel=\"attachment wp-att-510460\"><img loading=\"lazy\" decoding=\"async\" aria-describedby=\"caption-attachment-510460\" class=\"size-full wp-image-510460\" src=\"https:\/\/www.diarioimagen.net\/wp-content\/uploads\/2021\/06\/edomex.jpg\" alt=\"\" width=\"460\" height=\"270\" \/><\/a><p id=\"caption-attachment-510460\" class=\"wp-caption-text\">Presidentes de las Juntas Locales de Conciliaci\u00f3n y Arbitraje de la CDMX, V\u00edctor Mart\u00ednez, y del Edom\u00e9x, del Valle de Toluca, Sara D\u00e1vila, y del Valle Cuautitl\u00e1n-Texcoco, Jes\u00fas Far\u00edas, suscribieron un convenio de colaboraci\u00f3n.<\/p><\/div>\n<p>&nbsp;<\/p>\n<p><strong>Ciudad de M\u00e9xico.-<\/strong> Los presidentes de las Juntas Locales de Conciliaci\u00f3n y Arbitraje de la Ciudad de M\u00e9xico, V\u00edctor Mart\u00ednez Corona, y del Estado de M\u00e9xico, del Valle de Toluca, Sara D\u00e1vila S\u00e1nchez, y del Valle Cuautitl\u00e1n-Texcoco, Jes\u00fas Far\u00edas Mu\u00f1oz, suscribieron un convenio de colaboraci\u00f3n para la implementaci\u00f3n y perfeccionamiento de las diligencias de exhortos digitales.<\/p>\n<p>En presencia del Presidente del Tribunal de Conciliaci\u00f3n y Arbitraje y encargado del despacho de la Secretar\u00eda del Trabajo, Gerardo Becker Ania, como invitado de honor, el titular de la Junta Local de Conciliaci\u00f3n y Arbitraje de la Ciudad de M\u00e9xico, V\u00edctor Mart\u00ednez Corona se\u00f1al\u00f3 que es vital la implementaci\u00f3n de acciones y mecanismos que est\u00e9n al alcance para lograr que el acceso a la justicia laboral sea expedita.<\/p>\n<p>Dijo que la firma de este documento ayudar\u00e1 en el ahorro de recursos econ\u00f3micos y humanos, as\u00ed como a agilizar los tr\u00e1mites y la diligencia de exhortos para acortar los tiempos procesales y mejorar la tramitaci\u00f3n de los juicios laborales.<\/p>\n<p>Precis\u00f3 que es importante acelerar la impartici\u00f3n de justicia en lo individual y colectivo, por lo que la Junta Local de Conciliaci\u00f3n de la Ciudad de M\u00e9xico, como parte de los esfuerzos para agilizar sus procesos, ha incorporado diversas herramientas digitales, a fin de eficientar los servicios como la celebraci\u00f3n de convenios virtuales, entre otras acciones.<\/p>\n<p>Agreg\u00f3 que dentro de los servicios digitales se ha incluido la posibilidad de llevar a cabo exhortos, mediante medios electr\u00f3nicos, con lo que se disminuyen los tiempos de gesti\u00f3n y facilitan su tramitaci\u00f3n con todas las ventajas que ello significa.<\/p>\n<p>Mart\u00ednez Corona resalt\u00f3 que este convenio reafirma el compromiso de generar sinergias para dar celeridad a los procesos, tomando en cuenta que son los tres tribunales laborales con mayor n\u00famero de asuntos a nivel nacional.<\/p>\n<p>En su intervenci\u00f3n, el Presidente del TECA y encargado del despacho de la Secretar\u00eda del Trabajo, Gerardo Becker Ania, dijo que se hace un frente com\u00fan para ofrecer una mejor impartici\u00f3n de justicia laboral.<\/p>\n<p>Destac\u00f3 que el reto es la implementaci\u00f3n de las herramientas tecnol\u00f3gicas y ofrecer un mejor servicio a la ciudadan\u00eda de ambas entidades, adem\u00e1s de acelerar los tr\u00e1mites entre las Juntas de Conciliaci\u00f3n y Arbitraje, lo cual, ser\u00e1 un gran paso en beneficio de la poblaci\u00f3n.<\/p>\n<p>Por \u00faltimo, en la exposici\u00f3n de motivos de la Presidenta de la Junta Local de Conciliaci\u00f3n y Arbitraje del Valle de Toluca, Sara D\u00e1vila S\u00e1nchez, expres\u00f3 que son un gran soporte para mantener la paz laboral en las entidades del pa\u00eds y con ello contribuir a su crecimiento econ\u00f3mico.<\/p>\n","protected":false},"excerpt":{"rendered":"<p>Los presidentes de las Juntas Locales de Conciliaci\u00f3n y Arbitraje de la Ciudad de M\u00e9xico, V\u00edctor Mart\u00ednez Corona, y del Estado de M\u00e9xico, del Valle de Toluca, Sara D\u00e1vila S\u00e1nchez, y del Valle Cuautitl\u00e1n-Texcoco, Jes\u00fas Far\u00edas Mu\u00f1oz, suscribieron un convenio de colaboraci\u00f3n para la implementaci\u00f3n y perfeccionamiento de las diligencias de exhortos digitales.<\/p>\n","protected":false},"author":3,"featured_media":510460,"comment_status":"open","ping_status":"open","sticky":false,"template":"","format":"standard","meta":{"_monsterinsights_skip_tracking":false,"_monsterinsights_sitenote_active":false,"_monsterinsights_sitenote_note":"","_monsterinsights_sitenote_category":0,"footnotes":""},"categories":[5],"tags":[204,90786,68,93148],"class_list":["post-510352","post","type-post","status-publish","format-standard","has-post-thumbnail","hentry","category-estado-de-mexico","tag-ciudad-de-mexico","tag-digital","tag-edomex","tag-exhorto"],"_links":{"self":[{"href":"https:\/\/www.diarioimagen.net\/index.php?rest_route=\/wp\/v2\/posts\/510352","targetHints":{"allow":["GET"]}}],"collection":[{"href":"https:\/\/www.diarioimagen.net\/index.php?rest_route=\/wp\/v2\/posts"}],"about":[{"href":"https:\/\/www.diarioimagen.net\/index.php?rest_route=\/wp\/v2\/types\/post"}],"author":[{"embeddable":true,"href":"https:\/\/www.diarioimagen.net\/index.php?rest_route=\/wp\/v2\/users\/3"}],"replies":[{"embeddable":true,"href":"https:\/\/www.diarioimagen.net\/index.php?rest_route=%2Fwp%2Fv2%2Fcomments&post=510352"}],"version-history":[{"count":0,"href":"https:\/\/www.diarioimagen.net\/index.php?rest_route=\/wp\/v2\/posts\/510352\/revisions"}],"wp:featuredmedia":[{"embeddable":true,"href":"https:\/\/www.diarioimagen.net\/index.php?rest_route=\/wp\/v2\/media\/510460"}],"wp:attachment":[{"href":"https:\/\/www.diarioimagen.net\/index.php?rest_route=%2Fwp%2Fv2%2Fmedia&parent=510352"}],"wp:term":[{"taxonomy":"category","embeddable":true,"href":"https:\/\/www.diarioimagen.net\/index.php?rest_route=%2Fwp%2Fv2%2Fcategories&post=510352"},{"taxonomy":"post_tag","embeddable":true,"href":"https:\/\/www.diarioimagen.net\/index.php?rest_route=%2Fwp%2Fv2%2Ftags&post=510352"}],"curies":[{"name":"wp","href":"https:\/\/api.w.org\/{rel}","templated":true}]}}