{"id":510357,"date":"2021-06-14T00:07:49","date_gmt":"2021-06-14T05:07:49","guid":{"rendered":"https:\/\/www.diarioimagen.net\/?p=510357"},"modified":"2021-06-15T01:10:26","modified_gmt":"2021-06-15T06:10:26","slug":"confinamiento-sanitario-aumento-estres-ansiedad-y-desesperacion","status":"publish","type":"post","link":"https:\/\/www.diarioimagen.net\/?p=510357","title":{"rendered":"Confinamiento sanitario aument\u00f3 estr\u00e9s, ansiedad y desesperaci\u00f3n"},"content":{"rendered":"<p><em>\u00a0<\/em><\/p>\n<ul>\n<li><strong><em>El coordinador del Centro de Estudios y Servicios Psicol\u00f3gicos Integrales (CESPI) de la UAEM, Alejandro Guti\u00e9rrez Cede\u00f1o, manifest\u00f3 que la ansiedad fue una de las emociones que m\u00e1s se registr\u00f3 en los estudiantes<\/em><\/strong><\/li>\n<\/ul>\n<p><strong>\u00a0<\/strong><\/p>\n<div id=\"attachment_510443\" style=\"width: 470px\" class=\"wp-caption aligncenter\"><a href=\"https:\/\/www.diarioimagen.net\/?attachment_id=510443\" rel=\"attachment wp-att-510443\"><img loading=\"lazy\" decoding=\"async\" aria-describedby=\"caption-attachment-510443\" class=\"size-full wp-image-510443\" src=\"https:\/\/www.diarioimagen.net\/wp-content\/uploads\/2021\/06\/Uaem-3.jpg\" alt=\"\" width=\"460\" height=\"270\" \/><\/a><p id=\"caption-attachment-510443\" class=\"wp-caption-text\">Alejandro Guti\u00e9rrez Cede\u00f1o, coordinador del Centro de Estudios y Servicios Psicol\u00f3gicos Integrales de la Facultad de Ciencias de la Conducta de la UAEM, manifest\u00f3 que la ansiedad fue una de las emociones que m\u00e1s se registr\u00f3 en los estudiantes, sobre todo en aquellos de nuevo ingreso, que por cuestiones de la contingencia sanitaria no pudieron conocer f\u00edsicamente a sus compa\u00f1eros de grupo.<\/p><\/div>\n<p>&nbsp;<\/p>\n<p><strong>Toluca, Estado de M\u00e9xico.\u2013<\/strong> El aumento de estr\u00e9s, ansiedad y desesperaci\u00f3n en las personas son algunas de las afectaciones palpables que gener\u00f3 el aislamiento f\u00edsico derivado de las medidas sanitarias por la pandemia de Covid-19, afirm\u00f3 el coordinador del Centro de Estudios y Servicios Psicol\u00f3gicos Integrales (CESPI) de la Facultad de Ciencias de la Conducta (FaCiCo) de la Universidad Aut\u00f3noma del Estado de M\u00e9xico (UAEM), Alejandro Guti\u00e9rrez Cede\u00f1o.<\/p>\n<p>El investigador manifest\u00f3 que la ansiedad fue una de las emociones que m\u00e1s se registr\u00f3 en los estudiantes, sobre todo en aquellos de nuevo ingreso, que por cuestiones de la contingencia sanitaria no pudieron conocer f\u00edsicamente a sus compa\u00f1eros de grupo.<\/p>\n<p>\u201cEn el tema educativo, en los primeros a\u00f1os de todos los niveles, a un a\u00f1o de tus estudios de licenciatura y sin saber qui\u00e9nes son tus compa\u00f1eros, provoca desesperaci\u00f3n, angustia, preocupaci\u00f3n y estados de ansiedad\u201d, sostuvo.<\/p>\n<p>Indic\u00f3 que con el relajamiento de las medidas sanitarias y con el sem\u00e1foro epidemiol\u00f3gico en verde, tambi\u00e9n se prev\u00e9 un desbordamiento de la socializaci\u00f3n de grupos de amigos y familias que dejaron de verse f\u00edsicamente, que solo mantuvieron un contacto virtual, lo cual podr\u00eda provocar una nueva ola de contagios.<\/p>\n<p>Consider\u00f3 que al ser tambi\u00e9n centros de socializaci\u00f3n, en las escuelas el regreso debe ser paulatino. \u201cLa alta socializaci\u00f3n que hay en las aulas tambi\u00e9n abre la posibilidad a los contagios y la idea es no desesperarse, aproximarse paulatinamente a los escenarios m\u00e1s riesgosos y generar condiciones favorables de aprendizaje\u201d, sugiri\u00f3 Alejandro Guti\u00e9rrez Cede\u00f1o.<\/p>\n","protected":false},"excerpt":{"rendered":"<p>El aumento de estr\u00e9s, ansiedad y desesperaci\u00f3n en las personas son algunas de las afectaciones palpables que gener\u00f3 el aislamiento f\u00edsico derivado de las medidas sanitarias por la pandemia de Covid-19, afirm\u00f3 el coordinador del Centro de Estudios y Servicios Psicol\u00f3gicos Integrales (CESPI) de la Facultad de Ciencias de la Conducta (FaCiCo) de la Universidad Aut\u00f3noma del Estado de M\u00e9xico (UAEM), Alejandro Guti\u00e9rrez Cede\u00f1o.<\/p>\n","protected":false},"author":3,"featured_media":510443,"comment_status":"open","ping_status":"open","sticky":false,"template":"","format":"standard","meta":{"_monsterinsights_skip_tracking":false,"_monsterinsights_sitenote_active":false,"_monsterinsights_sitenote_note":"","_monsterinsights_sitenote_category":0,"footnotes":""},"categories":[5],"tags":[1369,90021,81650,43675,9395,452],"class_list":["post-510357","post","type-post","status-publish","format-standard","has-post-thumbnail","hentry","category-estado-de-mexico","tag-ansiedad","tag-covid-19","tag-desesperacion","tag-estado-de-mexico","tag-estres","tag-toluca"],"_links":{"self":[{"href":"https:\/\/www.diarioimagen.net\/index.php?rest_route=\/wp\/v2\/posts\/510357","targetHints":{"allow":["GET"]}}],"collection":[{"href":"https:\/\/www.diarioimagen.net\/index.php?rest_route=\/wp\/v2\/posts"}],"about":[{"href":"https:\/\/www.diarioimagen.net\/index.php?rest_route=\/wp\/v2\/types\/post"}],"author":[{"embeddable":true,"href":"https:\/\/www.diarioimagen.net\/index.php?rest_route=\/wp\/v2\/users\/3"}],"replies":[{"embeddable":true,"href":"https:\/\/www.diarioimagen.net\/index.php?rest_route=%2Fwp%2Fv2%2Fcomments&post=510357"}],"version-history":[{"count":0,"href":"https:\/\/www.diarioimagen.net\/index.php?rest_route=\/wp\/v2\/posts\/510357\/revisions"}],"wp:featuredmedia":[{"embeddable":true,"href":"https:\/\/www.diarioimagen.net\/index.php?rest_route=\/wp\/v2\/media\/510443"}],"wp:attachment":[{"href":"https:\/\/www.diarioimagen.net\/index.php?rest_route=%2Fwp%2Fv2%2Fmedia&parent=510357"}],"wp:term":[{"taxonomy":"category","embeddable":true,"href":"https:\/\/www.diarioimagen.net\/index.php?rest_route=%2Fwp%2Fv2%2Fcategories&post=510357"},{"taxonomy":"post_tag","embeddable":true,"href":"https:\/\/www.diarioimagen.net\/index.php?rest_route=%2Fwp%2Fv2%2Ftags&post=510357"}],"curies":[{"name":"wp","href":"https:\/\/api.w.org\/{rel}","templated":true}]}}