{"id":510371,"date":"2021-06-14T00:03:39","date_gmt":"2021-06-14T05:03:39","guid":{"rendered":"https:\/\/www.diarioimagen.net\/?p=510371"},"modified":"2021-06-14T06:45:12","modified_gmt":"2021-06-14T11:45:12","slug":"aldo-ledezma-reyna-ya-es-presidente-municipal-electo-de-cuautitlan-mexico","status":"publish","type":"post","link":"https:\/\/www.diarioimagen.net\/?p=510371","title":{"rendered":"Aldo Ledezma Reyna ya es presidente municipal electo de Cuautitl\u00e1n, M\u00e9xico"},"content":{"rendered":"<p>&nbsp;<\/p>\n<ul>\n<li><strong><em>Recibi\u00f3 constancia de mayor\u00eda<\/em><\/strong><\/li>\n<\/ul>\n<p>&nbsp;<\/p>\n<div id=\"attachment_510498\" style=\"width: 470px\" class=\"wp-caption aligncenter\"><a href=\"https:\/\/www.diarioimagen.net\/?attachment_id=510498\" rel=\"attachment wp-att-510498\"><img loading=\"lazy\" decoding=\"async\" aria-describedby=\"caption-attachment-510498\" class=\"size-full wp-image-510498\" src=\"https:\/\/www.diarioimagen.net\/wp-content\/uploads\/2021\/06\/cuautitlan-5.jpg\" alt=\"\" width=\"460\" height=\"270\" \/><\/a><p id=\"caption-attachment-510498\" class=\"wp-caption-text\">El Consejo Municipal del IEEM entreg\u00f3 constancia de mayor\u00eda a Aldo Ledezma Reyna que lo acredita como presidente municipal electo de Cuautitl\u00e1n.<\/p><\/div>\n<p>&nbsp;<\/p>\n<p><strong>Cuautitl\u00e1n, Estado de M\u00e9xico<\/strong>.- Aldo Ledezma Reyna, recibi\u00f3 del Consejo Municipal del IEEM la constancia de mayor\u00eda que lo acredita como presidente municipal electo de Cuautitl\u00e1n, luego de que la ciudadan\u00eda lo eligiera a trav\u00e9s de las urnas para llevar los rumbos del ayuntamiento en la administraci\u00f3n 2022-2024.<\/p>\n<p>Despu\u00e9s de reconocer los trabajos de este \u00f3rgano electoral, Aldo Ledezma dirigi\u00f3 su mensaje a la poblaci\u00f3n, en el que de manera enf\u00e1tica, el alcalde electo agradeci\u00f3 todo el apoyo recibido y celebr\u00f3 que la democracia haya triunfado.<\/p>\n<p>\u201cMuchas gracias a todos quienes hicieron posible que en Cuautitl\u00e1n triunfar\u00e1 la democracia, hoy estamos escribiendo una nueva historia para nuestro municipio, me siento muy orgulloso de poder recibir esta constancia de mayor\u00eda, que es de todos los cuautitlenses, hoy la Coalici\u00f3n del PRI, PAN y PRD han dado grandes cuentas y habr\u00e1 de hacerlo tambi\u00e9n a partir de 1 de enero de 2022, creo que esta gran familia que hemos construido ya nada la detiene\u201d, se\u00f1al\u00f3.<\/p>\n<p>As\u00ed tambi\u00e9n, Ledezma Reyna reconoci\u00f3 que es un compromiso muy grande demostrar que se puede gobernar diferente en Cuautitl\u00e1n.\u00a0 \u201cHoy adquirimos un gran compromiso con la ciudadan\u00eda, habremos, de la mano de quienes integran este cabildo, de dar grandes resultados y grandes soluciones a la problem\u00e1tica de Cuautitl\u00e1n, hoy les habremos de demostrar c\u00f3mo se gobierna un municipio, como se gobierna con trabajo, con cari\u00f1o y con dedicaci\u00f3n a la gente\u201d, subray\u00f3.<\/p>\n<p>Acompa\u00f1ado de vecinos, ex alcaldes, l\u00edderes sociales e integrantes del cabildo, Ledezma Reyna resalt\u00f3 que gobernar\u00e1 por igual para todos los ciudadanos de Cuautitl\u00e1n.<\/p>\n<p>\u201cHoy empezamos a cumplir el compromiso de trabajar de la mano de cada uno de los cuautitlenses para poder mejorar las condiciones de vida. Gracias a todos y cada uno\u201d, puntualiz\u00f3 el presidente municipal electo de Cuautitl\u00e1n, Aldo Ledezma Reyna.<\/p>\n","protected":false},"excerpt":{"rendered":"<p>Aldo Ledezma Reyna, recibi\u00f3 del Consejo Municipal del IEEM la constancia de mayor\u00eda que lo acredita como presidente municipal electo de Cuautitl\u00e1n, luego de que la ciudadan\u00eda lo eligiera a trav\u00e9s de las urnas para llevar los rumbos del ayuntamiento en la administraci\u00f3n 2022-2024.<\/p>\n","protected":false},"author":3,"featured_media":510498,"comment_status":"open","ping_status":"open","sticky":false,"template":"","format":"standard","meta":{"_monsterinsights_skip_tracking":false,"_monsterinsights_sitenote_active":false,"_monsterinsights_sitenote_note":"","_monsterinsights_sitenote_category":0,"footnotes":""},"categories":[5],"tags":[70005,681,43675],"class_list":["post-510371","post","type-post","status-publish","format-standard","has-post-thumbnail","hentry","category-estado-de-mexico","tag-aldo-ledezma-reyna","tag-cuautitlan","tag-estado-de-mexico"],"_links":{"self":[{"href":"https:\/\/www.diarioimagen.net\/index.php?rest_route=\/wp\/v2\/posts\/510371","targetHints":{"allow":["GET"]}}],"collection":[{"href":"https:\/\/www.diarioimagen.net\/index.php?rest_route=\/wp\/v2\/posts"}],"about":[{"href":"https:\/\/www.diarioimagen.net\/index.php?rest_route=\/wp\/v2\/types\/post"}],"author":[{"embeddable":true,"href":"https:\/\/www.diarioimagen.net\/index.php?rest_route=\/wp\/v2\/users\/3"}],"replies":[{"embeddable":true,"href":"https:\/\/www.diarioimagen.net\/index.php?rest_route=%2Fwp%2Fv2%2Fcomments&post=510371"}],"version-history":[{"count":0,"href":"https:\/\/www.diarioimagen.net\/index.php?rest_route=\/wp\/v2\/posts\/510371\/revisions"}],"wp:featuredmedia":[{"embeddable":true,"href":"https:\/\/www.diarioimagen.net\/index.php?rest_route=\/wp\/v2\/media\/510498"}],"wp:attachment":[{"href":"https:\/\/www.diarioimagen.net\/index.php?rest_route=%2Fwp%2Fv2%2Fmedia&parent=510371"}],"wp:term":[{"taxonomy":"category","embeddable":true,"href":"https:\/\/www.diarioimagen.net\/index.php?rest_route=%2Fwp%2Fv2%2Fcategories&post=510371"},{"taxonomy":"post_tag","embeddable":true,"href":"https:\/\/www.diarioimagen.net\/index.php?rest_route=%2Fwp%2Fv2%2Ftags&post=510371"}],"curies":[{"name":"wp","href":"https:\/\/api.w.org\/{rel}","templated":true}]}}