{"id":510377,"date":"2021-06-14T00:01:14","date_gmt":"2021-06-14T05:01:14","guid":{"rendered":"https:\/\/www.diarioimagen.net\/?p=510377"},"modified":"2021-06-14T06:40:37","modified_gmt":"2021-06-14T11:40:37","slug":"jornada-de-salud-visual-en-huixquilucan","status":"publish","type":"post","link":"https:\/\/www.diarioimagen.net\/?p=510377","title":{"rendered":"Jornada de salud visual en Huixquilucan"},"content":{"rendered":"<p>&nbsp;<\/p>\n<p><a href=\"https:\/\/www.diarioimagen.net\/?attachment_id=510491\" rel=\"attachment wp-att-510491\"><img loading=\"lazy\" decoding=\"async\" class=\"aligncenter size-full wp-image-510491\" src=\"https:\/\/www.diarioimagen.net\/wp-content\/uploads\/2021\/06\/huixquilucan-7.jpg\" alt=\"\" width=\"460\" height=\"270\" \/><\/a><\/p>\n<p>&nbsp;<\/p>\n<p><strong>Huixquilucan, Estado de M\u00e9xico<\/strong><strong>.-<\/strong> El gobierno municipal de Huixquilucan, encabezado por Enrique Vargas del Villar, a trav\u00e9s de la sexta regidur\u00eda invitan a la poblaci\u00f3n a la Campa\u00f1a de Salud Visual, que se llevar\u00e1 a cabo del lunes 14 al domingo 27 de junio.<\/p>\n<p>Durante este lapso, las y los huixquiluquenses podr\u00e1n acudir a la explanada municipal para que personal m\u00e9dico especializado en salud visual pueda detectar los padecimientos como cataratas, glaucoma o estrabismo.<\/p>\n","protected":false},"excerpt":{"rendered":"<p>El gobierno municipal de Huixquilucan, encabezado por Enrique Vargas del Villar, a trav\u00e9s de la sexta regidur\u00eda invitan a la poblaci\u00f3n a la Campa\u00f1a de Salud Visual, que se llevar\u00e1 a cabo del lunes 14 al domingo 27 de junio.<\/p>\n","protected":false},"author":3,"featured_media":510491,"comment_status":"open","ping_status":"open","sticky":false,"template":"","format":"standard","meta":{"_monsterinsights_skip_tracking":false,"_monsterinsights_sitenote_active":false,"_monsterinsights_sitenote_note":"","_monsterinsights_sitenote_category":0,"footnotes":""},"categories":[5],"tags":[47218,43675,1097],"class_list":["post-510377","post","type-post","status-publish","format-standard","has-post-thumbnail","hentry","category-estado-de-mexico","tag-enrique-vargas-del-villar","tag-estado-de-mexico","tag-huixquilucan"],"_links":{"self":[{"href":"https:\/\/www.diarioimagen.net\/index.php?rest_route=\/wp\/v2\/posts\/510377","targetHints":{"allow":["GET"]}}],"collection":[{"href":"https:\/\/www.diarioimagen.net\/index.php?rest_route=\/wp\/v2\/posts"}],"about":[{"href":"https:\/\/www.diarioimagen.net\/index.php?rest_route=\/wp\/v2\/types\/post"}],"author":[{"embeddable":true,"href":"https:\/\/www.diarioimagen.net\/index.php?rest_route=\/wp\/v2\/users\/3"}],"replies":[{"embeddable":true,"href":"https:\/\/www.diarioimagen.net\/index.php?rest_route=%2Fwp%2Fv2%2Fcomments&post=510377"}],"version-history":[{"count":0,"href":"https:\/\/www.diarioimagen.net\/index.php?rest_route=\/wp\/v2\/posts\/510377\/revisions"}],"wp:featuredmedia":[{"embeddable":true,"href":"https:\/\/www.diarioimagen.net\/index.php?rest_route=\/wp\/v2\/media\/510491"}],"wp:attachment":[{"href":"https:\/\/www.diarioimagen.net\/index.php?rest_route=%2Fwp%2Fv2%2Fmedia&parent=510377"}],"wp:term":[{"taxonomy":"category","embeddable":true,"href":"https:\/\/www.diarioimagen.net\/index.php?rest_route=%2Fwp%2Fv2%2Fcategories&post=510377"},{"taxonomy":"post_tag","embeddable":true,"href":"https:\/\/www.diarioimagen.net\/index.php?rest_route=%2Fwp%2Fv2%2Ftags&post=510377"}],"curies":[{"name":"wp","href":"https:\/\/api.w.org\/{rel}","templated":true}]}}