{"id":510381,"date":"2021-06-14T00:01:06","date_gmt":"2021-06-14T05:01:06","guid":{"rendered":"https:\/\/www.diarioimagen.net\/?p=510381"},"modified":"2021-06-14T05:44:40","modified_gmt":"2021-06-14T10:44:40","slug":"mula-fest-del-18-al-20-de-marzo-2022-en-acapulco-resaltara-la-cultura-urbana","status":"publish","type":"post","link":"https:\/\/www.diarioimagen.net\/?p=510381","title":{"rendered":"Mula Fest del 18 al 20 de marzo 2022, en Acapulco, resaltar\u00e1 la cultura urbana"},"content":{"rendered":"<h2>De cinco estrellas<\/h2>\n<h5>Victoria Gonz\u00e1lez Prado<\/h5>\n<p>&nbsp;<\/p>\n<ul>\n<li><strong><em>Dos buques de <\/em>Carnival Cruise Line\u00a0<em>empezar\u00e1n, en julio, a navegar con pasajeros vacunados\u00a0\u00a0 <\/em><\/strong><\/li>\n<li><strong><em>El Consejo Mundial de Viajes y Turismo lanz\u00f3 nueva campa\u00f1a para motivar a los viajeros\u00a0<\/em><\/strong><\/li>\n<\/ul>\n<p>&nbsp;<\/p>\n<div id=\"attachment_510466\" style=\"width: 470px\" class=\"wp-caption aligncenter\"><a href=\"https:\/\/www.diarioimagen.net\/?attachment_id=510466\" rel=\"attachment wp-att-510466\"><img loading=\"lazy\" decoding=\"async\" aria-describedby=\"caption-attachment-510466\" class=\"size-full wp-image-510466\" src=\"https:\/\/www.diarioimagen.net\/wp-content\/uploads\/2021\/06\/turismo-5.jpg\" alt=\"\" width=\"460\" height=\"175\" \/><\/a><p id=\"caption-attachment-510466\" class=\"wp-caption-text\">El Mula Fest, una vez m\u00e1s de Espa\u00f1a a M\u00e9xico.<\/p><\/div>\n<p>&nbsp;<\/p>\n<p>Mula Fest Acapulco<strong>, <\/strong>festival de tendencias y cultura urbana, organizado por la Feria de Madrid (IFEMA) se llevar\u00e1 a cabo del 18 al 20 de marzo del 2022\u00a0 en el hotel Pierre Mundo Imperial en la bah\u00eda de Santa Luc\u00eda, sede del evento.<\/p>\n<p>Durante la Feria Internacional de Turismo 2021, en Madrid, Espa\u00f1a, funcionarios y directivos mexicanos y espa\u00f1oles firmaron el acuerdo para realizar Mula Fest \u2013festival \u00fanico basado en la b\u00fasqueda del talento alternativo y fomento de la creatividad\u2013 en el puerto de Acapulco.<\/p>\n<p>Durante nueve a\u00f1os, ha reunido en Madrid, Espa\u00f1a, a miles de personas de todo el pa\u00eds, para compartir distintas disciplinas intelectuales, art\u00edsticas y creativas.<\/p>\n<p>Durante esta edici\u00f3n mexicana, el festival contar\u00e1 con diversas actividades en donde los asistentes podr\u00e1n disfrutar de experiencias \u00fanicas como arte urbano, <em>Tattoo,<\/em> motos y autos cl\u00e1sicos, gastronom\u00eda y conciertos, todo bajo los m\u00e1s estrictos protocolos de bioseguridad que dictan la nueva normalidad.<\/p>\n<p>Pierre Mundo Imperial, ha sido designado como el hotel sede del evento, convirti\u00e9ndose en el complemento perfecto del festival con vista espectacular hacia la hermosa playa del pac\u00edfico mexicano, siendo \u00e9ste el escenario ideal para el evento y satisfacer todos los requerimientos y necesidades de sus hu\u00e9spedes que ante la pandemia, han demostrado que sus est\u00e1ndares de calidad y prevenci\u00f3n <em>Imperial Clean <\/em>logaron premios otorgados por los viajeros y reconocimiento de las autoridades gubernamentales del pa\u00eds, tanto <em>Proverisk,<\/em>como <em>Ecolab, <\/em>programas que se implementan en todas las \u00e1reas.<\/p>\n<p>\u2730\u2730\u2730\u2730\u2730 Ser\u00e1 el pr\u00f3ximo 3 de julio en el puerto de Galveston, Estados Unidos, cuando el buque <em>Carnival Vista, <\/em>empiece a operar, seguido del <em>Carnival Breeze<\/em> el 15 de julio, con lo cual la naviera <strong><em>Carnival Cruise Line<\/em><\/strong>\u00a0 confirma sus planes de volver a navegar.<\/p>\n<p>Estos cruceros est\u00e1n disponibles para los hu\u00e9spedes que hayan recibido su \u00faltima dosis de la vacuna Covid-19 aprobada por los Centros para el Control y la Prevenci\u00f3n de Enfermedades (CDC) al menos 14 d\u00edas antes del inicio del crucero y que tengan prueba de vacunaci\u00f3n, de acuerdo con las directrices actuales de los <strong>CDC de<\/strong> Estados Unidos.<\/p>\n<p><strong>Christine Duffy<\/strong>, presidenta de <em>Carnival Cruise Line <\/em>dijo: \u201capreciamos el progreso y el apoyo a nuestro reinicio en Estados Unidos por parte de los CDC y otras agencias federales clave; sin embargo, los requisitos actuales para realizar cruceros con hu\u00e9spedes que no est\u00e1n vacunados har\u00e1n muy dif\u00edcil ofrecer la experiencia que nuestros hu\u00e9spedes esperan, dado el gran n\u00famero de familias con ni\u00f1os peque\u00f1os que navegan con nosotros. Nuestra alternativa es operar los barcos desde Estados Unidos durante el mes de julio con hu\u00e9spedes vacunados\u201d,\u00a0 <em>\u00a0<\/em><\/p>\n<p>El otro barco y puerto identificados para reinicio en julio es el <em>Carnival Horizon <\/em>de PortMiami.\u00a0 La naviera sigue trabajando con Florida y los CDC para las salidas de ese buque y tiene previsto proporcionar la actualizaci\u00f3n de protocolos espec\u00edficos para estas salidas a todos los hu\u00e9spedes que hayan reservado.<\/p>\n<p><strong>Duffy<\/strong> reconoci\u00f3 el apoyo del gobernador de Florida, <strong>Ron DeSantis<\/strong> y el gobernador de Texas, <strong>Greg Abbott<\/strong>, as\u00ed como de otros funcionarios estatales, para poner las vacunas a disposici\u00f3n del personal de la l\u00ednea de cruceros, lo que agilizar\u00e1 el proceso de reinicio. Tambi\u00e9n dijo que ha sido fundamental el apoyo de los funcionarios locales, especialmente la alcaldesa de Miami-Dade, <strong>Daniella Levine Cava<\/strong>, el de Galveston, <strong>Craig Brown<\/strong>, y los l\u00edderes de PortMiami y Port of Galveston, ha sido fundamental en los esfuerzos de reinicio.<\/p>\n<p>Pronto se informar\u00e1 de los protocolos para las salidas para el mes de agosto.<\/p>\n<p>\u2730\u2730\u2730\u2730\u2730 Despu\u00e9s de m\u00e1s de un a\u00f1o de bloqueos en todo el mundo debido a la pandemia de Covid-19, el Consejo Mundial de Viajes y Turismo (WTTC) lanz\u00f3 nueva campa\u00f1a que mostrar\u00e1 la importancia que tienen los viajes internacionales para las personas y las empresas. En ella se pide a los gobiernos<\/p>\n<p>de todo el mundo que vuelvan a poner en marcha los viajes internacionales y permitan al mundo \u201creunirse\u201d una vez m\u00e1s.<\/p>\n<p>Tambi\u00e9n anima a los viajeros a compartir con el mundo el impacto positivo que tienen los viajes en sus vidas y en su bienestar mental.<\/p>\n<p>A trav\u00e9s de sus canales en las redes sociales<em>, \u201cReunite\u201d<\/em> \u00a0insta a personas de todos los rincones del mundo a compartir sus propias historias sobre c\u00f3mo el turismo ha marcado la diferencia y ha cambiado sus vidas.<\/p>\n<p>El WTTC cree que los viajes y el turismo contribuyen de forma significativa a las econom\u00edas de todo el mundo, y\u00a0 tambi\u00e9n proporcionan forma esencial para que las personas se conecten, experimenten y descubran culturas de todo el mundo.<\/p>\n<p>La campa\u00f1a se lanz\u00f3 con v\u00eddeo positivo que muestra que ahora es el momento de que el mundo se mueva de nuevo, para reunir a las familias, los amigos, los colegas y las comunidades.<\/p>\n<p>A medida que avanza la vacunaci\u00f3n en muchos pa\u00edses del mundo y que los casos comienzan a disminuir, es importante que los gobiernos reconozcan lo que los viajes y el turismo aportan a la econom\u00eda y a la poblaci\u00f3n en su conjunto.<\/p>\n<p>Es igualmente importante reconocer que algunas regiones y pa\u00edses todav\u00eda est\u00e1n luchando para poner la pandemia bajo control, y que la mayor\u00eda de las vacunaciones se han realizado en pa\u00edses desarrollados. Esto significa que la pandemia seguir\u00e1 propag\u00e1ndose en aquellos pa\u00edses que no tienen el mismo acceso a las vacunas.<\/p>\n<p>Esta nueva campa\u00f1a se produce despu\u00e9s de que el WTTC se esforzara por reavivar responsablemente el deseo de viajar mediante su reciente campa\u00f1a \u201cJuntos en el viaje\u201d, a pesar de los m\u00faltiples retos mundiales que plantea la pandemia de Covid-19.<\/p>\n<p>Desde que la pandemia empez\u00f3 a devastar el sector mundial de los viajes y el turismo el a\u00f1o pasado, el WTTC ha estado continuamente a la cabeza del sector privado en los esfuerzos por reconstruir la confianza de los consumidores mundiales y fomentar el regreso de los viajes seguros.<\/p>\n<p>El WTTC cree que <em>\u201cReunite\u201d<\/em> podr\u00eda animar a\u00fan m\u00e1s a los gobiernos de todo el mundo a reconocer la importancia de los viajes internacionales, no s\u00f3lo para las personas, sino tambi\u00e9n para las empresas y las comunidades, que se benefician del sector.<\/p>\n<p>La exitosa campa\u00f1a \u201cJuntos en el viaje\u201d del WTTC se puso en marcha en abril del 2020, cuando los pa\u00edses hab\u00edan introducido amplias restricciones a los viajes a nivel mundial. Cientos de miles de personas de todo el mundo compartieron sus historias, que generaron m\u00e1s de 100 millones de impresiones.<\/p>\n<p>&nbsp;<\/p>\n<blockquote>\n<p style=\"text-align: right;\">\u201c<strong>El<\/strong> <strong>\u00e1ngel de la fama tiene sus alas hechas de papel&#8230; peri\u00f3dico\u201d.<br \/>\n<\/strong><\/p>\n<\/blockquote>\n<p>&nbsp;<\/p>\n<p><em><span class=\"Apple-converted-space\"><a href=\"mailto:victoriagprado@gmail.com\" target=\"_blank\" rel=\"noopener noreferrer\">victoriagprado@gmail.com<\/a><br \/>\nTwitter: <a href=\"https:\/\/twitter.com\/victoriagprado\" target=\"_blank\" rel=\"noopener noreferrer\">@victoriagprado<\/a><\/span><\/em><\/p>\n","protected":false},"excerpt":{"rendered":"<p>Mula Fest Acapulco, festival de tendencias y cultura urbana, organizado por la Feria de Madrid (IFEMA) se llevar\u00e1 a cabo del 18 al 20 de marzo del 2022\u00a0 en el hotel Pierre Mundo Imperial en la bah\u00eda de Santa Luc\u00eda, sede del evento.<\/p>\n","protected":false},"author":3,"featured_media":510467,"comment_status":"open","ping_status":"open","sticky":false,"template":"","format":"standard","meta":{"_monsterinsights_skip_tracking":false,"_monsterinsights_sitenote_active":false,"_monsterinsights_sitenote_note":"","_monsterinsights_sitenote_category":0,"footnotes":""},"categories":[11],"tags":[107,43674,43681,106],"class_list":["post-510381","post","type-post","status-publish","format-standard","has-post-thumbnail","hentry","category-turismo","tag-de-cinco-estrellas","tag-opinion","tag-turismo","tag-victoria-gonzalez-prado"],"_links":{"self":[{"href":"https:\/\/www.diarioimagen.net\/index.php?rest_route=\/wp\/v2\/posts\/510381","targetHints":{"allow":["GET"]}}],"collection":[{"href":"https:\/\/www.diarioimagen.net\/index.php?rest_route=\/wp\/v2\/posts"}],"about":[{"href":"https:\/\/www.diarioimagen.net\/index.php?rest_route=\/wp\/v2\/types\/post"}],"author":[{"embeddable":true,"href":"https:\/\/www.diarioimagen.net\/index.php?rest_route=\/wp\/v2\/users\/3"}],"replies":[{"embeddable":true,"href":"https:\/\/www.diarioimagen.net\/index.php?rest_route=%2Fwp%2Fv2%2Fcomments&post=510381"}],"version-history":[{"count":0,"href":"https:\/\/www.diarioimagen.net\/index.php?rest_route=\/wp\/v2\/posts\/510381\/revisions"}],"wp:featuredmedia":[{"embeddable":true,"href":"https:\/\/www.diarioimagen.net\/index.php?rest_route=\/wp\/v2\/media\/510467"}],"wp:attachment":[{"href":"https:\/\/www.diarioimagen.net\/index.php?rest_route=%2Fwp%2Fv2%2Fmedia&parent=510381"}],"wp:term":[{"taxonomy":"category","embeddable":true,"href":"https:\/\/www.diarioimagen.net\/index.php?rest_route=%2Fwp%2Fv2%2Fcategories&post=510381"},{"taxonomy":"post_tag","embeddable":true,"href":"https:\/\/www.diarioimagen.net\/index.php?rest_route=%2Fwp%2Fv2%2Ftags&post=510381"}],"curies":[{"name":"wp","href":"https:\/\/api.w.org\/{rel}","templated":true}]}}