{"id":510396,"date":"2021-06-14T00:00:57","date_gmt":"2021-06-14T05:00:57","guid":{"rendered":"https:\/\/www.diarioimagen.net\/?p=510396"},"modified":"2021-06-14T04:20:35","modified_gmt":"2021-06-14T09:20:35","slug":"habra-vacunas-contra-covid-para-personal-del-sector-turistico","status":"publish","type":"post","link":"https:\/\/www.diarioimagen.net\/?p=510396","title":{"rendered":"Habr\u00e1 vacunas contra Covid para personal del sector tur\u00edstico"},"content":{"rendered":"<h2>Hora 14<\/h2>\n<h5>Mauricio Conde Olivares<\/h5>\n<p>&nbsp;<\/p>\n<p>Este lunes comienza en Canc\u00fan la jornada de vacunaci\u00f3n contra el Covid-19 correspondiente a la poblaci\u00f3n mayor a los 60 a\u00f1os, quienes recibieron como primera dosis la f\u00f3rmula de AztraZeneca, a trav\u00e9s de seis sedes en los que personal voluntario del Ayuntamiento de Benito Ju\u00e1rez coadyuvar\u00e1 en las labores que lleva a cabo el Gobierno de M\u00e9xico a trav\u00e9s de la Secretar\u00eda del Bienestar bajo resguardo de la Guardia Nacional.<\/p>\n<p>Es indispensable para los interesados presentar en los m\u00f3dulos de vacunaci\u00f3n su registro, comprobante de la aplicaci\u00f3n de la primera dosis y comprobante de domicilios impresos.<\/p>\n<p>Durante la semana que pas\u00f3 la Secretar\u00eda del Bienestar, con el apoyo del Ayuntamiento de Benito Ju\u00e1rez y el sector salud, finaliz\u00f3 el calendario de ocho d\u00edas para la aplicaci\u00f3n de la primera dosis de la marca AstraZeneca al grupo poblacional entre 40 y 49 a\u00f1os en Canc\u00fan.<\/p>\n<p>El corte final de esos ocho d\u00edas result\u00f3 de 94 mil 220 vacunas para los benitojuarenses de ese rango de edad, en los seis m\u00f3dulos habilitados en diferentes puntos de la ciudad.<\/p>\n<p>El \u00faltimo d\u00eda de la aplicaci\u00f3n que fue el viernes 11 de junio, se inmuniz\u00f3 a cinco mil 700 personas, cuyo desglose es: mil 180 atendidas en el campo escuela \u201cSan Jos\u00e9\u201d; 690 en el Domo \u201cToro Valenzuela\u201d; 740 en el Domo 94; 820 en el Domo 96; mil 300 en Domo \u201cJacinto Canek\u201d y 970 en Hospital General.<\/p>\n<p>Cabe recordar que adem\u00e1s de los voluntarios del gobierno municipal para facilitar el registro y acceso de los beneficiados con el biol\u00f3gico, el Ayuntamiento de Benito Ju\u00e1rez design\u00f3 a artistas del Instituto de la Cultura y las Artes en los seis recintos y en diferentes horarios para amenizar la espera de los asistentes con interpretaciones de varios g\u00e9neros musicales incluyendo rock, salsa, balada, cumbia, entre otros.<\/p>\n<p>Y ya que hablamos de vacunas, le comento que el 25 de abril, al asumir la presidencia de la Comisi\u00f3n Ejecutiva de la Conago, en reuni\u00f3n celebrada en el marco de la Cumbre Global del Consejo Mundial de Viajes y Turismo (WTTC), el gobernador Carlos Joaqu\u00edn plante\u00f3 la necesidad de vacunar al personal del sector turismo, actividad esencial en Quintana Roo.<\/p>\n<p>El titular del Ejecutivo advirti\u00f3 que la falta de aplicaci\u00f3n de vacunas podr\u00eda frenar la recuperaci\u00f3n de la actividad tur\u00edstica, en tanto que hacerlo m\u00e1s r\u00e1pido dar\u00eda m\u00e1s confianza a los mercados emisores y avanzar m\u00e1s r\u00e1pido en la recuperaci\u00f3n gradual, ordenada y responsable de la econom\u00eda.<\/p>\n<p>Para ampliar la posibilidad de llevar este proceso de vacunaci\u00f3n al personal del sector turismo en la entidad, la Secretar\u00eda Estatal de Turismo (Sedetur) ya inici\u00f3 el censo de trabajadores y se prev\u00e9 utilizar la misma plataforma que se us\u00f3 para los maestros, dada su agilidad y buenos resultados.<\/p>\n<p>Lo anterior viene a colaci\u00f3n ante el anuncio del gobierno federal para garantizar vacunas contra la covid-19 en zonas tur\u00edsticas claves de M\u00e9xico, como Quintana Roo.<\/p>\n<p>Como estamos en temas tur\u00edsticos, d\u00e9jeme participarle una opci\u00f3n para disfrutar en ocasi\u00f3n del D\u00eda del Padre.<\/p>\n<p>Sabemos que el d\u00eda del Padre es una celebraci\u00f3n que va m\u00e1s all\u00e1 de una tradici\u00f3n, es un d\u00eda para recordar los mejores momentos a lado de pap\u00e1. Sin duda, el mejor regalo que puedes darle es estar con \u00e9l y sobre todo demostrarle cu\u00e1nto lo quieres. Este d\u00eda tan especial para \u00e9l debe estar acompa\u00f1ado de todo el amor, sorpresas y mucha diversi\u00f3n.<\/p>\n<p>Con pap\u00e1 has compartido aventuras, sonrisas y grandes momentos que siempre estar\u00e1n en tu memoria. Aunque siempre has estado ah\u00ed para \u00e9l, este d\u00eda es ideal para consentirlo y demostrarle todo el cari\u00f1o con grandes experiencias que puede disfrutar con lindos detalles y cuidados desde los hoteles Hyatt.<\/p>\n<p>\u00bfA\u00fan no sabes c\u00f3mo festejar a pap\u00e1 en su d\u00eda? Aqu\u00ed te damos algunas ideas para convivir con \u00e9l y la familia en algunos de los restaurantes y bares \u00fanicos de los hoteles Hyatt.<\/p>\n<p>Por ejemplo, las delicias de chocolate en Hyatt Regency Mexico City si es que el chocolate es el preferido de pap\u00e1. Por eso durante junio, Hyatt Regency Mexico City estar\u00e1 festejando a los pap\u00e1s en su tradicional y deliciosa Pasteler\u00eda Amado, que tendr\u00e1 como tem\u00e1tica Dad Loves Chocolate. Toda la familia podr\u00e1 deleitarse con ricos postres de chocolate, como el especial de pastel de temporada, hecho de bizcocho de chocolate sin gluten ba\u00f1ado con carajillo y crema de chocolate con queso mascarpone.<\/p>\n<p>Tambi\u00e9n se cuenta con diversi\u00f3n y mezcal en Hyatt Regency Andares Guadalajara. Inicia el domingo 20 de junio con un delicioso Brunch Especial para pap\u00e1 en Hyatt Regency Andares Guadalajara, de 11 a 14 hrs. Despu\u00e9s podr\u00e1n relajarse en la terraza del hotel Andares Lounge bar y reunirse en familia para comer y disfrutar juntos de una Parrillada Buffet con un delicioso Mezcal, adem\u00e1s de divertirse con m\u00fasica en vivo y 2 por 1 en cervezas nacionales.<\/p>\n<p>O cuenta usted adem\u00e1s con la experiencia colonial en Hyatt Regency M\u00e9rida, que se distingue por sus hermosos paisajes coloniales y la calidez de su gente, qu\u00e9 mejor celebraci\u00f3n que salir de casa con todos los cuidados para ir a visitar Hyatt Regency M\u00e9rida. Podr\u00e1n convivir en familia y probar la exquisita parrillada de cortes de carne en su exclusivo Restaurante Peregrino Bistro, que adem\u00e1s ofrecer\u00e1 cerveza gratis para todos los pap\u00e1s, el domingo 20 de junio de 13 a 17 hrs.<\/p>\n<p>Atrae tambi\u00e9n la naturaleza y sabor \u00fanico en Hyatt Regency Villahermosa. Descubre con pap\u00e1 la aventura natural de Villahermosa y la comida tradicional en Hyatt Regency Villarhemosa. Podr\u00e1s celebrar ese d\u00eda especial con un Brunch buffet con los cortes de carne favoritos de pap\u00e1, adem\u00e1s para acompa\u00f1ar sus platillos, ofrecer\u00e1n barra de bebidas con Tequila de 13 a 16 hrs. el domingo 20 de junio.<\/p>\n<p>Estimado lector, puede disfrutar de cada momento a lado de pap\u00e1 con la confianza y tranquilidad de que Hyatt cumplir\u00e1 su compromiso de cuidar cada detalle para hacer de tu visita, un festejo \u00fanico que pap\u00e1 nunca olvidar\u00e1.<\/p>\n<p>Por otra parte, le informo que la Agencia Federal de Aviaci\u00f3n Civil (AFAC) y la empresa Aeroenlaces Nacionales, S.A. de C.V. (Viva Aerobus), firmaron un Convenio General de Concertaci\u00f3n, para licenciamiento, capacitaci\u00f3n y servicios tecnol\u00f3gicos en el manejo de herramientas inform\u00e1ticas.<\/p>\n<p>Dicha paqueter\u00eda fortalecer\u00e1 la infraestructura tecnol\u00f3gica de la AFAC y su personal t\u00e9cnico-aeron\u00e1utico, el cual contar\u00e1 adem\u00e1s con asesor\u00eda t\u00e9cnica y acad\u00e9mica especializada.<\/p>\n<p>En el evento estuvieron presentes el director general de la AFAC, General Carlos Antonio Rodr\u00edguez Mungu\u00eda y el director general de Viva Aerobus, licenciado Juan Carlos Zuazua Cos\u00edo, quienes expresaron su gran inter\u00e9s por refrendar la buena relaci\u00f3n entre regulador e industria y continuar trabajando de manera coordinada, ante el reto que se est\u00e1 enfrentando para recuperar la Categor\u00eda 1.<\/p>\n<p>El director general de Viva Aerobus, Juan Carlos Zuazua, expres\u00f3 que la empresa contin\u00faa con su programa de renovaci\u00f3n e incremento de flota a\u00e9rea, misma que ser\u00e1 fundamental para atender la demanda de los servicios a\u00e9reos de la temporada de verano 2021. Con lo anterior y trabajando de la mano con la autoridad, se mantendr\u00e1 una industria s\u00f3lida, resalt\u00f3.<\/p>\n<p>Por su parte, el General Rodr\u00edguez Mungu\u00eda agradeci\u00f3 el apoyo de la empresa y reiter\u00f3 su compromiso para continuar trabajando en la mejora de los procesos que se tienen al interior de la AFAC, buscando el beneficio para la industria aeron\u00e1utica y en total apego a la normatividad; empero, lo anterior ser\u00e1 motivo de posterior an\u00e1lisis en otra entrega de <strong><em>Hora 14<\/em><\/strong>.<\/p>\n<p><em><a href=\"mailto:%20mauricio_conde@msn.com\" target=\"_blank\" rel=\"noopener noreferrer\">mauricioconde59@outlook.com<\/a><\/em><br \/>\n<em><a href=\"https:\/\/twitter.com\/mauconde007\" target=\"_blank\" rel=\"noopener noreferrer\">@mauconde007<\/a> <\/em><br \/>\n<em><a href=\"https:\/\/mauriciocondeblog.wordpress.com\" target=\"_blank\" rel=\"noopener noreferrer\">https:\/\/mauriciocondeblog.wordpress.com<\/a><\/em><\/p>\n","protected":false},"excerpt":{"rendered":"<p><span style=\"color: #005497;\"><strong>Mauricio Conde Olivares<\/strong><\/span><\/p>\n","protected":false},"author":3,"featured_media":0,"comment_status":"open","ping_status":"open","sticky":false,"template":"","format":"standard","meta":{"_monsterinsights_skip_tracking":false,"_monsterinsights_sitenote_active":false,"_monsterinsights_sitenote_note":"","_monsterinsights_sitenote_category":0,"footnotes":""},"categories":[35889],"tags":[43712,43674,44860],"class_list":["post-510396","post","type-post","status-publish","format-standard","hentry","category-mauricio-conde-olivares","tag-mauricio-conde-olivares","tag-opinion","tag-hora-14"],"_links":{"self":[{"href":"https:\/\/www.diarioimagen.net\/index.php?rest_route=\/wp\/v2\/posts\/510396","targetHints":{"allow":["GET"]}}],"collection":[{"href":"https:\/\/www.diarioimagen.net\/index.php?rest_route=\/wp\/v2\/posts"}],"about":[{"href":"https:\/\/www.diarioimagen.net\/index.php?rest_route=\/wp\/v2\/types\/post"}],"author":[{"embeddable":true,"href":"https:\/\/www.diarioimagen.net\/index.php?rest_route=\/wp\/v2\/users\/3"}],"replies":[{"embeddable":true,"href":"https:\/\/www.diarioimagen.net\/index.php?rest_route=%2Fwp%2Fv2%2Fcomments&post=510396"}],"version-history":[{"count":0,"href":"https:\/\/www.diarioimagen.net\/index.php?rest_route=\/wp\/v2\/posts\/510396\/revisions"}],"wp:attachment":[{"href":"https:\/\/www.diarioimagen.net\/index.php?rest_route=%2Fwp%2Fv2%2Fmedia&parent=510396"}],"wp:term":[{"taxonomy":"category","embeddable":true,"href":"https:\/\/www.diarioimagen.net\/index.php?rest_route=%2Fwp%2Fv2%2Fcategories&post=510396"},{"taxonomy":"post_tag","embeddable":true,"href":"https:\/\/www.diarioimagen.net\/index.php?rest_route=%2Fwp%2Fv2%2Ftags&post=510396"}],"curies":[{"name":"wp","href":"https:\/\/api.w.org\/{rel}","templated":true}]}}