{"id":510411,"date":"2021-06-14T00:03:50","date_gmt":"2021-06-14T05:03:50","guid":{"rendered":"https:\/\/www.diarioimagen.net\/?p=510411"},"modified":"2021-06-14T04:33:13","modified_gmt":"2021-06-14T09:33:13","slug":"amlo-nos-mintio-ebrard-tambien","status":"publish","type":"post","link":"https:\/\/www.diarioimagen.net\/?p=510411","title":{"rendered":"AMLO nos minti\u00f3\u2026 Ebrard, tambi\u00e9n"},"content":{"rendered":"<h2>Espacio Electoral<\/h2>\n<h5>Eleazar Flores<\/h5>\n<p>&nbsp;<\/p>\n<p><strong>PRENSA YANQUI-.<\/strong> Acerca del encuentro de la semana pasada entre el presidente Andr\u00e9s Manuel L\u00f3pez Obrador y la vicepresidenta norteamericana\u00a0 se dijo que todo estuvo bien, que se habl\u00f3 de M\u00e9xico y Centroam\u00e9rica.<\/p>\n<p>Incluso, aqu\u00ed se neg\u00f3 por el mandatario y el canciller Marcelo Ebrard -en entrevista con Televisa-, que se hayan tocado temas de las ONG, lucha anticorrupci\u00f3n y dem\u00e1s\u2026 pero nos mintieron, s\u00ed se trataron.<\/p>\n<p>Para variar, tenemos que enterarnos por la prensa extranjera de la verdad y s\u00f3lo de lo que al gobierno de la cuarta transformaci\u00f3n le interesa que se sepa ampliamente, como lo precis\u00f3 la vicepresidenta Kamala Harris en una amplia entrevista a agencias informativas\u00a0 como la AP y muchos medios m\u00e1s.<\/p>\n<p>A pregunta expresa de la citada agencia, la vicepresidenta respondi\u00f3, haber sido \u201cmuy clara\u201d con el presidente Andr\u00e9s Manuel L\u00f3pez Obrador en el sentido de dejar trabajar a la prensa libre que frecuentemente cuestiona en sus contenidos el quehacer gubernamental.<\/p>\n<p>Tambi\u00e9n fue clara al afirmar a L\u00f3pez Obrador que el gobierno norteamericano seguir\u00e1 apoyando sin restricci\u00f3n a las organizaciones civiles no gubernamentales, a\u00f1adiendo la vicepresidenta que el mandatario asent\u00eda tras escuchar estos planteamientos.<\/p>\n<p>Donde el tabasque\u00f1o no respondi\u00f3, seg\u00fan versi\u00f3n de la entrevista publicada, aqu\u00ed en M\u00e9xico por <em>El Economista<\/em>, fue cuando la se\u00f1ora Harris le dijo que cu\u00e1l ser\u00eda la respuesta a quienes se quejan por la existencia de actos de\u00a0 corrupci\u00f3n en esferas del gobierno mexicano.<\/p>\n<p>El silencio del presidente pudo haber sido m\u00e1s elocuente que todo<\/p>\n<p><strong>MARCELO.-<\/strong> En el noticiero nocturno de Televisa, sol\u00edcito, Ebrard acudi\u00f3 a la invitaci\u00f3n de Denisse Merkel, en el que el secretario de Relaciones Exteriores narr\u00f3 ampliamente lo exitoso de la visita de la se\u00f1ora Harris y su entrevista con el presidente L\u00f3pez Obrador, destacando que la vicepresidenta \u201cfue muy amable\u201d y parece ser que hasta dur\u00f3 m\u00e1s tiempo del programado el evento.<\/p>\n<p>Denisse escuch\u00f3 estoica la versi\u00f3n de Marcelo de la entrevista, pero cuando la conductora le pregunt\u00f3 si\u00a0 hab\u00edan tratado otros temas como la condena de L\u00f3pez Obrador a las ONG, que seg\u00fan el mandatario reciben financiamiento y s\u00f3lo lo atacan, el canciller neg\u00f3 que se haya tratado ese tema.<\/p>\n<p>\u201cLo grave no es que mientas, lo grave es que te crea\u201d, dice uno de los \u00e9xitos musicales del guatemalteco Ricardo Arjona y para el caso que nos ocupa, lo malo es que muchos le creen al gobierno de la cuarta transformaci\u00f3n y floreros, perd\u00f3n, funcionarios que lo integran.<\/p>\n<p>Por cierto, la se\u00f1ora Harris ven\u00eda de Guatemala a M\u00e9xico, \u00bfo \u201cguatepeor\u201d?<\/p>\n<p>Pasaron cuatro d\u00edas para enterarnos desde Estados Unidos, que no es cierta la frase de \u201cno robo, no miento\u2026\u201d<\/p>\n<p><em><a href=\"mailto:elefa44@gmail.com\" target=\"_blank\" rel=\"noopener noreferrer\">elefa44@gmail.com<\/a><\/em><\/p>\n","protected":false},"excerpt":{"rendered":"<p><span style=\"color: #005497;\"><strong>Eleazar Flores<\/strong><\/span><\/p>\n","protected":false},"author":3,"featured_media":0,"comment_status":"open","ping_status":"open","sticky":false,"template":"","format":"standard","meta":{"_monsterinsights_skip_tracking":false,"_monsterinsights_sitenote_active":false,"_monsterinsights_sitenote_note":"","_monsterinsights_sitenote_category":0,"footnotes":""},"categories":[81743],"tags":[81744,81776,43674],"class_list":["post-510411","post","type-post","status-publish","format-standard","hentry","category-eleazar-flores","tag-eleazar-flores","tag-espacio-electoral","tag-opinion"],"_links":{"self":[{"href":"https:\/\/www.diarioimagen.net\/index.php?rest_route=\/wp\/v2\/posts\/510411","targetHints":{"allow":["GET"]}}],"collection":[{"href":"https:\/\/www.diarioimagen.net\/index.php?rest_route=\/wp\/v2\/posts"}],"about":[{"href":"https:\/\/www.diarioimagen.net\/index.php?rest_route=\/wp\/v2\/types\/post"}],"author":[{"embeddable":true,"href":"https:\/\/www.diarioimagen.net\/index.php?rest_route=\/wp\/v2\/users\/3"}],"replies":[{"embeddable":true,"href":"https:\/\/www.diarioimagen.net\/index.php?rest_route=%2Fwp%2Fv2%2Fcomments&post=510411"}],"version-history":[{"count":0,"href":"https:\/\/www.diarioimagen.net\/index.php?rest_route=\/wp\/v2\/posts\/510411\/revisions"}],"wp:attachment":[{"href":"https:\/\/www.diarioimagen.net\/index.php?rest_route=%2Fwp%2Fv2%2Fmedia&parent=510411"}],"wp:term":[{"taxonomy":"category","embeddable":true,"href":"https:\/\/www.diarioimagen.net\/index.php?rest_route=%2Fwp%2Fv2%2Fcategories&post=510411"},{"taxonomy":"post_tag","embeddable":true,"href":"https:\/\/www.diarioimagen.net\/index.php?rest_route=%2Fwp%2Fv2%2Ftags&post=510411"}],"curies":[{"name":"wp","href":"https:\/\/api.w.org\/{rel}","templated":true}]}}