{"id":510425,"date":"2021-06-14T00:12:40","date_gmt":"2021-06-14T05:12:40","guid":{"rendered":"https:\/\/www.diarioimagen.net\/?p=510425"},"modified":"2021-06-14T04:44:08","modified_gmt":"2021-06-14T09:44:08","slug":"no-amlo-ya-no-podra-extender-su-mandato-ese-fue-el-tamano-del-golpe","status":"publish","type":"post","link":"https:\/\/www.diarioimagen.net\/?p=510425","title":{"rendered":"No, AMLO ya no podr\u00e1 extender su mandato, ese fue el tama\u00f1o del <em>golpe<\/em>"},"content":{"rendered":"<h2>Tras la puerta del poder<\/h2>\n<h5>Roberto Vizca\u00edno<\/h5>\n<p>&nbsp;<\/p>\n<p>Consolidados los resultados del 6 de junio, establecida la mayor\u00eda absoluta, no la calificada de Morena y aliados en San L\u00e1zaro, la amenaza de la extensi\u00f3n de mandato del presidente <strong>Andr\u00e9s Manuel L\u00f3pez Obrador<\/strong> se diluy\u00f3 como brisa de abril.<\/p>\n<p>En la consulta de 2022 podr\u00e1 obtener la ratificaci\u00f3n de su mandato, pero eso no le agregar\u00e1 ni un d\u00eda m\u00e1s a su gobierno que deber\u00e1 concluir a las 12 de la noche del 30 de septiembre de 2024 de acuerdo a la reforma pol\u00edtico-electoral publicada en el <em>Diario Oficial de la Federaci\u00f3n<\/em> el 10 de febrero de 2014.<\/p>\n<p>Para reformar la Constituci\u00f3n necesitar\u00eda unos 50 votos de la oposici\u00f3n. \u00c9l ha dicho que los podr\u00eda lograr del PRI que ahora tendr\u00e1 quiz\u00e1 unos 75 diputados. La verdad es que se ve imposible que alguno de la oposici\u00f3n le vaya a dar ni un voto para buscar la extensi\u00f3n de su mandato porque eso les impedir\u00eda al PRI o PAN lanzar candidatos viables a la presidencial de 2024.<\/p>\n<p>Con los diputados que le dieron sus votantes, <strong>AMLO<\/strong> podr\u00e1 sacar adelante sus presupuestos y algunas reformas no constitucionales, pero no podr\u00e1 imponer alegremente ni en forma irracional o en el absurdo, como lo hizo en los 3 a\u00f1os anteriores, nombramientos en la Suprema Corte o en el INE o en cualquier organismo aut\u00f3nomo.<\/p>\n<p>Tendr\u00e1 que negociar todo. Todo con quienes se neg\u00f3 a reunirse siquiera en su primer trienio.<\/p>\n<p>A partir de hoy, consolidados los resultados, repartidos los <em>pluris<\/em> para cada fuerza, se iniciar\u00e1 el reparto de presidencias en las Comisiones en San L\u00e1zaro. Su integraci\u00f3n. Y la nueva integraci\u00f3n de la Auditor\u00eda Superior de la Federaci\u00f3n, que deber\u00e1 estrechar m\u00e1s sus indagaciones sobre el uso de los muchos billones de pesos del presupuesto ejercido arbitraria, ilegalmente por <strong>AMLO<\/strong>.<\/p>\n<p>Y en eso puede haber c\u00e1rcel para muchos. Adem\u00e1s de una exhibici\u00f3n p\u00fablica para el r\u00e9gimen que se supon\u00eda m\u00e1s honesto que nunca hab\u00eda existido.<\/p>\n<p>Habr\u00e1 necesariamente una recomposici\u00f3n de la Jurisdiccional, que es donde caminan los juicios pol\u00edticos y los desafueros.<\/p>\n<p>Y ni que decir que habr\u00e1 una necesaria recomposici\u00f3n de la presidencia de la C\u00e1mara.<\/p>\n<p>Todo eso deber\u00e1 realizarse antes del 1 de septiembre al inicio de la siguiente Legislatura.<\/p>\n<p style=\"text-align: center;\"><strong>Balance y juego nuevo<\/strong><\/p>\n<p>En el inicio de una nueva legislatura, <strong>Ricardo Monreal<\/strong> enumer\u00f3 los logros alcanzados por la LXIV legislatura para alcanzar los objetivos de redise\u00f1o de la Constituci\u00f3n dentro de los objetivos de la Cuarta Transformaci\u00f3n y como base para una nueva etapa de acuerdos con una nueva integraci\u00f3n de la oposici\u00f3n.<\/p>\n<p>El reto para los siguientes 3 a\u00f1os es, dice el zacatecano, a partir de las 377 reformas alcanzadas del 1 de septiembre de 2018 al 30 de abril de 2021: 54 de para la reorganizaci\u00f3n gubernamental; 51 de justicia; 48 para el desarrollo social y econ\u00f3mico; 48 sobre derechos humanos y 43 de seguridad; 35 sobre trabajo y previsi\u00f3n social; 30 sobre salud; 29 en educaci\u00f3n y cultura;21 sobre medio ambiente y 18 en bienestar. De todas estas 30 fueron reformas constitucionales y 30 leyes de nueva creaci\u00f3n.<\/p>\n<p>As\u00ed salieron la nueva Ley Org\u00e1nica de la Fiscal\u00eda General de la Rep\u00fablica, la creaci\u00f3n de la Guardia Nacional, la prohibici\u00f3n de la condonaci\u00f3n de impuestos, la extinci\u00f3n de fideicomisos, las reformas para el combate a empresas fantasmas y facturas falsas, la regulaci\u00f3n de la subcontrataci\u00f3n y sobre libertad sindical, la incorporaci\u00f3n de la paridad de g\u00e9nero en cargos p\u00fablicos, la tipificaci\u00f3n de la violencia pol\u00edtica por razones de g\u00e9nero y la violencia digital y medi\u00e1tica en contra de las mujeres.<\/p>\n<p>Otros m\u00e1s fueron la imprescriptibilidad de delitos sexuales contra menores y la prohibici\u00f3n del castigo corporal a ni\u00f1os, ni\u00f1as y adolescentes, as\u00ed como los que garantizan el libre tr\u00e1nsito en las playas, las modificaciones sobre la consulta popular, revocaci\u00f3n de mandato, acotaci\u00f3n del fuero presidencial y de legisladores federales o para la eliminaci\u00f3n de la partida secreta.<\/p>\n<p><em><a href=\"mailto:rvizcainoa@gmail.com\" target=\"_blank\" rel=\"noopener noreferrer\">rvizcainoa@gmail.com<\/a><br \/>\n<u><a href=\"http:\/\/endirecto.mx\" target=\"_blank\" rel=\"noopener noreferrer\">www.endirecto.mx<\/a><br \/>\n<a href=\"https:\/\/twitter.com\/_rvizcaino\" target=\"_blank\" rel=\"noopener noreferrer\">@_RVizcaino<\/a><br \/>\n<a href=\"https:\/\/www.facebook.com\/rvizcainoa\" target=\"_blank\" rel=\"noopener noreferrer\">facebook.com\/rvizcainoa<\/a><\/u><\/em><\/p>\n","protected":false},"excerpt":{"rendered":"<p><span style=\"color: #005497;\"><strong>Roberto Vizca\u00edno<\/strong><\/span><br \/>\n<br \/>\nConsolidados los resultados del 6 de junio, establecida la mayor\u00eda absoluta, no la calificada de Morena y aliados en San L\u00e1zaro, la amenaza de la extensi\u00f3n de mandato del presidente <strong>Andr\u00e9s Manuel L\u00f3pez Obrador<\/strong> se diluy\u00f3 como brisa de abril.<\/p>\n","protected":false},"author":3,"featured_media":0,"comment_status":"open","ping_status":"open","sticky":false,"template":"","format":"standard","meta":{"_monsterinsights_skip_tracking":false,"_monsterinsights_sitenote_active":false,"_monsterinsights_sitenote_note":"","_monsterinsights_sitenote_category":0,"footnotes":""},"categories":[136],"tags":[43674,93,94],"class_list":["post-510425","post","type-post","status-publish","format-standard","hentry","category-roberto-vizcaino-opinion","tag-opinion","tag-roberto-vizcaino","tag-tras-la-puerta-del-poder"],"_links":{"self":[{"href":"https:\/\/www.diarioimagen.net\/index.php?rest_route=\/wp\/v2\/posts\/510425","targetHints":{"allow":["GET"]}}],"collection":[{"href":"https:\/\/www.diarioimagen.net\/index.php?rest_route=\/wp\/v2\/posts"}],"about":[{"href":"https:\/\/www.diarioimagen.net\/index.php?rest_route=\/wp\/v2\/types\/post"}],"author":[{"embeddable":true,"href":"https:\/\/www.diarioimagen.net\/index.php?rest_route=\/wp\/v2\/users\/3"}],"replies":[{"embeddable":true,"href":"https:\/\/www.diarioimagen.net\/index.php?rest_route=%2Fwp%2Fv2%2Fcomments&post=510425"}],"version-history":[{"count":0,"href":"https:\/\/www.diarioimagen.net\/index.php?rest_route=\/wp\/v2\/posts\/510425\/revisions"}],"wp:attachment":[{"href":"https:\/\/www.diarioimagen.net\/index.php?rest_route=%2Fwp%2Fv2%2Fmedia&parent=510425"}],"wp:term":[{"taxonomy":"category","embeddable":true,"href":"https:\/\/www.diarioimagen.net\/index.php?rest_route=%2Fwp%2Fv2%2Fcategories&post=510425"},{"taxonomy":"post_tag","embeddable":true,"href":"https:\/\/www.diarioimagen.net\/index.php?rest_route=%2Fwp%2Fv2%2Ftags&post=510425"}],"curies":[{"name":"wp","href":"https:\/\/api.w.org\/{rel}","templated":true}]}}