{"id":510545,"date":"2021-06-15T00:01:09","date_gmt":"2021-06-15T05:01:09","guid":{"rendered":"https:\/\/www.diarioimagen.net\/?p=510545"},"modified":"2021-06-15T04:28:21","modified_gmt":"2021-06-15T09:28:21","slug":"apoya-tlalnepantla-a-personal-de-primera-linea-contra-coronavirus","status":"publish","type":"post","link":"https:\/\/www.diarioimagen.net\/?p=510545","title":{"rendered":"Apoya Tlalnepantla a personal de primera l\u00ednea contra coronavirus"},"content":{"rendered":"<p>&nbsp;<\/p>\n<ul>\n<li><em><strong>A personal del Instituto Municipal de Salud y del DIF<\/strong><\/em><\/li>\n<\/ul>\n<p>&nbsp;<\/p>\n<div id=\"attachment_510651\" style=\"width: 470px\" class=\"wp-caption aligncenter\"><a href=\"https:\/\/www.diarioimagen.net\/?attachment_id=510651\" rel=\"attachment wp-att-510651\"><img loading=\"lazy\" decoding=\"async\" aria-describedby=\"caption-attachment-510651\" class=\"size-full wp-image-510651\" src=\"https:\/\/www.diarioimagen.net\/wp-content\/uploads\/2021\/06\/tlalnepantla-5.jpg\" alt=\"\" width=\"460\" height=\"270\" \/><\/a><p id=\"caption-attachment-510651\" class=\"wp-caption-text\">Durante la octog\u00e9sima sexta sesi\u00f3n ordinaria de cabildo se autoriz\u00f3 entregar el apoyo econ\u00f3mico al personal del IMS y del DIF<\/p><\/div>\n<p>&nbsp;<\/p>\n<p><strong>Tlalnepantla, Estado de M\u00e9xico<\/strong>.- El cuerpo edilicio de Tlalnepantla aprob\u00f3 por unanimidad otorgar un apoyo econ\u00f3mico al personal del Instituto Municipal de Salud (IMS) y del Sistema Municipal para el Desarrollo Integral de la Familia (SMDIF) que estuvo en la primera l\u00ednea de acci\u00f3n para mitigar la propagaci\u00f3n de la Covid-19.<\/p>\n<p>Durante la Octog\u00e9sima Sexta Sesi\u00f3n Ordinaria de Cabildo se autoriz\u00f3 entregar el apoyo econ\u00f3mico al personal del IMS que particip\u00f3 en la toma de muestras para realizar las pruebas r\u00e1pidas de CovidD-19, seguimiento m\u00e9dico a pacientes detectados como positivos, desinfecci\u00f3n a domicilios y negocios con casos sospechosos o confirmados, entre otros.<\/p>\n<p>Los servidores p\u00fablicos del SMDIF brindaron consultas generales a pacientes con Covid-19 y a sus familiares, pl\u00e1ticas de tanatolog\u00eda, realizaron toma de temperatura y presi\u00f3n arterial a personas con pacientes internados en el Hospital General Regional 72 del Instituto Mexicano del Seguro Social (IMSS), designado como \u2018Hospital Covid\u2019.<\/p>\n<p>El Secretario del Ayuntamiento, Miguel \u00c1ngel Bravo Suberville, indic\u00f3 que con esta medida se reconoce el apoyo brindado por las y los servidores p\u00fablicos, quienes redoblaron esfuerzos para enfrentar la pandemia y salvaguardar la integridad de los habitantes de Nuestra Ciudad.<\/p>\n","protected":false},"excerpt":{"rendered":"<p>El cuerpo edilicio de Tlalnepantla aprob\u00f3 por unanimidad otorgar un apoyo econ\u00f3mico al personal del Instituto Municipal de Salud (IMS) y del Sistema Municipal para el Desarrollo Integral de la Familia (SMDIF) que estuvo en la primera l\u00ednea de acci\u00f3n para mitigar la propagaci\u00f3n de la Covid-19.<\/p>\n","protected":false},"author":3,"featured_media":510651,"comment_status":"open","ping_status":"open","sticky":false,"template":"","format":"standard","meta":{"_monsterinsights_skip_tracking":false,"_monsterinsights_sitenote_active":false,"_monsterinsights_sitenote_note":"","_monsterinsights_sitenote_category":0,"footnotes":""},"categories":[5],"tags":[89658,43675,14499,169],"class_list":["post-510545","post","type-post","status-publish","format-standard","has-post-thumbnail","hentry","category-estado-de-mexico","tag-coronavirus","tag-estado-de-mexico","tag-personal","tag-tlalnepantla"],"_links":{"self":[{"href":"https:\/\/www.diarioimagen.net\/index.php?rest_route=\/wp\/v2\/posts\/510545","targetHints":{"allow":["GET"]}}],"collection":[{"href":"https:\/\/www.diarioimagen.net\/index.php?rest_route=\/wp\/v2\/posts"}],"about":[{"href":"https:\/\/www.diarioimagen.net\/index.php?rest_route=\/wp\/v2\/types\/post"}],"author":[{"embeddable":true,"href":"https:\/\/www.diarioimagen.net\/index.php?rest_route=\/wp\/v2\/users\/3"}],"replies":[{"embeddable":true,"href":"https:\/\/www.diarioimagen.net\/index.php?rest_route=%2Fwp%2Fv2%2Fcomments&post=510545"}],"version-history":[{"count":0,"href":"https:\/\/www.diarioimagen.net\/index.php?rest_route=\/wp\/v2\/posts\/510545\/revisions"}],"wp:featuredmedia":[{"embeddable":true,"href":"https:\/\/www.diarioimagen.net\/index.php?rest_route=\/wp\/v2\/media\/510651"}],"wp:attachment":[{"href":"https:\/\/www.diarioimagen.net\/index.php?rest_route=%2Fwp%2Fv2%2Fmedia&parent=510545"}],"wp:term":[{"taxonomy":"category","embeddable":true,"href":"https:\/\/www.diarioimagen.net\/index.php?rest_route=%2Fwp%2Fv2%2Fcategories&post=510545"},{"taxonomy":"post_tag","embeddable":true,"href":"https:\/\/www.diarioimagen.net\/index.php?rest_route=%2Fwp%2Fv2%2Ftags&post=510545"}],"curies":[{"name":"wp","href":"https:\/\/api.w.org\/{rel}","templated":true}]}}