{"id":510552,"date":"2021-06-15T00:04:00","date_gmt":"2021-06-15T05:04:00","guid":{"rendered":"https:\/\/www.diarioimagen.net\/?p=510552"},"modified":"2021-06-15T04:32:21","modified_gmt":"2021-06-15T09:32:21","slug":"enrique-vargas-del-villar-sera-diputado-de-la-lxi-legislatura","status":"publish","type":"post","link":"https:\/\/www.diarioimagen.net\/?p=510552","title":{"rendered":"Enrique Vargas del Villar ser\u00e1 diputado de la LXI Legislatura\u00a0"},"content":{"rendered":"<p><strong>\u00a0<\/strong><\/p>\n<p><a href=\"https:\/\/www.diarioimagen.net\/?attachment_id=510659\" rel=\"attachment wp-att-510659\"><img loading=\"lazy\" decoding=\"async\" class=\"aligncenter size-full wp-image-510659\" src=\"https:\/\/www.diarioimagen.net\/wp-content\/uploads\/2021\/06\/huixquilucan-8.jpg\" alt=\"\" width=\"460\" height=\"270\" \/><\/a><\/p>\n<p>&nbsp;<\/p>\n<p><strong>Huixquilucan, Estado de M\u00e9xico.- <\/strong>En las instalaciones del Instituto Electoral del Estado de M\u00e9xico, Enrique Vargas del Villar, recibi\u00f3 su constancia que lo acredita como diputado de la LXI legislatura, que iniciar\u00e1 el pr\u00f3ximo 5 de septiembre de 2021.<\/p>\n","protected":false},"excerpt":{"rendered":"<p>En las instalaciones del Instituto Electoral del Estado de M\u00e9xico, Enrique Vargas del Villar, recibi\u00f3 su constancia que lo acredita como diputado de la LXI legislatura, que iniciar\u00e1 el pr\u00f3ximo 5 de septiembre de 2021.<\/p>\n","protected":false},"author":3,"featured_media":510659,"comment_status":"open","ping_status":"open","sticky":false,"template":"","format":"standard","meta":{"_monsterinsights_skip_tracking":false,"_monsterinsights_sitenote_active":false,"_monsterinsights_sitenote_note":"","_monsterinsights_sitenote_category":0,"footnotes":""},"categories":[5],"tags":[47218,43675,1097],"class_list":["post-510552","post","type-post","status-publish","format-standard","has-post-thumbnail","hentry","category-estado-de-mexico","tag-enrique-vargas-del-villar","tag-estado-de-mexico","tag-huixquilucan"],"_links":{"self":[{"href":"https:\/\/www.diarioimagen.net\/index.php?rest_route=\/wp\/v2\/posts\/510552","targetHints":{"allow":["GET"]}}],"collection":[{"href":"https:\/\/www.diarioimagen.net\/index.php?rest_route=\/wp\/v2\/posts"}],"about":[{"href":"https:\/\/www.diarioimagen.net\/index.php?rest_route=\/wp\/v2\/types\/post"}],"author":[{"embeddable":true,"href":"https:\/\/www.diarioimagen.net\/index.php?rest_route=\/wp\/v2\/users\/3"}],"replies":[{"embeddable":true,"href":"https:\/\/www.diarioimagen.net\/index.php?rest_route=%2Fwp%2Fv2%2Fcomments&post=510552"}],"version-history":[{"count":0,"href":"https:\/\/www.diarioimagen.net\/index.php?rest_route=\/wp\/v2\/posts\/510552\/revisions"}],"wp:featuredmedia":[{"embeddable":true,"href":"https:\/\/www.diarioimagen.net\/index.php?rest_route=\/wp\/v2\/media\/510659"}],"wp:attachment":[{"href":"https:\/\/www.diarioimagen.net\/index.php?rest_route=%2Fwp%2Fv2%2Fmedia&parent=510552"}],"wp:term":[{"taxonomy":"category","embeddable":true,"href":"https:\/\/www.diarioimagen.net\/index.php?rest_route=%2Fwp%2Fv2%2Fcategories&post=510552"},{"taxonomy":"post_tag","embeddable":true,"href":"https:\/\/www.diarioimagen.net\/index.php?rest_route=%2Fwp%2Fv2%2Ftags&post=510552"}],"curies":[{"name":"wp","href":"https:\/\/api.w.org\/{rel}","templated":true}]}}