{"id":510572,"date":"2021-06-15T00:04:32","date_gmt":"2021-06-15T05:04:32","guid":{"rendered":"https:\/\/www.diarioimagen.net\/?p=510572"},"modified":"2021-06-15T02:36:43","modified_gmt":"2021-06-15T07:36:43","slug":"linea-12-politizacion-de-la-tragedia","status":"publish","type":"post","link":"https:\/\/www.diarioimagen.net\/?p=510572","title":{"rendered":"L\u00ednea 12, politizaci\u00f3n de la tragedia"},"content":{"rendered":"<h2>Desde el portal<\/h2>\n<h5>\u00c1ngel Soriano<\/h5>\n<p>&nbsp;<\/p>\n<p>Resulta ingenuo adelantar que con la responsabilidad de la desgracia de la L\u00ednea 12 del Metro se descarrilar\u00e1 una candidatura presidencial, cuando todos sabemos que los or\u00edgenes y las causas de la misma son del conocimiento p\u00fablico: omisi\u00f3n, negligencia, corrupci\u00f3n y fallas t\u00e9cnicas de las que sucesivas administraciones p\u00fablicas tienen incumbencia.<\/p>\n<p>En consecuencia, la candidatura presidencial se decidir\u00e1 de acuerdo al proyecto gubernamental en marcha, no en un suceso lamentable que, desde luego tiene implicaciones pol\u00edticas, pero no es factor de decisi\u00f3n; lo que tiene que ver es el ajuste pol\u00edtico a los adversarios para con consolidar al grupo gobernante, sin que afecte a ninguno de sus integrantes.<\/p>\n<p>Sobre todo porque los que aparentemente est\u00e1n en disputa, la jefa de Gobierno de la CDMX, Claudia Sheinbaum, y el canciller Marcelo Ebrard, gozan de la preferencia del ocupante de Palacio Nacional que conoce a la perfecci\u00f3n lo que ocurre en el gobierno capitalino y en toda la capital, por no decir que en todo el pa\u00eds.<\/p>\n<p>La motivaci\u00f3n de la publicaci\u00f3n period\u00edstica en el extranjero tiene otro prop\u00f3sito: desviar la atenci\u00f3n hacia los presidenciables y encubrir y deslindar a uno de los se\u00f1alados como culpable, que cuenta con el poder y los recursos suficientes como para financiar a un equipo period\u00edstico de calidad mundial para hacer un trabajo como lo realizado; por ah\u00ed va la \u201cL\u00ednea Dorada\u201d.<\/p>\n<p style=\"text-align: center;\"><strong>Turbulencias<br \/>\nPrevalece la pluralidad pol\u00edtica<\/strong><\/p>\n<p>El consejero presidente del INE, Lorenzo C\u00f3rdova Vianello, se\u00f1al\u00f3 que el resultado de los comicios del 6 de junio ha dejado como lecci\u00f3n que en el pa\u00eds prevalece la pluralidad pol\u00edtica y ni los triunfadores tienen garantizado su permanencia ni los derrotados tienen el rechazo en las urnas. M\u00e9xico se ha manifestado por la libertad y la convivencia plural de la sociedad, indic\u00f3\u2026 Arropado por el principal l\u00edder del movimiento social de 2006, Flavio Sosa, y con la simpat\u00eda del presidente Andr\u00e9s Manuel L\u00f3pez Obrador \u2013a quien salud\u00f3 en Tepuxtepec durante el recorrido de supervisi\u00f3n de la autopista Mitla-Tehuantepec-, el alcalde electo de la ciudad de Oaxaca, Francisco Mart\u00ednez Neri, se apresta a la conformaci\u00f3n de su equipo de gobierno y la sociedad oaxaque\u00f1a se pregunta si el presupuesto municipal ser\u00e1 suficiente para albergar a tantos partidarios provenientes de diversas expresiones sociales que se han volcado en apoyo al ex rector de la UABJO. Seguramente tiene la f\u00f3rmula, pero lo que es un hecho es que el pr\u00f3ximo edil se apunta como serio competidor por la gubernatura del estado. Y se pregunta tambi\u00e9n la sociedad civil si el actual gobernador Alejandro Murat rompi\u00f3 ya con las administraciones anteriores, a las que sucesivamente las ha culpado de negligencia y corrupci\u00f3n en el atraso de la construcci\u00f3n de las autopistas hacia el Istmo de Tehuantepec y hacia la costa oaxaque\u00f1a. Ambas supercarreteras fueron proyectadas en gobiernos de Jos\u00e9 Murat, Ulises Ruiz y Gabino Cu\u00e9, que no las concluyeron. Se not\u00f3 al presidente L\u00f3pez Obrador muy emocionado con las obras en marcha -que concluir\u00e1n entre 2021 y 2022-, sobre todo por la alta tecnolog\u00eda y decisi\u00f3n de los operarios que demuestran c\u00f3mo los mexicanos somos capaces de la realizaci\u00f3n de grandes obras. Y no s\u00f3lo grandes obras, sino peque\u00f1as, como los caminos vecinales, en donde se realizan verdaderas obras de arte que, a decir del Presidente, s\u00f3lo se pueden hacer en un estado como Oaxaca con sus tradiciones culturales y costumbres ancestrales.<\/p>\n<p><a href=\"mailto:asorianocarrasco@yahoo.com\" target=\"_blank\" rel=\"noopener noreferrer\"><em>asorianocarrasco@yahoo.com<\/em><\/a><br \/>\n<em><a href=\"https:\/\/revistabrecha.com\" target=\"_blank\" rel=\"noopener noreferrer\">www.revistabrecha.com<\/a><br \/>\n<a href=\"https:\/\/twitter.com\/brecharevista\" target=\"_blank\" rel=\"noopener noreferrer\">@BrechaRevista<\/a><\/em><\/p>\n","protected":false},"excerpt":{"rendered":"<p><span style=\"color: #005497;\"><strong>\u00c1ngel Soriano<\/strong><\/span><\/p>\n","protected":false},"author":3,"featured_media":0,"comment_status":"open","ping_status":"open","sticky":false,"template":"","format":"standard","meta":{"_monsterinsights_skip_tracking":false,"_monsterinsights_sitenote_active":false,"_monsterinsights_sitenote_note":"","_monsterinsights_sitenote_category":0,"footnotes":""},"categories":[135],"tags":[85,86,43674],"class_list":["post-510572","post","type-post","status-publish","format-standard","hentry","category-angel-soriano-opinion","tag-angel-soriano","tag-desde-el-portal","tag-opinion"],"_links":{"self":[{"href":"https:\/\/www.diarioimagen.net\/index.php?rest_route=\/wp\/v2\/posts\/510572","targetHints":{"allow":["GET"]}}],"collection":[{"href":"https:\/\/www.diarioimagen.net\/index.php?rest_route=\/wp\/v2\/posts"}],"about":[{"href":"https:\/\/www.diarioimagen.net\/index.php?rest_route=\/wp\/v2\/types\/post"}],"author":[{"embeddable":true,"href":"https:\/\/www.diarioimagen.net\/index.php?rest_route=\/wp\/v2\/users\/3"}],"replies":[{"embeddable":true,"href":"https:\/\/www.diarioimagen.net\/index.php?rest_route=%2Fwp%2Fv2%2Fcomments&post=510572"}],"version-history":[{"count":0,"href":"https:\/\/www.diarioimagen.net\/index.php?rest_route=\/wp\/v2\/posts\/510572\/revisions"}],"wp:attachment":[{"href":"https:\/\/www.diarioimagen.net\/index.php?rest_route=%2Fwp%2Fv2%2Fmedia&parent=510572"}],"wp:term":[{"taxonomy":"category","embeddable":true,"href":"https:\/\/www.diarioimagen.net\/index.php?rest_route=%2Fwp%2Fv2%2Fcategories&post=510572"},{"taxonomy":"post_tag","embeddable":true,"href":"https:\/\/www.diarioimagen.net\/index.php?rest_route=%2Fwp%2Fv2%2Ftags&post=510572"}],"curies":[{"name":"wp","href":"https:\/\/api.w.org\/{rel}","templated":true}]}}