{"id":510581,"date":"2021-06-15T00:03:52","date_gmt":"2021-06-15T05:03:52","guid":{"rendered":"https:\/\/www.diarioimagen.net\/?p=510581"},"modified":"2021-06-15T02:40:30","modified_gmt":"2021-06-15T07:40:30","slug":"pluris-mexiquenses","status":"publish","type":"post","link":"https:\/\/www.diarioimagen.net\/?p=510581","title":{"rendered":"\u201cPluris\u201d mexiquenses"},"content":{"rendered":"<h2>Espacio Electoral<\/h2>\n<h5>Eleazar Flores<\/h5>\n<p>&nbsp;<\/p>\n<p><strong>FRENTE ANTI-MORENA-.<\/strong> Los candidatos de la alianza PAN-PRI-PRD que alcanzaron la repartici\u00f3n de diputaciones plurinominales por solidaridad apoyar\u00e1n al gobernador Del Mazo en el tercer tercio de su administraci\u00f3n, el m\u00e1s dif\u00edcil.<\/p>\n<p>Por fama, los plurinominales panistas y priistas no paran y el PRD tampoco, no obstante que estos \u00faltimos carecen de fama en relaci\u00f3n a tricolores y azules.<\/p>\n<p>NOMBRES-. Del lado blanquiazul destacan como nuevos diputados locales plurinominales el ex presidente municipal de Huixquilucan Enrique Vargas -que incluso tuvo representaci\u00f3n nacional de sus colegas-, adem\u00e1s de Ingrid Krasapani.<\/p>\n<p>Por los tricolores, tiene su premio la presidenta estatal\u00a0 Alejandra del Moral -que incluso apunta para lideresa, as\u00ed como, Evelyn Osorio, Elias Rescala y Jes\u00fas Izquierdo, ex funcionarios de la Secretar\u00eda General de Gobierno.<\/p>\n<p>Por los aurinegros del PRD, est\u00e1n Viridiana Fuentes y Alma Lilia Luna, con larga carrera eminentemente partidista.<\/p>\n<p>Hasta aqu\u00ed el bloque de \u201cpluris\u201d aliancistas, m\u00e1s que delmacistas antimorenistas. En total son 11 que se sumar\u00e1n a los de Mayor\u00eda Relativa.<\/p>\n<p>Por el bloque de \u201cpluris\u201d morenistas \u201cpuros\u201d suman 8, destacando Karina Labastida, Abraham Saron\u00e9, ex l\u00edder del sindicato estatal del magisterio -antes siempre priista-, Max Correa, Alicia Mercado, Luz Mar\u00eda Hern\u00e1ndez, Dionisio Garc\u00eda y Margarito Gonz\u00e1lez.<\/p>\n<p>A este bloque, seguro se sumar\u00e1n sus aliados \u201cpluris\u201d del PT, Armando Bautista y Silvia Barberena as\u00ed como del Verde, Claudia Desiree y Mar\u00eda Luisa Mondrag\u00f3n.<\/p>\n<p>Otros diputados locales plurinominales son M\u00f3nica Granillo, Monserrat Ruiz y Mar\u00eda de Jes\u00fas Galicia, del Panal, as\u00ed como Juana Bonilla\u00a0 y Mart\u00edn Zepeda del MC, quienes seguramente negociar\u00e1n sus votos llegado el momento, con los bloques que m\u00e1s les convengan.<\/p>\n<p>En bloques legislativos armados, ya ning\u00fan partido logra mayor\u00eda, pues est\u00e1n divididos, Morena, PT y PV en un tercio y otro m\u00e1s por PAN, PRI y PRD. Los no pertenecientes p\u00fablicamente a ninguno de ambos bloques integran el tercer tercio, de ah\u00ed su papel \u201cbisagra\u201d cuando de aprobar leyes se trate.<\/p>\n<p><strong>AJUSTES-.<\/strong> La inminente integraci\u00f3n de la nueva Legislatura mexiquense obliga al gobernador Alfredo Del Mazo ajustar o reforzar \u00e1reas de su administraci\u00f3n, tanto en el primer nivel como en el ampliado.<\/p>\n<p>Un caso visible es el PRI mexiquense donde Alejandra del Moral en sus dos etapas como presidenta lleva casi un lustro despachando como tal, con integrantes de su comit\u00e9 llegados por instrucciones superiores, no de ella, y en cuanto a resultados recientes, hay opiniones variadas.<\/p>\n<p>En cuanto al bloque opositor, preferentemente moreno, unos m\u00e1s y otros menos, pero la mayor\u00eda de legisladores ya se sienten ganadores para los comicios de 2023 cuando se elija nuevo gobernador.<\/p>\n<p>Cuadros texcocanos ya lo cantan como Higinio Mart\u00ednez ex candidato hace casi 20 a\u00f1os.<\/p>\n<p><em><a href=\"mailto:elefa44@gmail.com\" target=\"_blank\" rel=\"noopener noreferrer\">elefa44@gmail.com<\/a><\/em><\/p>\n","protected":false},"excerpt":{"rendered":"<p><span style=\"color: #005497;\"><strong>Eleazar Flores<\/strong><\/span><\/p>\n","protected":false},"author":3,"featured_media":0,"comment_status":"open","ping_status":"open","sticky":false,"template":"","format":"standard","meta":{"_monsterinsights_skip_tracking":false,"_monsterinsights_sitenote_active":false,"_monsterinsights_sitenote_note":"","_monsterinsights_sitenote_category":0,"footnotes":""},"categories":[81743],"tags":[81744,81776,43674],"class_list":["post-510581","post","type-post","status-publish","format-standard","hentry","category-eleazar-flores","tag-eleazar-flores","tag-espacio-electoral","tag-opinion"],"_links":{"self":[{"href":"https:\/\/www.diarioimagen.net\/index.php?rest_route=\/wp\/v2\/posts\/510581","targetHints":{"allow":["GET"]}}],"collection":[{"href":"https:\/\/www.diarioimagen.net\/index.php?rest_route=\/wp\/v2\/posts"}],"about":[{"href":"https:\/\/www.diarioimagen.net\/index.php?rest_route=\/wp\/v2\/types\/post"}],"author":[{"embeddable":true,"href":"https:\/\/www.diarioimagen.net\/index.php?rest_route=\/wp\/v2\/users\/3"}],"replies":[{"embeddable":true,"href":"https:\/\/www.diarioimagen.net\/index.php?rest_route=%2Fwp%2Fv2%2Fcomments&post=510581"}],"version-history":[{"count":0,"href":"https:\/\/www.diarioimagen.net\/index.php?rest_route=\/wp\/v2\/posts\/510581\/revisions"}],"wp:attachment":[{"href":"https:\/\/www.diarioimagen.net\/index.php?rest_route=%2Fwp%2Fv2%2Fmedia&parent=510581"}],"wp:term":[{"taxonomy":"category","embeddable":true,"href":"https:\/\/www.diarioimagen.net\/index.php?rest_route=%2Fwp%2Fv2%2Fcategories&post=510581"},{"taxonomy":"post_tag","embeddable":true,"href":"https:\/\/www.diarioimagen.net\/index.php?rest_route=%2Fwp%2Fv2%2Ftags&post=510581"}],"curies":[{"name":"wp","href":"https:\/\/api.w.org\/{rel}","templated":true}]}}