{"id":510724,"date":"2021-06-16T00:01:40","date_gmt":"2021-06-16T05:01:40","guid":{"rendered":"https:\/\/www.diarioimagen.net\/?p=510724"},"modified":"2021-06-16T08:05:32","modified_gmt":"2021-06-16T13:05:32","slug":"la-juventud-no-comulga-con-irresponsabilidad-luis-felipe-huitron-regidor-de-cuautitlan-izcalli","status":"publish","type":"post","link":"https:\/\/www.diarioimagen.net\/?p=510724","title":{"rendered":"La juventud no comulga con irresponsabilidad: Luis Felipe Huitr\u00f3n, regidor de Cuautitl\u00e1n Izcalli"},"content":{"rendered":"<p>&nbsp;<\/p>\n<ul>\n<li><strong><em>Detalla el programa \u201cSeguridad Vecinal\u201d<\/em><\/strong><\/li>\n<\/ul>\n<p>&nbsp;<\/p>\n<div id=\"attachment_510859\" style=\"width: 470px\" class=\"wp-caption aligncenter\"><a href=\"https:\/\/www.diarioimagen.net\/?attachment_id=510859\" rel=\"attachment wp-att-510859\"><img loading=\"lazy\" decoding=\"async\" aria-describedby=\"caption-attachment-510859\" class=\"size-full wp-image-510859\" src=\"https:\/\/www.diarioimagen.net\/wp-content\/uploads\/2021\/06\/Izcalli.jpg\" alt=\"\" width=\"460\" height=\"270\" \/><\/a><p id=\"caption-attachment-510859\" class=\"wp-caption-text\">Luis Felipe Huitr\u00f3n, d\u00e9cimo quinto Regidor del Ayuntamiento de Cuautitl\u00e1n Izcalli, detall\u00f3 el programa \u201cSeguridad Vecinal\u201d.<\/p><\/div>\n<p>&nbsp;<\/p>\n<p><strong>Cuautitl\u00e1n Izcalli, Estado de M\u00e9xico.<\/strong>&#8211; Para el d\u00e9cimo quinto Regidor del Ayuntamiento de Cuautitl\u00e1n Izcalli, Luis Felipe Huitr\u00f3n el ser joven implica asumir y desempe\u00f1ar con responsabilidad ese honroso cargo que, dijo, le permite servir a las y los izcallenses.<\/p>\n<p>Entrevistado en su oficina del Palacio Municipal, donde asegura que pocas veces est\u00e1 ah\u00ed porque la mayor parte del tiempo lo ocupa para visitar a sus vecinos; el edil detall\u00f3 el programa \u201cSeguridad Vecinal\u201d, el cual lleva a cabo entregando equipo de alta tecnolog\u00eda para reforzar este rubro en las comunidades de Cuautitl\u00e1n Izcalli.<\/p>\n<p>\u201cEste programa surge precisamente de las lamentables condiciones de inseguridad que prevalecen en nuestro municipio; por lo que junto con algunos amigos tambi\u00e9n j\u00f3venes invertimos nuestros ahorros para comprar equipo y entregarlo a los vecinos; sobretodo a aquellos que viven en localidades que presentan mayor incidencia delictiva\u201d, enfatiz\u00f3.<\/p>\n<p>El regidor Luis Huitr\u00f3n record\u00f3 que una amiga con capacidades diferentes que fue premio estatal de la juventud y el deporte le robaron su motocicleta y ella fue quien lo impuls\u00f3 para efectuar este programa, que forma parte de las muchas actividades que realizar\u00e1 la d\u00e9cimo quinta regidur\u00eda a su cargo.<\/p>\n<p>\u201cEl equipo de la d\u00e9cimo quinta regidur\u00eda traemos mucha disposici\u00f3n de trabajar de la mano con nuestros vecinos; por lo que estaremos visitando las comunidades para platicar con sus habitantes y acordar que podemos hacer para responder a sus necesidades\u201d, puntualiz\u00f3 el edil Luis Felipe Huitr\u00f3n.<\/p>\n","protected":false},"excerpt":{"rendered":"<p>Para el d\u00e9cimo quinto Regidor del Ayuntamiento de Cuautitl\u00e1n Izcalli, Luis Felipe Huitr\u00f3n el ser joven implica asumir y desempe\u00f1ar con responsabilidad ese honroso cargo que, dijo, le permite servir a las y los izcallenses.<\/p>\n","protected":false},"author":3,"featured_media":510859,"comment_status":"open","ping_status":"open","sticky":false,"template":"","format":"standard","meta":{"_monsterinsights_skip_tracking":false,"_monsterinsights_sitenote_active":false,"_monsterinsights_sitenote_note":"","_monsterinsights_sitenote_category":0,"footnotes":""},"categories":[5],"tags":[971,43675,93173],"class_list":["post-510724","post","type-post","status-publish","format-standard","has-post-thumbnail","hentry","category-estado-de-mexico","tag-cuautitlan-izcalli","tag-estado-de-mexico","tag-luis-felipe-huitron"],"_links":{"self":[{"href":"https:\/\/www.diarioimagen.net\/index.php?rest_route=\/wp\/v2\/posts\/510724","targetHints":{"allow":["GET"]}}],"collection":[{"href":"https:\/\/www.diarioimagen.net\/index.php?rest_route=\/wp\/v2\/posts"}],"about":[{"href":"https:\/\/www.diarioimagen.net\/index.php?rest_route=\/wp\/v2\/types\/post"}],"author":[{"embeddable":true,"href":"https:\/\/www.diarioimagen.net\/index.php?rest_route=\/wp\/v2\/users\/3"}],"replies":[{"embeddable":true,"href":"https:\/\/www.diarioimagen.net\/index.php?rest_route=%2Fwp%2Fv2%2Fcomments&post=510724"}],"version-history":[{"count":0,"href":"https:\/\/www.diarioimagen.net\/index.php?rest_route=\/wp\/v2\/posts\/510724\/revisions"}],"wp:featuredmedia":[{"embeddable":true,"href":"https:\/\/www.diarioimagen.net\/index.php?rest_route=\/wp\/v2\/media\/510859"}],"wp:attachment":[{"href":"https:\/\/www.diarioimagen.net\/index.php?rest_route=%2Fwp%2Fv2%2Fmedia&parent=510724"}],"wp:term":[{"taxonomy":"category","embeddable":true,"href":"https:\/\/www.diarioimagen.net\/index.php?rest_route=%2Fwp%2Fv2%2Fcategories&post=510724"},{"taxonomy":"post_tag","embeddable":true,"href":"https:\/\/www.diarioimagen.net\/index.php?rest_route=%2Fwp%2Fv2%2Ftags&post=510724"}],"curies":[{"name":"wp","href":"https:\/\/api.w.org\/{rel}","templated":true}]}}