{"id":510725,"date":"2021-06-16T00:02:15","date_gmt":"2021-06-16T05:02:15","guid":{"rendered":"https:\/\/www.diarioimagen.net\/?p=510725"},"modified":"2021-06-16T08:04:33","modified_gmt":"2021-06-16T13:04:33","slug":"reabren-15-estancias-infantiles-del-dif-en-tlalnepantla-con-aforo-inicial-de-30","status":"publish","type":"post","link":"https:\/\/www.diarioimagen.net\/?p=510725","title":{"rendered":"Reabren 15 estancias infantiles del DIF en Tlalnepantla con aforo inicial de 30%"},"content":{"rendered":"<p>&nbsp;<\/p>\n<ul>\n<li><strong><em>Bajo estrictas medidas sanitarias<\/em><\/strong><\/li>\n<\/ul>\n<p>&nbsp;<\/p>\n<div id=\"attachment_510856\" style=\"width: 470px\" class=\"wp-caption aligncenter\"><a href=\"https:\/\/www.diarioimagen.net\/?attachment_id=510856\" rel=\"attachment wp-att-510856\"><img loading=\"lazy\" decoding=\"async\" aria-describedby=\"caption-attachment-510856\" class=\"size-full wp-image-510856\" src=\"https:\/\/www.diarioimagen.net\/wp-content\/uploads\/2021\/06\/tlalnepantla-6.jpg\" alt=\"\" width=\"460\" height=\"270\" \/><\/a><p id=\"caption-attachment-510856\" class=\"wp-caption-text\">Reabren 13 de las 15 estancias infantiles del DIF Tlalnepantla con un aforo de manera inicial del 30 por ciento.<\/p><\/div>\n<p>&nbsp;<\/p>\n<p><strong>Tlalnepantla, Estado de M\u00e9xico<\/strong>.- El Sistema Municipal para el Desarrollo Integral de la Familia (SMDIF) reinici\u00f3 este 15 de junio las actividades de manera presencial en 13 de las 15 estancias infantiles. Tendr\u00e1n un aforo de manera inicial del 30 por ciento, se aplicar\u00e1n las medidas sanitarias como uso de cubrebocas, gel antibacterial y sana distancia.<\/p>\n<p>El SMDIF inform\u00f3 que tras establecerse el sem\u00e1foro epidemiol\u00f3gico verde en la entidad se reiniciar\u00e1n las actividades en las estancias que atienden en total a mil 100 ni\u00f1os de 3 meses a 3 a\u00f1os y 11 meses. Entre los servicios que ofrecen se encuentran estimulaci\u00f3n temprana, programas escolarizados, guarder\u00eda y alimentos.<\/p>\n<p>La reapertura se realizar\u00e1 de manera paulatina con un aforo del 30 por ciento, conforme las autoridades de salud lo autoricen llegar\u00e1 al 70 por ciento en sem\u00e1foro verde. El personal docente est\u00e1 vacunado contra Covid-19.<\/p>\n<p>Se contar\u00e1 con el protocolo de regreso seguro con las medidas sanitarias como lavado frecuente de manos, toma de temperatura, uso obligatorio de cubrebocas y careta, adem\u00e1s de que se evitar\u00e1 que los peque\u00f1os compartan alimentos, bebidas, vasos, cubiertos, entre otros.<\/p>\n<p>Las estancias infantiles que reabrir\u00e1n son: Bertha Von Glumer, Cristina Pacheco, Eva S\u00e1mano de L\u00f3pez Mateos, Fernando Quiroz Guti\u00e9rrez, Francisco Javier Gaxiola, Jaime Sabines, Josefa Ortiz de Dom\u00ednguez, Josefa Ortiz de Dom\u00ednguez II, Madre Teresa de Calcuta, Prof. Virginia Poulat, Rosaura Zapata, Vista Hermosa y X\u00f3lotl. Las estancias L\u00e1zaro C\u00e1rdenas y Mario Col\u00edn S\u00e1nchez permanecen cerradas debido a reparaciones.<\/p>\n<p>Para conocer la disponibilidad de espacios y requisitos es necesario ponerse en contacto directo con la estancia infantil m\u00e1s cercana. Mayor informaci\u00f3n al tel\u00e9fono 55-5361-2115 extensi\u00f3n 128 o en el sitio www.diftlalnepantla.gob.mx. Se pueden consultar las direcciones y tel\u00e9fonos de los planteles en el link: https:\/\/bit.ly\/3gzwOx4.<\/p>\n","protected":false},"excerpt":{"rendered":"<p>El Sistema Municipal para el Desarrollo Integral de la Familia (SMDIF) reinici\u00f3 este 15 de junio las actividades de manera presencial en 13 de las 15 estancias infantiles. Tendr\u00e1n un aforo de manera inicial del 30 por ciento, se aplicar\u00e1n las medidas sanitarias como uso de cubrebocas, gel antibacterial y sana distancia.<\/p>\n","protected":false},"author":3,"featured_media":510856,"comment_status":"open","ping_status":"open","sticky":false,"template":"","format":"standard","meta":{"_monsterinsights_skip_tracking":false,"_monsterinsights_sitenote_active":false,"_monsterinsights_sitenote_note":"","_monsterinsights_sitenote_category":0,"footnotes":""},"categories":[5],"tags":[92423,43675,70596,169],"class_list":["post-510725","post","type-post","status-publish","format-standard","has-post-thumbnail","hentry","category-estado-de-mexico","tag-aforo","tag-estado-de-mexico","tag-estancia-infantil","tag-tlalnepantla"],"_links":{"self":[{"href":"https:\/\/www.diarioimagen.net\/index.php?rest_route=\/wp\/v2\/posts\/510725","targetHints":{"allow":["GET"]}}],"collection":[{"href":"https:\/\/www.diarioimagen.net\/index.php?rest_route=\/wp\/v2\/posts"}],"about":[{"href":"https:\/\/www.diarioimagen.net\/index.php?rest_route=\/wp\/v2\/types\/post"}],"author":[{"embeddable":true,"href":"https:\/\/www.diarioimagen.net\/index.php?rest_route=\/wp\/v2\/users\/3"}],"replies":[{"embeddable":true,"href":"https:\/\/www.diarioimagen.net\/index.php?rest_route=%2Fwp%2Fv2%2Fcomments&post=510725"}],"version-history":[{"count":0,"href":"https:\/\/www.diarioimagen.net\/index.php?rest_route=\/wp\/v2\/posts\/510725\/revisions"}],"wp:featuredmedia":[{"embeddable":true,"href":"https:\/\/www.diarioimagen.net\/index.php?rest_route=\/wp\/v2\/media\/510856"}],"wp:attachment":[{"href":"https:\/\/www.diarioimagen.net\/index.php?rest_route=%2Fwp%2Fv2%2Fmedia&parent=510725"}],"wp:term":[{"taxonomy":"category","embeddable":true,"href":"https:\/\/www.diarioimagen.net\/index.php?rest_route=%2Fwp%2Fv2%2Fcategories&post=510725"},{"taxonomy":"post_tag","embeddable":true,"href":"https:\/\/www.diarioimagen.net\/index.php?rest_route=%2Fwp%2Fv2%2Ftags&post=510725"}],"curies":[{"name":"wp","href":"https:\/\/api.w.org\/{rel}","templated":true}]}}