{"id":510759,"date":"2021-06-16T00:01:07","date_gmt":"2021-06-16T05:01:07","guid":{"rendered":"https:\/\/www.diarioimagen.net\/?p=510759"},"modified":"2021-06-16T04:42:38","modified_gmt":"2021-06-16T09:42:38","slug":"un-mexico-dividido-por-las-mentiras","status":"publish","type":"post","link":"https:\/\/www.diarioimagen.net\/?p=510759","title":{"rendered":"Un M\u00e9xico dividido por las mentiras"},"content":{"rendered":"<h2>De pe a pa<\/h2>\n<h5>Alberto Vieyra G.<\/h5>\n<p>&nbsp;<\/p>\n<p>En 1848, M\u00e9xico vivi\u00f3 una espantosa divisi\u00f3n y confrontaci\u00f3n entre liberales y conservadores, que se tradujo en el descuartizamiento de la naci\u00f3n azteca, a cargo de los <em>Halcones de Washington<\/em> que nos arrebataron 2 millones 547 mil 242 kil\u00f3metros cuadrados de nuestro territorio original, que ten\u00eda la forma de un cuerno de la abundancia. S\u00ed, EU se qued\u00f3 con la abundancia y a los mexicanos nos dejaron el puro cuerno.<\/p>\n<p>\u00bfPor qu\u00e9 hago historia? Mire usted.<\/p>\n<p>Casi dos siglos despu\u00e9s de aquella oprobiosa p\u00e1gina, M\u00e9xico vuelve a estar dividido y confrontado peligrosamente. AMLO ha sido el principal art\u00edfice de ese divisionismo y confrontaci\u00f3n, a raz\u00f3n de su desmedida ambici\u00f3n por el poder, su populismo y mitoman\u00eda que lo han orillado a proferir m\u00e1s de 53 mil mentiras en contra de los mexicanos, en poco m\u00e1s de 2 a\u00f1os y medio de desgobierno, a los que ha dividido en el M\u00e9xico de los \u201cconservadores fif\u00eds\u201d y el M\u00e9xico de los \u201cchairos\u201d.<\/p>\n<p>Despu\u00e9s de las elecciones intermedias del pasado 6 de junio, el Presidente de la Rep\u00fablica ha arremetido rabiosamente en cuando menos 3 ocasiones contra la clase media, es decir, unos 50 millones de mexicanos a los que no les perdona la debacle electoral que \u00e9l y Morena recibieron en la Ciudad de M\u00e9xico, donde la coalici\u00f3n PRI-PAN-PRD le arrebat\u00f3 la \u201cjoya de la corona\u201d. Seg\u00fan AMLO y compa\u00f1\u00eda, Morena perdi\u00f3 por una campa\u00f1a de desprestigio contra AMLO, tachado como \u201cEl falso mes\u00edas\u201d por el influyente semanario <em>The Economist, <\/em>por las mentiras de los medios de comunicaci\u00f3n y por una clase media a la que no baja de \u201caspiracioncita y ego\u00edsta\u201d<\/p>\n<p>AMLO y sus muchachitos no aceptan que en la Ciudad de M\u00e9xico perdieron por maletas y porque los muertos de la cat\u00e1strofe en la L\u00ednea 12 del Metro les pesaron mucho, mucho m\u00e1s que las mentiras que AMLO le echa todos los d\u00edas a los mexicanos. All\u00e1 en mi tierra, los rancheros dicen que \u201cdesde que se inventaron los pretextos, se acabaron los <em>pendejos<\/em>\u201d.<\/p>\n<p>Lo malo es que AMLO va a necesitar y muy pronto a la clase media a esos 50 millones de compatriotas que conforman la llamada clase media. \u00bfPara qu\u00e9? Ah\u00ed le va:<\/p>\n<p>Se acaba de reunir con los c\u00fapulos empresariales, a los que les prometi\u00f3 no subir impuestos en la pr\u00f3xima reforma fiscal con la cual pretende recaudar m\u00e1s de 2 mil millones de pesos cada a\u00f1o, extras. Y \u00bfSi no va a bolsear a los empresarios y menos a sus adictos <em>ninis<\/em>, a qui\u00e9nes entonces les va a cargar el muerto con m\u00e1s impuestos?&#8230; \u00a1Qu\u00e9 maravilloso que ya adivino! Esa reforma fiscal impactar\u00e1 en los bolsillos de la clase media y lo har\u00e1 con todo su odio y su veneno por haber convertido a AMLO y su Morena en la Ciudad de M\u00e9xico en un partido de la chiquillada.<\/p>\n<p>Pero \u00bfqui\u00e9nes conforman la clase media? De acuerdo con el Inegi, la clase media, es decir unos 50 millones de personas tienen ingresos mensuales por arriba de los 100 mil pesos o 50 mil como m\u00ednimo para darse el lujo de comer en restaurantes de alcurnia, pagar tarjetas de cr\u00e9dito, trabajar para empresas potentadas y tener estudios de cuando menos licenciatura, maestr\u00edas y doctorados y una vivienda propia tir\u00e1ndole a residencia. Obviamente, que esos compatriotas no piensan igual que los mexicanos que no han tenido estudios y que son el bot\u00edn electoral de los partidos pol\u00edticos, o si los tienen se desenvuelven en la econom\u00eda informal y su resentimiento social lo manifiestan votando por partidos pol\u00edticos como Morena que son tan venenosos como cualquier otro.<\/p>\n<p>No hay duda, que AMLO ha cometido uno de los errores pol\u00edticos m\u00e1s est\u00fapidos, m\u00e1s garrafales al soltar su furia contra la clase media con la que ha profundizado su divisi\u00f3n y confrontaci\u00f3n contra los mexicanos, algo que podr\u00eda ser tan peligroso como el hecho de querer convertir a M\u00e9xico en un protectorado o colonia de alguna otra potencia con ideolog\u00eda comunista como China o Rusia. \u00bfEso querr\u00e1 AMLO? \u00bfNo ser\u00e1 que est\u00e1 cometiendo una peligrosa traici\u00f3n a la patria, como lo hicieron los liberales y conservadores en 1848 que le entregaron a los <em>yankis<\/em> el 62% del territorio nacional?<\/p>\n<p><a href=\"mailto:info@agenciamn.com\" target=\"_blank\" rel=\"noopener noreferrer\"><em>info@agenciamn.com<\/em><\/a><\/p>\n","protected":false},"excerpt":{"rendered":"<p><span style=\"color: #005497;\"><strong>Alberto Vieyra G.<\/strong><\/span><\/p>\n","protected":false},"author":3,"featured_media":0,"comment_status":"open","ping_status":"open","sticky":false,"template":"","format":"standard","meta":{"_monsterinsights_skip_tracking":false,"_monsterinsights_sitenote_active":false,"_monsterinsights_sitenote_note":"","_monsterinsights_sitenote_category":0,"footnotes":""},"categories":[4596],"tags":[43697,4597,43674],"class_list":["post-510759","post","type-post","status-publish","format-standard","hentry","category-alberto-vieyra-g","tag-alberto-vieyra-g","tag-de-pe-a-pa","tag-opinion"],"_links":{"self":[{"href":"https:\/\/www.diarioimagen.net\/index.php?rest_route=\/wp\/v2\/posts\/510759","targetHints":{"allow":["GET"]}}],"collection":[{"href":"https:\/\/www.diarioimagen.net\/index.php?rest_route=\/wp\/v2\/posts"}],"about":[{"href":"https:\/\/www.diarioimagen.net\/index.php?rest_route=\/wp\/v2\/types\/post"}],"author":[{"embeddable":true,"href":"https:\/\/www.diarioimagen.net\/index.php?rest_route=\/wp\/v2\/users\/3"}],"replies":[{"embeddable":true,"href":"https:\/\/www.diarioimagen.net\/index.php?rest_route=%2Fwp%2Fv2%2Fcomments&post=510759"}],"version-history":[{"count":0,"href":"https:\/\/www.diarioimagen.net\/index.php?rest_route=\/wp\/v2\/posts\/510759\/revisions"}],"wp:attachment":[{"href":"https:\/\/www.diarioimagen.net\/index.php?rest_route=%2Fwp%2Fv2%2Fmedia&parent=510759"}],"wp:term":[{"taxonomy":"category","embeddable":true,"href":"https:\/\/www.diarioimagen.net\/index.php?rest_route=%2Fwp%2Fv2%2Fcategories&post=510759"},{"taxonomy":"post_tag","embeddable":true,"href":"https:\/\/www.diarioimagen.net\/index.php?rest_route=%2Fwp%2Fv2%2Ftags&post=510759"}],"curies":[{"name":"wp","href":"https:\/\/api.w.org\/{rel}","templated":true}]}}