{"id":510767,"date":"2021-06-16T00:05:40","date_gmt":"2021-06-16T05:05:40","guid":{"rendered":"https:\/\/www.diarioimagen.net\/?p=510767"},"modified":"2021-06-16T04:46:03","modified_gmt":"2021-06-16T09:46:03","slug":"soy-el-mejor","status":"publish","type":"post","link":"https:\/\/www.diarioimagen.net\/?p=510767","title":{"rendered":"\u201cSoy el mejor\u201d"},"content":{"rendered":"<h2>Perfil de M\u00e9xico<\/h2>\n<h5>Armando R\u00edos Ruiz<\/h5>\n<p>&nbsp;<\/p>\n<p>Los seres humanos tenemos defectos y virtudes. Es una condici\u00f3n de toda forma viviente. Pero algunos se esmeran en acumular los primeros y m\u00e1s all\u00e1, tambi\u00e9n en exhibirlos, por la sencilla raz\u00f3n de que adem\u00e1s, padecen el de creerse perfectos. O superiores al resto del mundo. Lo inaudito es que muchos le crean y con ello acrecentan sus fallas.<\/p>\n<p>Un amigo de mi tierra me inst\u00f3 una vez: \u201cpiensa en un defecto\u201d. Cre\u00ed que se trataba de un truco parecido a aqu\u00e9l que preguntaba: \u201cpiensa un n\u00famero\u201d. Le inquir\u00ed para qu\u00e9 ten\u00eda que pensar en un defecto y me contest\u00f3: \u201cporque no hay uno que no tenga fulano\u201d (omito los nombres de quien preguntaba y del referido).<\/p>\n<p>Pero resulta peor si quien presume sus perfecciones es un personaje conocido en diferentes latitudes del mundo, por ostentar la condici\u00f3n que lo torna famoso. Ocurre que en M\u00e9xico, nuestro Presidente ha dado en publicitar lo diferente que es al resto de los mexicanos y del mundo. Aqu\u00ed deber\u00edamos estar agradecidos porque buena parte de los ciudadanos lo hicieron llegar a la Presidencia y quiere quedarse en ella para siempre.<\/p>\n<p>Pues somos mal agradecidos, porque la mayor\u00eda de los nacidos en M\u00e9xico no creemos en sus bondades. M\u00e1s bien criticamos lo que quiere hacer creer que lo son. Pensamos que quienes le creen le han inyectado esa sustancia, cuyo nombre desconozco, pero que hace aumentar el ego a dimensiones gigantescas, hasta alturas de la cual ya es imposible descender.<\/p>\n<p>Acaba de hacer en Oaxaca otra de sus presunciones que lo aleja absolutamente de lo que tambi\u00e9n presume: de la humildad que pregona diariamente y que en el caso que nos ocupa menciona de manera velada. Dijo con su voz rasposa que en sus o\u00eddos debe ser una sinfon\u00eda:<\/p>\n<p>\u201cNo es por presumir, pero M\u00e9xico es ejemplo a seguir en el mundo en esta forma de gobernar con el pueblo, con honestidad, con austeridad, con eficiencia, con democracia, garantizando el derecho a disentir, la pluralidad, todo esto es lo que estamos logrando con la participaci\u00f3n de todas y todos\u201d. No olvidemos que tambi\u00e9n se proclam\u00f3 el mejor Presidente del mundo.<\/p>\n<p>Estas declaraciones hacen recordar el incre\u00edble buen trato a los ni\u00f1os enfermos de c\u00e1ncer, cuyas medicinas retir\u00f3 de su alcance para que murieran s\u00f3lo con la misericordia de su familia. De su infalible vaticinio del fin de la pandemia, puntualizado el 19 de abril del a\u00f1o pasado. De sus recomendaciones de no usar cubrebocas, sino amuletos para alejar el mal. De sus invitaciones a abrazar a los delincuentes y a acusarlos con sus mamacitas.<\/p>\n<p>Existe un rosario interminable de acciones desatinadas, de las cuales, por lo visto, no se da cuenta. Nadie ser\u00eda capaz de presumir si fuera consciente de que es tan humano como el que m\u00e1s y por lo tanto, est\u00e1 muy alejado de competir con El Creador, \u00fanica perfecci\u00f3n aceptada en todo el planeta, salvo en M\u00e9xico, en donde los chairos est\u00e1n convencidos de ser gobernados por una deidad.<\/p>\n<p>Para mayor abundancia, recordemos que un d\u00eda s\u00ed y otro tambi\u00e9n, habla de su combate a la corrupci\u00f3n nunca visto y de los logros indiscutibles. Pero la organizaci\u00f3n internacional Americas Society\/Council of the Americas, que mide la suficiencia de las naciones para prevenir, investigar y sancionar los actos de corrupci\u00f3n, dice exactamente lo contrario.<\/p>\n<p>Esta corporaci\u00f3n, que otorga una calificaci\u00f3n de 0 al 10, ubica a nuestro pa\u00eds en 4.25. Por lo tanto, est\u00e1 reprobado. \u201cEn su tercera edici\u00f3n, la organizaci\u00f3n evalu\u00f3 a los mismos 15 pa\u00edses que en 2020. En ese a\u00f1o, M\u00e9xico ocup\u00f3 el octavo lugar, pero este 2021 se ubic\u00f3 en la posici\u00f3n 11, por debajo de pa\u00edses como Rep\u00fablica Dominicana, Panam\u00e1, Ecuador y Colombia\u201d.<\/p>\n<p>\u201cLos puntajes m\u00e1s bajos en las variables que miden la independencia de la Fiscal\u00eda General y de las agencias anticorrupci\u00f3n, contribuyen al retraso general de M\u00e9xico\u201d, advirti\u00f3. A diferencia de otras evaluaciones, este \u00edndice no mide la percepci\u00f3n de la corrupci\u00f3n, sino la eficacia para combatirla.<\/p>\n<p><a href=\"mailto:ariosruiz@gmail.com\" target=\"_blank\" rel=\"noopener noreferrer\"><em>ariosruiz@gmail.com<\/em><\/a><\/p>\n","protected":false},"excerpt":{"rendered":"<p><span style=\"color: #005497;\"><strong>Armando R\u00edos Ruiz<\/strong><\/span><\/p>\n","protected":false},"author":3,"featured_media":0,"comment_status":"open","ping_status":"open","sticky":false,"template":"","format":"standard","meta":{"_monsterinsights_skip_tracking":false,"_monsterinsights_sitenote_active":false,"_monsterinsights_sitenote_note":"","_monsterinsights_sitenote_category":0,"footnotes":""},"categories":[88405],"tags":[88407,43674,91193],"class_list":["post-510767","post","type-post","status-publish","format-standard","hentry","category-armando-rios-ruiz","tag-armando-rios-ruiz","tag-opinion","tag-perfil-de-mexico"],"_links":{"self":[{"href":"https:\/\/www.diarioimagen.net\/index.php?rest_route=\/wp\/v2\/posts\/510767","targetHints":{"allow":["GET"]}}],"collection":[{"href":"https:\/\/www.diarioimagen.net\/index.php?rest_route=\/wp\/v2\/posts"}],"about":[{"href":"https:\/\/www.diarioimagen.net\/index.php?rest_route=\/wp\/v2\/types\/post"}],"author":[{"embeddable":true,"href":"https:\/\/www.diarioimagen.net\/index.php?rest_route=\/wp\/v2\/users\/3"}],"replies":[{"embeddable":true,"href":"https:\/\/www.diarioimagen.net\/index.php?rest_route=%2Fwp%2Fv2%2Fcomments&post=510767"}],"version-history":[{"count":0,"href":"https:\/\/www.diarioimagen.net\/index.php?rest_route=\/wp\/v2\/posts\/510767\/revisions"}],"wp:attachment":[{"href":"https:\/\/www.diarioimagen.net\/index.php?rest_route=%2Fwp%2Fv2%2Fmedia&parent=510767"}],"wp:term":[{"taxonomy":"category","embeddable":true,"href":"https:\/\/www.diarioimagen.net\/index.php?rest_route=%2Fwp%2Fv2%2Fcategories&post=510767"},{"taxonomy":"post_tag","embeddable":true,"href":"https:\/\/www.diarioimagen.net\/index.php?rest_route=%2Fwp%2Fv2%2Ftags&post=510767"}],"curies":[{"name":"wp","href":"https:\/\/api.w.org\/{rel}","templated":true}]}}