{"id":510778,"date":"2021-06-16T00:08:07","date_gmt":"2021-06-16T05:08:07","guid":{"rendered":"https:\/\/www.diarioimagen.net\/?p=510778"},"modified":"2021-06-16T04:55:35","modified_gmt":"2021-06-16T09:55:35","slug":"viajando-a-sudamerica-en-tiempos-de-covid-19","status":"publish","type":"post","link":"https:\/\/www.diarioimagen.net\/?p=510778","title":{"rendered":"Viajando a Sudam\u00e9rica en tiempos de Covid-19"},"content":{"rendered":"<h2>Detr\u00e1s del Poder<\/h2>\n<h5>Jos\u00e9 Antonio L\u00f3pez Sosa<\/h5>\n<p>&nbsp;<\/p>\n<p><strong>Bogot\u00e1, Colombia<\/strong>.- Salimos de la Ciudad de M\u00e9xico por la ma\u00f1ana, los protocolos sanitarios en el Aeropuerto Internacional de la Ciudad de M\u00e9xico no han cambiado, es necesario llenar el formato \u201cVuela Seguro\u201d, guardar la sana distancia en la medida de lo posible y desinfectarse las manos en los puntos de revisi\u00f3n, tambi\u00e9n, por supuesto, usar el cubrebocas en todo momento.<\/p>\n<p>La mejor opci\u00f3n para viajar a Bogot\u00e1 fue Copa Airlines, aerol\u00ednea paname\u00f1a que cubre el continente, desde el norte en Canad\u00e1 hasta el sur en Argentina con su centro de distribuci\u00f3n en Panam\u00e1. Para viajar a Colombia ya no es necesaria una prueba PCR de SARS-CoV-2, s\u00f3lo llenar el formato electr\u00f3nico de migraci\u00f3n Colombia, donde se especifican datos sanitarios y antecedentes de viaje.<\/p>\n<p>En tres horas est\u00e1bamos aterrizando ya en el aeropuerto internacional de Tocumen en Panam\u00e1, los protocolos biosanitarios en la aeronave son tambi\u00e9n estrictos, los Boeing 737 de Copa Airlines -como la mayor\u00eda de las aerol\u00edneas en el mundo- cuentan con filtros HEPA, adem\u00e1s la tripulaci\u00f3n cuida que cada viajero cumpla con las regulaciones, evitando aglomeraciones en los pasillos, as\u00ed como embarcando y desembarcando en orden para evitar al m\u00e1ximo cualquier contagio.<\/p>\n<p>En Panam\u00e1, no es necesario pasar Migraci\u00f3n ni alg\u00fan otro control siempre y cuando estemos de escala, llegamos por la Terminal 2, un enorme complejo con un dise\u00f1o arquitect\u00f3nico de acuerdo a las necesidades de la aviaci\u00f3n comercial, enormes techos que ayudan a la ventilaci\u00f3n ecol\u00f3gica, grandes espacios y corredores que suman ya, junto con la Terminal 1, m\u00e1s de 200 puertas de embarque.<\/p>\n<p>Una hora nos llev\u00f3 volar de Panam\u00e1 al aeropuerto El Dorado en Bogot\u00e1, Colombia. El vuelo lleno y con sorpresa, tanto viajeros como tripulaci\u00f3n respetando y promoviendo las medidas de prevenci\u00f3n durante todo el vuelo. A pesar de ser un vuelo con escala, cuando en el mercado existen vuelos directos a Bogot\u00e1, fue muy c\u00f3modo con la ventaja de explorar uno de los aeropuertos m\u00e1s modernos de Am\u00e9rica, como es el de Tocumen, en Panam\u00e1.<\/p>\n<p>Llegamos al hotel City Express Bogot\u00e1, empresa mexicana que ha trascendido al continente y tiene propiedades en Costa Rica, Colombia y Chile. La comodidad y el est\u00e1ndar de negocios da la facilidad para poder establecer una peque\u00f1a oficina en sus cuartos y trabajar con comodidad, muy cerca del aeropuerto y sobre la avenida El Dorado, que lleva en pocos minutos al centro de Bogot\u00e1.<\/p>\n<p>Los casos de Covid19 en Colombia no han disminuido significativamente, la vacunaci\u00f3n tampoco se ha acelerado como la gente esperar\u00eda y los problemas sociales siguen r\u00edspidos frente a las decisiones del presidente Duque, sin embargo, la industria tur\u00edstica est\u00e1 en reactivaci\u00f3n. Arranca la feria tur\u00edstica ANATO 2021, donde se pretende mostrar al mundo como Colombia y Am\u00e9rica Latina -M\u00e9xico incluido- est\u00e1n listos para una apertura paulatina del turismo. En los siguientes d\u00edas estaremos reportando lo que sucede en la primera feria tur\u00edstica presencial en el continente americano.<\/p>\n<p><em><a href=\"http:\/\/www.lopezsosa.com\" target=\"_blank\" rel=\"noopener\">www.lopezsosa.com<\/a><\/em><br \/>\n<em><a href=\"mailto:joseantonio@lopezsosa.com\" target=\"_blank\" rel=\"noopener\">joseantonio@lopezsosa.com<\/a><\/em><br \/>\n<em><a href=\"http:\/\/twitter.com\/joseantonio1977\" target=\"_blank\" rel=\"noopener\">@joseantonio197<\/a><\/em><\/p>\n","protected":false},"excerpt":{"rendered":"<p><span style=\"color: #005497;\"><strong>Jos\u00e9 Antonio L\u00f3pez Sosa<\/strong><\/span><\/p>\n","protected":false},"author":3,"featured_media":0,"comment_status":"open","ping_status":"open","sticky":false,"template":"","format":"standard","meta":{"_monsterinsights_skip_tracking":false,"_monsterinsights_sitenote_active":false,"_monsterinsights_sitenote_note":"","_monsterinsights_sitenote_category":0,"footnotes":""},"categories":[637],"tags":[8246,1197,638,43690,43674],"class_list":["post-510778","post","type-post","status-publish","format-standard","hentry","category-jose-antonio-lopez-sosa","tag-bogota","tag-colombia","tag-detras-del-poder","tag-jose-antonio-lopez-sosa","tag-opinion"],"_links":{"self":[{"href":"https:\/\/www.diarioimagen.net\/index.php?rest_route=\/wp\/v2\/posts\/510778","targetHints":{"allow":["GET"]}}],"collection":[{"href":"https:\/\/www.diarioimagen.net\/index.php?rest_route=\/wp\/v2\/posts"}],"about":[{"href":"https:\/\/www.diarioimagen.net\/index.php?rest_route=\/wp\/v2\/types\/post"}],"author":[{"embeddable":true,"href":"https:\/\/www.diarioimagen.net\/index.php?rest_route=\/wp\/v2\/users\/3"}],"replies":[{"embeddable":true,"href":"https:\/\/www.diarioimagen.net\/index.php?rest_route=%2Fwp%2Fv2%2Fcomments&post=510778"}],"version-history":[{"count":0,"href":"https:\/\/www.diarioimagen.net\/index.php?rest_route=\/wp\/v2\/posts\/510778\/revisions"}],"wp:attachment":[{"href":"https:\/\/www.diarioimagen.net\/index.php?rest_route=%2Fwp%2Fv2%2Fmedia&parent=510778"}],"wp:term":[{"taxonomy":"category","embeddable":true,"href":"https:\/\/www.diarioimagen.net\/index.php?rest_route=%2Fwp%2Fv2%2Fcategories&post=510778"},{"taxonomy":"post_tag","embeddable":true,"href":"https:\/\/www.diarioimagen.net\/index.php?rest_route=%2Fwp%2Fv2%2Ftags&post=510778"}],"curies":[{"name":"wp","href":"https:\/\/api.w.org\/{rel}","templated":true}]}}