{"id":510782,"date":"2021-06-16T00:08:38","date_gmt":"2021-06-16T05:08:38","guid":{"rendered":"https:\/\/www.diarioimagen.net\/?p=510782"},"modified":"2021-06-16T05:03:00","modified_gmt":"2021-06-16T10:03:00","slug":"ebrard-parece-encaminado-al-altar-de-los-sacrificios","status":"publish","type":"post","link":"https:\/\/www.diarioimagen.net\/?p=510782","title":{"rendered":"Ebrard parece encaminado al altar de los sacrificios"},"content":{"rendered":"<h2>Clase Pol\u00edtica<\/h2>\n<h5>Miguel \u00c1ngel Rivera<\/h5>\n<p>&nbsp;<\/p>\n<p>Conoc\u00ed y trat\u00e9 a Marcelo Ebrard Casaubon a principios de la d\u00e9cada de los 90, cuando era un joven y poderoso secretario general de Gobierno en el entonces Departamento del Distrito Federal. Se rumoraba que, en realidad, era quien gobernaba la capital del pa\u00eds, pues su jefe, Manuel Camacho Sol\u00eds, se preocupaba m\u00e1s por atender las comisiones que le encomendaba el presidente Carlos Salinas de Gortari para no perder lo que consideraba era su seguro sitio como sucesor del primer mandatario.<\/p>\n<p>Se dec\u00eda que Camacho Sol\u00eds lo reclut\u00f3 desde que lo deslumbr\u00f3 como su m\u00e1s sobresaliente alumno en el Colegio de M\u00e9xico, una de las instituciones acad\u00e9micas de mayor prestigio en M\u00e9xico.<\/p>\n<p>En ese trato confirm\u00e9 como v\u00e1lidas las versiones de que el joven pol\u00edtico ten\u00eda un nivel intelectual y una preparaci\u00f3n acad\u00e9mica que lo colocaba muy por encima de los pol\u00edticos considerados de primera l\u00ednea, lo cual le auguraba que llegar\u00eda a los m\u00e1s altos niveles de la pol\u00edtica nacional, inclusive en el caso de que se eclipsara su supuesto l\u00edder y gu\u00eda.<\/p>\n<p>En lo personal, mi apreciaci\u00f3n por el joven Ebrard se consolid\u00f3 cuando autoriz\u00f3 que uno de los edificios considerados dentro del plan de recuperaci\u00f3n del primer cuadro de la ciudad fuera asignado, a un precio muy reducido, a mis entonces compa\u00f1eros del diario <strong><em>La Jornada. <\/em><\/strong>Tal vez por ello mis comentarios puedan parecer parciales.<\/p>\n<p>Ebrard se mantuvo firme al lado de Camacho Sol\u00eds, inclusive en los momentos dif\u00edciles en que su jefe fue desplazado en favor de Luis Donaldo Colosio, por lo cual ambos renunciaron al gobierno capitalino.<\/p>\n<p>Luego, Camacho acept\u00f3 el nombramiento de secretario de Relaciones Exteriores y se llev\u00f3 consigo a su valioso colaborador como subsecretario, pero se separaron cuando Camacho fue comisionado para negociar con el EZLN, que hab\u00eda encabezado un levantamiento armado en Chiapas.<\/p>\n<p>Camacho y Ebrard, que renunci\u00f3 al PRI en 1995, se reunieron nuevamente para fundar el Partido Centro Democr\u00e1tico, de vida ef\u00edmera, que los postul\u00f3, respectivamente, a la Presidencia de la Rep\u00fablica y al gobierno del entonces Distrito Federal. All\u00ed, Ebrard inici\u00f3 una ruta propia al declinar en 2000 a favor del candidato de la llamada Alianza por la Ciudad de M\u00e9xico (PRD-PT-Convergencia-PSN-PAS)<\/p>\n<p>Andr\u00e9s Manuel L\u00f3pez Obrador.<\/p>\n<p>De all\u00ed empez\u00f3 su vinculaci\u00f3n estrecha con el ahora Presidente de la Rep\u00fablica, quien primero lo integr\u00f3 a su cuerpo de asesores y luego lo impuls\u00f3 como secretario de Seguridad P\u00fablica de la capital, cargo que depend\u00eda de la Presidencia de la Rep\u00fablica, la cual ocupaba entonces el panista Vicente Fox.<\/p>\n<p>En diciembre de 2004, el linchamiento de unos polic\u00edas en Tl\u00e1huac signific\u00f3 que Ebrard fuera \u201csacrificado\u201d para dejar el cargo, aunque L\u00f3pez Obrador lo rescat\u00f3 en 2005 al designarlo secretario de Desarrollo Social, cargo que dej\u00f3 para convertirse en candidato del PRD al gobierno capitalino, que desempe\u00f1\u00f3 hasta competir por la candidatura presidencial, para las elecciones de 2012, en las cuales volvi\u00f3 a declinar a favor de L\u00f3pez Obrador, quien lo incluy\u00f3 como secretario de Gobernaci\u00f3n en el que ser\u00eda su gabinete.<\/p>\n<p>Los dos siguieron ligados, hasta el triunfo de 2018, pero en vez de Gobernaci\u00f3n, se le asign\u00f3 la cartera de Relaciones Exteriores, adem\u00e1s de tareas especiales que le han valido ser calificado en algunos medios como \u201cvicepresidente\u201d y, sobre todo, ser considerado precandidato presidencial para el 2024, junto con la jefa de Gobierno de la Ciudad de M\u00e9xico, Claudia Sheinbaum Pardo, y el presidente de la Junta de Coordinaci\u00f3n Pol\u00edtica del Senado, Ricardo Monreal \u00c1vila.<\/p>\n<p style=\"text-align: center;\"><strong>\u00a0Predestinado al sacrificio<\/strong><\/p>\n<p>Una lamentable tragedia, el desplome de un convoy del Metro en la L\u00ednea 12 aceler\u00f3, por lo menos en los medios, el futurismo y la contienda presidencial, pues ese grave acontecimiento involucra a por lo menos dos de los aspirantes, Ebrard y Sheinbaum, quien seg\u00fan los \u201cconocedores\u201d es la favorita del presidente L\u00f3pez Obrador para continuar con la llamada Cuarta Transformaci\u00f3n.<\/p>\n<p>Desde el sexenio anterior, Ebrard fue acercado al cadalso pol\u00edtico por fallas detectadas en la L\u00ednea 12, su obra emblem\u00e1tica como gobernante capitalino, con la cual adem\u00e1s marc\u00f3 distancia respecto de su ex jefe, Manuel Camacho, quien no a\u00f1adi\u00f3 ni un cent\u00edmetro a ese sistema de transporte colectivo.<\/p>\n<p>A pesar de las denuncias que llegaron hasta la C\u00e1mara de Diputados, Ebrard libr\u00f3 la tormenta pol\u00edtica, pues no hubo ninguna denuncia penal, pero de cualquier forma puso distancia de por medio y se autoexili\u00f3 en Par\u00eds y alg\u00fan tiempo tambi\u00e9n en los Estados Unidos.<\/p>\n<p>Para su desgracia, parece ser que otra vez, como cuando era secretario de Seguridad, Ebrard ir\u00e1 al altar de los sacrificios, pero no como oficiante, sino como ofrenda.<\/p>\n<p>Esto viene al caso porque se anuncia que hoy mismo se dar\u00e1 a conocer la primera parte del dictamen t\u00e9cnico encargado por el gobierno capitalino a la empresa noruega DNV.<\/p>\n<p>El ambiente se vici\u00f3 previamente por una nota aparecida hace unos d\u00edas en el prestigioso diario estadounidense <em>The New York Times<\/em> expone graves fallas de construcci\u00f3n y presiones pol\u00edticas detr\u00e1s de esa tragedia.<\/p>\n<p>Se dice que la informaci\u00f3n sobre la que se basa el reporte del <em>Times<\/em> fue filtrada como parte del \u201cfuego amigo\u201d que desde la llamada 4T se lanza contra Ebrard. Tanta ha sido la insistencia que la versi\u00f3n ha sido desmentida por la que se supone su principal contendiente, la jefa de Gobierno capitalino y hasta por el senador Monreal, quien no tiene intervenci\u00f3n directa, pero podr\u00eda ser tercer beneficiado.\u00a0 Inclusive, la Fiscal\u00eda General de Justicia de la Ciudad de M\u00e9xico, organismo que se supone independiente, pero es encabezado por Ernestina Godoy, quien ha sido colaboradora de Sheinbaum, tuvo que declarar que no hay forma de que personas ajenas a las averiguaciones oficiales hubiesen podido llegar a la llamada \u201czona cero\u201d, donde ocurri\u00f3 el accidente y se levantan elementos de prueba para el dictamen t\u00e9cnico y pericial.<\/p>\n<p>El responsable directo ser\u00eda Ebrard, pues esa llamada \u201cL\u00ednea Dorada\u201d fue construida durante su mandato. Tambi\u00e9n se involucra al que fuera su secretario de Finanzas, Mario Delgado Carrillo, pero estos se\u00f1alamientos son considerados como evidencia de que la tragedia se pretende utilizar con fines pol\u00edticos, pues el ex colaborador de Ebrard es presidente de Morena y se considera por algunas corrientes internas del partido oficial como adelanto del precandidato presidencial.<\/p>\n<p>No se debe olvidar que el primer gran revuelo en torno a la L\u00ednea 12 se gener\u00f3 en la pasada administraci\u00f3n capitalina, encabezada por el ahora senador del PRD, Miguel \u00c1ngel Mancera Aguayo, quien tambi\u00e9n fue colaborador de Ebrard, como titular de la Procuradur\u00eda de Justicia, ahora convertida en Fiscal\u00eda.<\/p>\n<p>Pero en ese caso, desde un inicio se aprecian debilidades en los argumentos en contra, precisamente porque el gobierno de Mancera fue el que hizo p\u00fablicas las fallas y procedi\u00f3 a algunas reparaciones, adem\u00e1s de suspender temporalmente el servicio en esa l\u00ednea. Otro aspecto d\u00e9bil en la posible denuncia es que f\u00e1cilmente los cr\u00edticos del actual gobierno federal podr\u00edan quejarse de que se trata de un ajuste de cuentas pol\u00edtico y no de un acto de justicia.<\/p>\n<p>La tercera posibilidad es que el dictamen apunte hacia fallas en el mantenimiento -como han advertido otras corrientes \u201cmorenas\u201d- en cuyo caso, las responsabilidad ser\u00eda del actual gobierno, encabezado por Claudia Sheinbaum.<\/p>\n<p>Como argumento adicional para las denuncias en ese sentido se recuerdan otros accidentes, aunque de menor impacto, que se han registrado durante el presente sexenio, a pesar de lo cual la jefa de Gobierno se ha rehusado reiteradamente a remover a la titular del Sistema de Transporte Colectivo (Metro) Florencia Serran\u00eda, quien en aras de la austeridad mantuvo vacante el cargo de gerente de mantenimiento.<\/p>\n<p>Tambi\u00e9n se habla de un recorte al presupuesto al Metro de alrededor de dos mil millones de pesos, lo cual ha sido negado enf\u00e1ticamente por Sheinbaum.<\/p>\n<p>Aqu\u00ed el argumento central es la austeridad impuesta por la llamada Cuarta Transformaci\u00f3n, tema que llegar\u00eda directamente a Palacio Nacional y, desde todo punto de vista, resulta casi imposible que el presidente Andr\u00e9s Manuel L\u00f3pez Obrador acepte que, aunque sea indirectamente, una decisi\u00f3n de su gobierno haya desembocado en esta tragedia, aunque oficialmente s\u00f3lo se considera un \u201cincidente\u201d.<\/p>\n<p><a href=\"mailto:riparcangel@hotmail.com\" target=\"_blank\" rel=\"noopener noreferrer\"><em>riparcangel@hotmail.com<\/em><\/a><\/p>\n","protected":false},"excerpt":{"rendered":"<p><span style=\"color: #005497;\"><strong>Miguel \u00c1ngel Rivera<\/strong><\/span><\/p>\n","protected":false},"author":3,"featured_media":0,"comment_status":"open","ping_status":"open","sticky":false,"template":"","format":"standard","meta":{"_monsterinsights_skip_tracking":false,"_monsterinsights_sitenote_active":false,"_monsterinsights_sitenote_note":"","_monsterinsights_sitenote_category":0,"footnotes":""},"categories":[84119],"tags":[84120,84121,43674],"class_list":["post-510782","post","type-post","status-publish","format-standard","hentry","category-miguel-angel-rivera","tag-clase-politica","tag-miguel-angel-rivera","tag-opinion"],"_links":{"self":[{"href":"https:\/\/www.diarioimagen.net\/index.php?rest_route=\/wp\/v2\/posts\/510782","targetHints":{"allow":["GET"]}}],"collection":[{"href":"https:\/\/www.diarioimagen.net\/index.php?rest_route=\/wp\/v2\/posts"}],"about":[{"href":"https:\/\/www.diarioimagen.net\/index.php?rest_route=\/wp\/v2\/types\/post"}],"author":[{"embeddable":true,"href":"https:\/\/www.diarioimagen.net\/index.php?rest_route=\/wp\/v2\/users\/3"}],"replies":[{"embeddable":true,"href":"https:\/\/www.diarioimagen.net\/index.php?rest_route=%2Fwp%2Fv2%2Fcomments&post=510782"}],"version-history":[{"count":0,"href":"https:\/\/www.diarioimagen.net\/index.php?rest_route=\/wp\/v2\/posts\/510782\/revisions"}],"wp:attachment":[{"href":"https:\/\/www.diarioimagen.net\/index.php?rest_route=%2Fwp%2Fv2%2Fmedia&parent=510782"}],"wp:term":[{"taxonomy":"category","embeddable":true,"href":"https:\/\/www.diarioimagen.net\/index.php?rest_route=%2Fwp%2Fv2%2Fcategories&post=510782"},{"taxonomy":"post_tag","embeddable":true,"href":"https:\/\/www.diarioimagen.net\/index.php?rest_route=%2Fwp%2Fv2%2Ftags&post=510782"}],"curies":[{"name":"wp","href":"https:\/\/api.w.org\/{rel}","templated":true}]}}