{"id":510788,"date":"2021-06-16T00:12:03","date_gmt":"2021-06-16T05:12:03","guid":{"rendered":"https:\/\/www.diarioimagen.net\/?p=510788"},"modified":"2021-06-16T05:05:50","modified_gmt":"2021-06-16T10:05:50","slug":"amlo-lo-saca-pero-monreal-se-mete-en-la-lista-para-2024","status":"publish","type":"post","link":"https:\/\/www.diarioimagen.net\/?p=510788","title":{"rendered":"AMLO lo saca, pero Monreal se mete en la lista para 2024"},"content":{"rendered":"<h2>Tras la puerta del poder<\/h2>\n<h5>Roberto Vizca\u00edno<\/h5>\n<p>&nbsp;<\/p>\n<p>En redes sociales fue <strong><em>trending-topic<\/em><\/strong> el se\u00f1alamiento de que la casi \u201cde 8\u201d de <strong><em>The New York Times<\/em><\/strong> mostrando como responsable a <strong>Marcelo Ebrard<\/strong> del derrumbe de la L\u00ednea 12 del Metro.<\/p>\n<p>Al parejo, corri\u00f3 la versi\u00f3n no confirmada de que los reportes t\u00e9cnicos e im\u00e1genes de ese reporte period\u00edstico del diario m\u00e1s influyente en el mundo hab\u00edan sido filtrados por alguien muy cercano a la jefa de gobierno, <strong>Claudia Sheinbaum<\/strong>.<\/p>\n<p>En los hechos las benditas redes sociales anularon desde hoy las aspiraciones presidenciales de ambos personajes cercan\u00edsimos al presidente <strong>Andr\u00e9s Manuel L\u00f3pez Obrador<\/strong>.<\/p>\n<p>El lunes <strong>el propio mandatario valid\u00f3 esa percepci\u00f3n<\/strong> al responder a una pregunta sobre si la nota del <em>New York Times<\/em> surgi\u00f3 de filtraciones.<\/p>\n<p>\u2014\u00bfEntonces usted considera que s\u00ed hubo filtraciones?,<\/p>\n<p>\u2014\u201c Debe de haber habido.<\/p>\n<p>\u2014\u201c&#8230; \u00bffue fuego amigo en la 4T, de cara a 2024?<\/p>\n<p>\u201c&#8230; quieren poner a pelear a <strong>Marcelo<\/strong> con <strong>Claudi&#8230;<\/strong> ellos quisieran eso, quisieran que se peleara <strong>Marcelo<\/strong>, <strong>Claudia<\/strong>, <strong>Tatiana<\/strong>, <strong>Juan Ram\u00f3n de la Fuente<\/strong>, <strong>Esteban Moctezuma<\/strong>, etc\u00e9tera, etc\u00e9tera, etc\u00e9tera, porque est\u00e1n ellos, los conservadores, muy menguados, no hay dirigentes del conservadurismo; a lo mejor surjan pues, pero en el flanco izquierdo hay hasta para tirar para arriba, hasta para prestar. Entonces, ellos apuestan a eso, a que nos fraccionemos. Se van a quedar con las ganas\u201d.<\/p>\n<p><strong>AMLO<\/strong> no s\u00f3lo planteaba la posibilidad de que <strong>Ebrard<\/strong> y <strong>Claudia <\/strong>quedaran fuera, sino que abr\u00eda as\u00ed por primera vez su abanico de su sucesi\u00f3n. Exhib\u00eda a quienes \u00e9l piensa como sus posibles herederos.<\/p>\n<p>Y dejaba fuera a <strong>Ricardo Monreal<\/strong>, a qui\u00e9n otros muchos incluyen desde hace tiempo en esa posibilidad.<\/p>\n<p>El zacatecano le respondi\u00f3 ayer.<\/p>\n<p>Dijo que, <strong><em>si bien no es tiempo de hablar de la sucesi\u00f3n, \u00e9l seguramente estar\u00e1 dentro de ella en su momento<\/em><\/strong>.<\/p>\n<p>Un mensaje directo y claro para quien debe escucharlo. Sin enojos ni aspavientos.<\/p>\n<p>Por lo dem\u00e1s, igual corrigi\u00f3 a su jefe pol\u00edtico al indicar que no se debe descalificar de ninguna manera a la clase media mexicana.<\/p>\n<p>\u201cHay que acercarse a ella, escucharla antes que acusarla de ser aspiracionista y ego\u00edsta, individualista, que da la espalda al pr\u00f3jimo, para encaramarse lo m\u00e1s que pueden sin no escr\u00fapulos morales\u201d.<\/p>\n<p>Record\u00f3 que en 2018 Morena gan\u00f3 gracias a la clase media.<\/p>\n<p>Esa clase la forman, indica el Inegi, el 42 por ciento de los hogares de M\u00e9xico.<\/p>\n<p>\u201cNecesitamos tender puentes, escucharlos, atenderlos. Me parece importante esto que pas\u00f3 y tambi\u00e9n decir que la clase media, <strong>de la que yo soy parte<\/strong>, influye en todos los niveles de la sociedad y es, en su deseo de mejorar su calidad de vida, de ofrecerles a sus hijos una mejor condici\u00f3n de vida, una mejor educaci\u00f3n, una mejor salud, una mejor alimentaci\u00f3n, es un deseo normal de vida, sin excesos; y no es en desprop\u00f3sito ni es en detrimento de nadie. Es un deseo. Yo creo que no hay que confrontarnos ah\u00ed\u201d, dijo.<\/p>\n<p style=\"text-align: center;\"><strong>Vienen varias reformas <\/strong><\/p>\n<p>Es en este contexto, en que desde el Ejecutivo trasciende que <strong>AMLO<\/strong> enviar\u00e1 al nuevo Congreso varias iniciativas, algunas constitucionales. Seg\u00fan <strong>Raquel Buenrostro,<\/strong> jefa del temible SAT, se trabaja ya en una propuesta de \u201creforma fiscal\u201d que entrar\u00e1 junto con el Paquete Presupuestal 2022 para que sea tramitada como parte de la llamada miscel\u00e1nea fiscal sin \u201ctocar\u201d a los asalariados ni aumentar\u00e1 impuestos. Ser\u00e1, dijo, una propuesta que simplifique el pago de impuestos junto a algunos ajustes al marco fiscal legal.<\/p>\n<p>Otra propuesta ser\u00e1 la de una reforma electoral que recorte sustancialmente el gasto a partidos e instituciones electorales a la vez que desaparezca a los 32 senadores y 200 diputados pluris.<\/p>\n<p>Todo esto deber\u00e1 ser ahora palomeado por PAN, PRI, PRD y MC, tanto en San L\u00e1zaro como en el Senado. Creo que no va a ser f\u00e1cil eso para <strong>AMLO<\/strong>.<\/p>\n<p><em><a href=\"mailto:rvizcainoa@gmail.com\" target=\"_blank\" rel=\"noopener noreferrer\">rvizcainoa@gmail.com<\/a><br \/>\n<u><a href=\"http:\/\/endirecto.mx\" target=\"_blank\" rel=\"noopener noreferrer\">www.endirecto.mx<\/a><br \/>\n<a href=\"https:\/\/twitter.com\/_rvizcaino\" target=\"_blank\" rel=\"noopener noreferrer\">@_RVizcaino<\/a><br \/>\n<a href=\"https:\/\/www.facebook.com\/rvizcainoa\" target=\"_blank\" rel=\"noopener noreferrer\">facebook.com\/rvizcainoa<\/a><\/u><\/em><\/p>\n","protected":false},"excerpt":{"rendered":"<p><span style=\"color: #005497;\"><strong>Roberto Vizca\u00edno<\/strong><\/span><br \/>\n<br \/>\nEn redes sociales fue <strong><em>trending-topic<\/em><\/strong> el se\u00f1alamiento de que la casi \u201cde 8\u201d de <strong><em>The New York Times<\/em><\/strong> mostrando como responsable a <strong>Marcelo Ebrard<\/strong> del derrumbe de la L\u00ednea 12 del Metro.<\/p>\n","protected":false},"author":3,"featured_media":0,"comment_status":"open","ping_status":"open","sticky":false,"template":"","format":"standard","meta":{"_monsterinsights_skip_tracking":false,"_monsterinsights_sitenote_active":false,"_monsterinsights_sitenote_note":"","_monsterinsights_sitenote_category":0,"footnotes":""},"categories":[136],"tags":[43674,93,94],"class_list":["post-510788","post","type-post","status-publish","format-standard","hentry","category-roberto-vizcaino-opinion","tag-opinion","tag-roberto-vizcaino","tag-tras-la-puerta-del-poder"],"_links":{"self":[{"href":"https:\/\/www.diarioimagen.net\/index.php?rest_route=\/wp\/v2\/posts\/510788","targetHints":{"allow":["GET"]}}],"collection":[{"href":"https:\/\/www.diarioimagen.net\/index.php?rest_route=\/wp\/v2\/posts"}],"about":[{"href":"https:\/\/www.diarioimagen.net\/index.php?rest_route=\/wp\/v2\/types\/post"}],"author":[{"embeddable":true,"href":"https:\/\/www.diarioimagen.net\/index.php?rest_route=\/wp\/v2\/users\/3"}],"replies":[{"embeddable":true,"href":"https:\/\/www.diarioimagen.net\/index.php?rest_route=%2Fwp%2Fv2%2Fcomments&post=510788"}],"version-history":[{"count":0,"href":"https:\/\/www.diarioimagen.net\/index.php?rest_route=\/wp\/v2\/posts\/510788\/revisions"}],"wp:attachment":[{"href":"https:\/\/www.diarioimagen.net\/index.php?rest_route=%2Fwp%2Fv2%2Fmedia&parent=510788"}],"wp:term":[{"taxonomy":"category","embeddable":true,"href":"https:\/\/www.diarioimagen.net\/index.php?rest_route=%2Fwp%2Fv2%2Fcategories&post=510788"},{"taxonomy":"post_tag","embeddable":true,"href":"https:\/\/www.diarioimagen.net\/index.php?rest_route=%2Fwp%2Fv2%2Ftags&post=510788"}],"curies":[{"name":"wp","href":"https:\/\/api.w.org\/{rel}","templated":true}]}}