{"id":510871,"date":"2021-06-17T00:05:32","date_gmt":"2021-06-17T05:05:32","guid":{"rendered":"https:\/\/www.diarioimagen.net\/?p=510871"},"modified":"2021-06-18T02:49:15","modified_gmt":"2021-06-18T07:49:15","slug":"caravanas-por-la-justicia-vuelven-a-formato-presencial","status":"publish","type":"post","link":"https:\/\/www.diarioimagen.net\/?p=510871","title":{"rendered":"Caravanas por la Justicia vuelven a formato presencial"},"content":{"rendered":"<p>&nbsp;<\/p>\n<ul>\n<li><em><strong>Atenco, primer municipio beneficiado<\/strong><\/em><\/li>\n<\/ul>\n<p>&nbsp;<\/p>\n<div id=\"attachment_510961\" style=\"width: 470px\" class=\"wp-caption aligncenter\"><a href=\"https:\/\/www.diarioimagen.net\/?attachment_id=510961\" rel=\"attachment wp-att-510961\"><img loading=\"lazy\" decoding=\"async\" aria-describedby=\"caption-attachment-510961\" class=\"size-full wp-image-510961\" src=\"https:\/\/www.diarioimagen.net\/wp-content\/uploads\/2021\/06\/EDOMEX-8.jpg\" alt=\"\" width=\"460\" height=\"270\" \/><\/a><p id=\"caption-attachment-510961\" class=\"wp-caption-text\">Caravanas itinerantes han atendido a m\u00e1s 30 mil personas y a la fecha se han brindado 20 mil asesor\u00edas jur\u00eddicas.<\/p><\/div>\n<p>&nbsp;<\/p>\n<p><strong>Atenco, Estado de M\u00e9xico<\/strong>.- Las Caravanas por la Justicia Cotidiana regresaron de manera presencial para seguir recorriendo de manera itinerante el territorio mexiquense.<\/p>\n<p>Este mi\u00e9rcoles, las Caravanas se instalaron en el municipio de Atenco, en la zona oriente del Valle de M\u00e9xico, donde est\u00e1n brindando 77 tr\u00e1mites y servicios de 22 dependencias y organismos aut\u00f3nomos, para garantizar que las familias mexiquenses cuenten con certeza jur\u00eddica.<\/p>\n<p>Las caravanas estar\u00e1n instaladas en la explanada principal del municipio de Atenco, donde un equipo multidisciplinario de especialistas estar\u00e1 brindando asesor\u00edas y patrocinios jur\u00eddicos en un horario de 9:00 a 15:00 horas hasta el domingo 20 de junio.<\/p>\n<p>El Subsecretario de Justicia, Iv\u00e1n Barrera, destac\u00f3 que, con este programa de justicia cotidiana itinerante, el Gobierno del Estado de M\u00e9xico ha transformado la manera de llevar los servicios a la gente, principalmente a las zonas m\u00e1s alejadas o de dif\u00edcil acceso, para que las familias puedan regularizar su situaci\u00f3n jur\u00eddica en sus comunidades.<\/p>\n<p>\u201cEs acercar estos tr\u00e1mites y servicios jur\u00eddicos, pero hacerlos m\u00e1s sencillos, hacerle m\u00e1s f\u00e1cil la vida al ciudadano, y sobre todo derivado de la pandemia la situaci\u00f3n econ\u00f3mica honestamente nos obliga a buscar esquemas en que podamos ser sensibles, emp\u00e1ticos y poder tener documentos en orden, pero, sobre todo, si son gratis y con este esfuerzo que est\u00e1n haciendo distintas instituciones creo que vale mucho la pena acercarse, vale mucho la pena regularizar nuestra situaci\u00f3n jur\u00eddica\u201d, explic\u00f3 Barrera.<\/p>\n<p>Hasta ahora, las Caravanas han recorrido 30 municipios, en los que han atendido a m\u00e1s de 30 mil personas, se han brindado 20 mil asesor\u00edas jur\u00eddicas y 2 mil patrocinios legales; adem\u00e1s, se han otorgado m\u00e1s de 500 testamentos y m\u00e1s de 25 mil actas del Registro Civil de manera gratuita.<\/p>\n<p>De manera simult\u00e1nea fueron reactivadas las transmisiones de Caravanas por la Justicia a trav\u00e9s de la cuenta de Facebook de la Secretar\u00eda de Justicia y Derechos Humanos, a trav\u00e9s de las cuales, en un a\u00f1o se han brindado m\u00e1s de 70 mil 500 asesor\u00edas. La transmisi\u00f3n de este mi\u00e9rcoles puede consultarse en https:\/\/fb.watch\/69-nU-SIRH\/.<\/p>\n<p>Cabe mencionar que seguir cuidando la salud de las familias mexiquenses se mantiene como una prioridad para el Gobierno del Estado de M\u00e9xico por ello se han implementado estrictas medidas de higiene, para que la gente acuda a resolver sus conflictos cotidianos con la certeza de que se encuentran en un espacio seguro.<\/p>\n<p>Para consultar los municipios que visitar\u00e1n las Caravanas por la Justicia Cotidiana pr\u00f3ximamente, el calendario est\u00e1 en el sitio web <a href=\"http:\/\/www.caravanas.edomex.gob.mx\">www.caravanas.edomex.gob.mx<\/a>.<\/p>\n","protected":false},"excerpt":{"rendered":"<p>Las Caravanas por la Justicia Cotidiana regresaron de manera presencial para seguir recorriendo de manera itinerante el territorio mexiquense.<\/p>\n","protected":false},"author":3,"featured_media":510961,"comment_status":"open","ping_status":"open","sticky":false,"template":"","format":"standard","meta":{"_monsterinsights_skip_tracking":false,"_monsterinsights_sitenote_active":false,"_monsterinsights_sitenote_note":"","_monsterinsights_sitenote_category":0,"footnotes":""},"categories":[5],"tags":[7484,43675],"class_list":["post-510871","post","type-post","status-publish","format-standard","has-post-thumbnail","hentry","category-estado-de-mexico","tag-atenco","tag-estado-de-mexico"],"_links":{"self":[{"href":"https:\/\/www.diarioimagen.net\/index.php?rest_route=\/wp\/v2\/posts\/510871","targetHints":{"allow":["GET"]}}],"collection":[{"href":"https:\/\/www.diarioimagen.net\/index.php?rest_route=\/wp\/v2\/posts"}],"about":[{"href":"https:\/\/www.diarioimagen.net\/index.php?rest_route=\/wp\/v2\/types\/post"}],"author":[{"embeddable":true,"href":"https:\/\/www.diarioimagen.net\/index.php?rest_route=\/wp\/v2\/users\/3"}],"replies":[{"embeddable":true,"href":"https:\/\/www.diarioimagen.net\/index.php?rest_route=%2Fwp%2Fv2%2Fcomments&post=510871"}],"version-history":[{"count":0,"href":"https:\/\/www.diarioimagen.net\/index.php?rest_route=\/wp\/v2\/posts\/510871\/revisions"}],"wp:featuredmedia":[{"embeddable":true,"href":"https:\/\/www.diarioimagen.net\/index.php?rest_route=\/wp\/v2\/media\/510961"}],"wp:attachment":[{"href":"https:\/\/www.diarioimagen.net\/index.php?rest_route=%2Fwp%2Fv2%2Fmedia&parent=510871"}],"wp:term":[{"taxonomy":"category","embeddable":true,"href":"https:\/\/www.diarioimagen.net\/index.php?rest_route=%2Fwp%2Fv2%2Fcategories&post=510871"},{"taxonomy":"post_tag","embeddable":true,"href":"https:\/\/www.diarioimagen.net\/index.php?rest_route=%2Fwp%2Fv2%2Ftags&post=510871"}],"curies":[{"name":"wp","href":"https:\/\/api.w.org\/{rel}","templated":true}]}}