{"id":510878,"date":"2021-06-17T00:07:29","date_gmt":"2021-06-17T05:07:29","guid":{"rendered":"https:\/\/www.diarioimagen.net\/?p=510878"},"modified":"2021-06-18T02:48:16","modified_gmt":"2021-06-18T07:48:16","slug":"la-uaem-tiene-vocacion-para-construir-un-mundo-con-mayor-calidad-de-vida-rector-carlos-eduardo-barrera-diaz","status":"publish","type":"post","link":"https:\/\/www.diarioimagen.net\/?p=510878","title":{"rendered":"La UAEM tiene vocaci\u00f3n para construir un mundo con mayor calidad de vida: rector Carlos Eduardo Barrera D\u00edaz"},"content":{"rendered":"<p><em>\u00a0<\/em><\/p>\n<ul>\n<li><strong><em>Destac\u00f3 que la contingencia provocada por la pandemia de Covid-19 evidenci\u00f3 que los profesionales de la salud son esenciales para la sociedad moderna<\/em><\/strong><\/li>\n<\/ul>\n<p><strong>\u00a0<\/strong><\/p>\n<div id=\"attachment_510955\" style=\"width: 470px\" class=\"wp-caption aligncenter\"><a href=\"https:\/\/www.diarioimagen.net\/?attachment_id=510955\" rel=\"attachment wp-att-510955\"><img loading=\"lazy\" decoding=\"async\" aria-describedby=\"caption-attachment-510955\" class=\"size-full wp-image-510955\" src=\"https:\/\/www.diarioimagen.net\/wp-content\/uploads\/2021\/06\/uaem-3.jpg\" alt=\"\" width=\"460\" height=\"270\" \/><\/a><p id=\"caption-attachment-510955\" class=\"wp-caption-text\">El rector de la UAEM, Carlos Eduardo Barrera D\u00edaz, encabez\u00f3 el cuarto informe anual de actividades del director de la Facultad de Medicina, Salvador L\u00f3pez Rodr\u00edguez.<\/p><\/div>\n<p>&nbsp;<\/p>\n<p><strong>Toluca, Estado de M\u00e9xico.\u2013 <\/strong>En medio de los retos que enfrenta el sistema sanitario global, la contingencia provocada por la pandemia de Covid-19 evidenci\u00f3 que los profesionales de la salud son esenciales para la sociedad moderna, afirm\u00f3 el rector de la Universidad Aut\u00f3noma del Estado de M\u00e9xico (UAEM), Carlos Eduardo Barrera D\u00edaz.<\/p>\n<p>Al encabezar el cuarto informe anual de actividades del director de la Facultad de Medicina, Salvador L\u00f3pez Rodr\u00edguez, el rector destac\u00f3 la pertinencia de la colaboraci\u00f3n entre investigadores de este organismo acad\u00e9mico y el Hospital Materno Perinatal \u201cM\u00f3nica Pretelini S\u00e1enz\u00bb, con el prop\u00f3sito de analizar el impacto de la Covid-19 en el embarazo.<\/p>\n<p>Indic\u00f3 que las aportaciones de los investigadores de la Facultad de Medicina a la sociedad son resultado de su formaci\u00f3n continua, logrando que 66.6 por ciento de los Profesores de Tiempo Completo (PTC) tengan perfil del Programa para el Desarrollo Profesional Docente (PRODEP) y 30.5 por ciento formen parte del Sistema Nacional de Investigadores (SNI).<\/p>\n<p>\u201cComo se deja ver, la Facultad de Medicina sigue siendo un recinto donde existe vocaci\u00f3n para construir un mundo donde todas las personas vivan con una mejor y mayor calidad de vida\u201d, sostuvo el rector.<\/p>\n<p>Ante la decana de la UAEM, Estela Ortiz Romo, y ex directores de la Facultad, Salvador L\u00f3pez Rodr\u00edguez detall\u00f3 que entre los logros que tuvo la comunidad de este organismo acad\u00e9mico durante el \u00faltimo a\u00f1o fue la colaboraci\u00f3n con universidades de prestigio, tanto nacionales como internacionales.<\/p>\n<p>Destac\u00f3 el logro del equipo multidisciplinario \u201cPotros Astronautas\u201d, quienes obtuvieron menci\u00f3n honor\u00edfica durante el desaf\u00edo de las aplicaciones espaciales de la <em>Nasa Space Apps<\/em>.<\/p>\n<p>La Facultad cuenta con uno de los posgrados m\u00e1s grandes de la UAEM, al registrar 29 programas de especialidad m\u00e9dica y dos de maestr\u00eda, con una matr\u00edcula total de mil 774 alumnos inscritos; tiene 10 cuerpos acad\u00e9micos, 42 proyectos de investigaci\u00f3n y sus cinco programas de estudio de licenciatura avalados por organismos certificadores internacionales que reconocen su calidad educativa.<\/p>\n","protected":false},"excerpt":{"rendered":"<p>En medio de los retos que enfrenta el sistema sanitario global, la contingencia provocada por la pandemia de Covid-19 evidenci\u00f3 que los profesionales de la salud son esenciales para la sociedad moderna, afirm\u00f3 el rector de la Universidad Aut\u00f3noma del Estado de M\u00e9xico (UAEM), Carlos Eduardo Barrera D\u00edaz.<\/p>\n","protected":false},"author":3,"featured_media":510955,"comment_status":"open","ping_status":"open","sticky":false,"template":"","format":"standard","meta":{"_monsterinsights_skip_tracking":false,"_monsterinsights_sitenote_active":false,"_monsterinsights_sitenote_note":"","_monsterinsights_sitenote_category":0,"footnotes":""},"categories":[5],"tags":[92667,43675,452],"class_list":["post-510878","post","type-post","status-publish","format-standard","has-post-thumbnail","hentry","category-estado-de-mexico","tag-carlos-eduardo-barrera-diaz","tag-estado-de-mexico","tag-toluca"],"_links":{"self":[{"href":"https:\/\/www.diarioimagen.net\/index.php?rest_route=\/wp\/v2\/posts\/510878","targetHints":{"allow":["GET"]}}],"collection":[{"href":"https:\/\/www.diarioimagen.net\/index.php?rest_route=\/wp\/v2\/posts"}],"about":[{"href":"https:\/\/www.diarioimagen.net\/index.php?rest_route=\/wp\/v2\/types\/post"}],"author":[{"embeddable":true,"href":"https:\/\/www.diarioimagen.net\/index.php?rest_route=\/wp\/v2\/users\/3"}],"replies":[{"embeddable":true,"href":"https:\/\/www.diarioimagen.net\/index.php?rest_route=%2Fwp%2Fv2%2Fcomments&post=510878"}],"version-history":[{"count":0,"href":"https:\/\/www.diarioimagen.net\/index.php?rest_route=\/wp\/v2\/posts\/510878\/revisions"}],"wp:featuredmedia":[{"embeddable":true,"href":"https:\/\/www.diarioimagen.net\/index.php?rest_route=\/wp\/v2\/media\/510955"}],"wp:attachment":[{"href":"https:\/\/www.diarioimagen.net\/index.php?rest_route=%2Fwp%2Fv2%2Fmedia&parent=510878"}],"wp:term":[{"taxonomy":"category","embeddable":true,"href":"https:\/\/www.diarioimagen.net\/index.php?rest_route=%2Fwp%2Fv2%2Fcategories&post=510878"},{"taxonomy":"post_tag","embeddable":true,"href":"https:\/\/www.diarioimagen.net\/index.php?rest_route=%2Fwp%2Fv2%2Ftags&post=510878"}],"curies":[{"name":"wp","href":"https:\/\/api.w.org\/{rel}","templated":true}]}}