{"id":510886,"date":"2021-06-17T00:03:05","date_gmt":"2021-06-17T05:03:05","guid":{"rendered":"https:\/\/www.diarioimagen.net\/?p=510886"},"modified":"2021-06-17T03:32:49","modified_gmt":"2021-06-17T08:32:49","slug":"gobierno-de-tultepec-rehabilita-escuelas-para-regreso-a-clases-tras-15-meses-de-estar-cerradas","status":"publish","type":"post","link":"https:\/\/www.diarioimagen.net\/?p=510886","title":{"rendered":"Gobierno de Tultepec rehabilita escuelas para regreso a clases, tras 15 meses de estar cerradas"},"content":{"rendered":"<p>&nbsp;<\/p>\n<ul>\n<li><strong><em>Atienden necesidades urgentes<\/em><\/strong><\/li>\n<\/ul>\n<p>&nbsp;<\/p>\n<div id=\"attachment_510984\" style=\"width: 470px\" class=\"wp-caption aligncenter\"><a href=\"https:\/\/www.diarioimagen.net\/?attachment_id=510984\" rel=\"attachment wp-att-510984\"><img loading=\"lazy\" decoding=\"async\" aria-describedby=\"caption-attachment-510984\" class=\"size-full wp-image-510984\" src=\"https:\/\/www.diarioimagen.net\/wp-content\/uploads\/2021\/06\/tultepec.jpg\" alt=\"\" width=\"460\" height=\"270\" \/><\/a><p id=\"caption-attachment-510984\" class=\"wp-caption-text\">El alcalde Marco Antonio Cruz Cruz, se reuni\u00f3 con directores de escuelas y supervisores escolares para escuchar las necesidades que encontraron en sus planteles tras 15 meses cerrados.<\/p><\/div>\n<p>&nbsp;<\/p>\n<p><strong>Tultepec, Estado de M\u00e9xico<\/strong>.- Ante el inminente regreso a clases presenciales planteado por el gobierno del Estado de M\u00e9xico, el alcalde Marco Antonio Cruz Cruz, sostuvo reuniones con directores de escuelas y supervisores escolares de zona, para escuchar de viva voz las necesidades que encontraron en sus planteles tras 15 meses de que \u00e9stos permanecieron cerrados a causa de la pandemia.<\/p>\n<p>El presidente municipal se reuni\u00f3 por separado con directores de escuelas de jard\u00edn de ni\u00f1os, primaria, secundaria, preparatoria y universidades; donde cada uno le hizo un recuento de las necesidades urgentes en sus respectivos planteles para que los alumnos puedan regresar a clases presenciales de forma segura, y as\u00ed concluir el presente ciclo escolar 2020-2021, e iniciar el siguiente.<\/p>\n<p>Al dar la bienvenida a los maestros, el edil se dijo convencido de que la implementaci\u00f3n de pol\u00edticas p\u00fablicas encaminadas a mejorar la infraestructura educativa, \u201csiempre ser\u00e1 una buena inversi\u00f3n, porque con espacios m\u00e1s dignos se reducir\u00e1n las condiciones de marginalidad entre nuestros ni\u00f1os y j\u00f3venes, ampliando sus oportunidades de desarrollo e impulsando su potencial acad\u00e9mico\u201d.<\/p>\n<p>Asever\u00f3 que el sello distintivo del H. Ayuntamiento 2019-2021 es su compromiso con la educaci\u00f3n, por lo que se invertir\u00e1n cerca de 5 millones de pesos para brindar un mantenimiento general en cerca de 85 planteles educativos de todos los niveles acad\u00e9micos a lo largo y ancho del territorio de Tultepec.<\/p>\n<p>Acompa\u00f1ado por integrantes del cabildo y los directores de Educaci\u00f3n, Obras P\u00fablicas, Servicios P\u00fablicos, Imagen Urbana, Ecolog\u00eda y Salud P\u00fablica; el alcalde escuch\u00f3 una a una las peticiones de los directores de los planteles para hacer un recuento de las necesidades en cada escuela, a fin de solventarlas a la brevedad posible y hacer de \u00e9stas, espacios \u00f3ptimos para los alumnos.<\/p>\n<p>El alcalde agradeci\u00f3 el apoyo y sensibilidad de cada uno de los integrantes del cabildo por aprobar los recursos necesarios en la realizaci\u00f3n de estos trabajos, a la vez de reiterar a los directores de las escuelas que no est\u00e1n solos ante este dif\u00edcil panorama que encontraron de regreso a sus planteles.<\/p>\n<p>Finalmente, el alcalde Marco Antonio Cruz asegur\u00f3 que los trabajos se llevar\u00e1n a cabo de manera programada e ininterrumpida, hasta lograr la rehabilitaci\u00f3n de cada una de las escuelas, con el objetivo de que se encuentren \u00f3ptimas condiciones para un regreso a clases presenciales de forma segura para alumnos, maestros y personal administrativo.<\/p>\n","protected":false},"excerpt":{"rendered":"<p>Ante el inminente regreso a clases presenciales planteado por el gobierno del Estado de M\u00e9xico, el alcalde Marco Antonio Cruz Cruz, sostuvo reuniones con directores de escuelas y supervisores escolares de zona, para escuchar de viva voz las necesidades que encontraron en sus planteles tras 15 meses de que \u00e9stos permanecieron cerrados a causa de la pandemia.\u00a0\u00a0\u00a0<\/p>\n","protected":false},"author":3,"featured_media":510984,"comment_status":"open","ping_status":"open","sticky":false,"template":"","format":"standard","meta":{"_monsterinsights_skip_tracking":false,"_monsterinsights_sitenote_active":false,"_monsterinsights_sitenote_note":"","_monsterinsights_sitenote_category":0,"footnotes":""},"categories":[5],"tags":[207,43675,70221,3802],"class_list":["post-510886","post","type-post","status-publish","format-standard","has-post-thumbnail","hentry","category-estado-de-mexico","tag-escuelas","tag-estado-de-mexico","tag-rehabilita","tag-tultepec"],"_links":{"self":[{"href":"https:\/\/www.diarioimagen.net\/index.php?rest_route=\/wp\/v2\/posts\/510886","targetHints":{"allow":["GET"]}}],"collection":[{"href":"https:\/\/www.diarioimagen.net\/index.php?rest_route=\/wp\/v2\/posts"}],"about":[{"href":"https:\/\/www.diarioimagen.net\/index.php?rest_route=\/wp\/v2\/types\/post"}],"author":[{"embeddable":true,"href":"https:\/\/www.diarioimagen.net\/index.php?rest_route=\/wp\/v2\/users\/3"}],"replies":[{"embeddable":true,"href":"https:\/\/www.diarioimagen.net\/index.php?rest_route=%2Fwp%2Fv2%2Fcomments&post=510886"}],"version-history":[{"count":0,"href":"https:\/\/www.diarioimagen.net\/index.php?rest_route=\/wp\/v2\/posts\/510886\/revisions"}],"wp:featuredmedia":[{"embeddable":true,"href":"https:\/\/www.diarioimagen.net\/index.php?rest_route=\/wp\/v2\/media\/510984"}],"wp:attachment":[{"href":"https:\/\/www.diarioimagen.net\/index.php?rest_route=%2Fwp%2Fv2%2Fmedia&parent=510886"}],"wp:term":[{"taxonomy":"category","embeddable":true,"href":"https:\/\/www.diarioimagen.net\/index.php?rest_route=%2Fwp%2Fv2%2Fcategories&post=510886"},{"taxonomy":"post_tag","embeddable":true,"href":"https:\/\/www.diarioimagen.net\/index.php?rest_route=%2Fwp%2Fv2%2Ftags&post=510886"}],"curies":[{"name":"wp","href":"https:\/\/api.w.org\/{rel}","templated":true}]}}