{"id":510903,"date":"2021-06-17T00:02:17","date_gmt":"2021-06-17T05:02:17","guid":{"rendered":"https:\/\/www.diarioimagen.net\/?p=510903"},"modified":"2021-06-21T02:28:47","modified_gmt":"2021-06-21T07:28:47","slug":"otra-farsa","status":"publish","type":"post","link":"https:\/\/www.diarioimagen.net\/?p=510903","title":{"rendered":"Otra farsa"},"content":{"rendered":"<h2>De pe a pa<\/h2>\n<h5>Alberto Vieyra G.<\/h5>\n<p>&nbsp;<\/p>\n<p>La farsa de la \u201crifa del avi\u00f3n presidencial\u201d, sin el avi\u00f3n presidencial conocida pomposamente como Gran Sorteo Especial n\u00famero 235 de la Loter\u00eda Nacional, pasar\u00e1 a la historia como el enga\u00f1o m\u00e1s vil en la historia del presidencialismo mexicano. La farsa del avionzote fue la funci\u00f3n de circo m\u00e1s ultrajante contra la dignidad nacional. La \u201crifa del avi\u00f3n presidencial\u201d ocurri\u00f3 en el sal\u00f3n de Sorteos del Edificio Moro de la Loter\u00eda Nacional el martes 15 de septiembre de 2020 en punto de las 16:00 horas y es la hora en que, a muchos de los 200 ganadores no les han pagado el premio.<\/p>\n<p>Como ocurri\u00f3 en el caso del Hospital ISSSTE de Tampico, Tamaulipas, aunque se tienen noticias de que a cuando menos 4 particulares tampoco les han pagado el premio de 20 millones de pesos que se ganaron en el sorteo: \u00bfQui\u00e9n o quienes se los habr\u00e1n clavado?&#8230;<\/p>\n<p>En su momento la \u201crifa del avi\u00f3n presidencial\u201d, sin el avi\u00f3n presidencial, quien nadie ha querido comprar, bueno que no lo quieren ni regalado y que nos sigue costando a los mexicanos un \u201cojo de la cara\u201d por su car\u00edsimo mantenimiento, sirvi\u00f3 para que Andr\u00e9s Manuel L\u00f3pez Obrador desviara la atenci\u00f3n de muchos problemas torales del pa\u00eds que aut\u00e9nticamente, le quemaban las manos.<\/p>\n<p>Nueve meses despu\u00e9s, y cuando el esc\u00e1ndalo por la cat\u00e1strofe de la L\u00ednea 12 del Metro amenaza con convertirse en el <em>Waterloo<\/em> de AMLO y del partido Morena para 2024 y de cuando menos dos de las figuras consentidas de AMLO como son Claudia Sheinbaum y el canciller Marcelo Ebrard, AMLO se saca de la chistera otra funci\u00f3n de <em>circo, maroma y teatro<\/em> con la \u201crifa de ranchos, departamentos en puertos mexicanos, un palco futbolero\u201d y muchas otras joyas que pertenecieron a criminales del <em>narco<\/em>.<\/p>\n<p>Los 26 muertos y decenas de heridos por el metrazo ya le pesaron a Morena en las elecciones del pasado 6 de junio, en las que la alianza PRI-PAN-PRD le arrebat\u00f3 la mayor\u00eda de delegaciones y diputaciones en la Ciudad de M\u00e9xico y convirti\u00f3 al partido del Presidente, en partido de la chiquillada. Ese hecho tiene a L\u00f3pez Obrador tan bravo que durante 5 d\u00edas a destilar veneno en contra de los medios de comunicaci\u00f3n, la llamada clase media y los \u201cconservadores fif\u00eds\u201d, pues dice que los \u201caspiracionistas y ego\u00edstas electores clase medieros\u2026 son mexicanos \u201csin escr\u00fapulos, ni principios morales que siempre han votado y apoyado a gobiernos corruptos\u201d. S\u00f3lo que AMLO se mordi\u00f3 la lengua porque en pol\u00edtica nadie puede lanzar la primera piedra como un politicastro impoluto. La prueba es que hasta su hermano P\u00edo ha sido exhibido recibiendo dineros p\u00fablicos del gobierno chiapaneco.<\/p>\n<p>El circo de AMLO servir\u00e1 como cortina de humo, para evitar que los medios de comunicaci\u00f3n hagan cera y p\u00e1bilo de sus corruptos funcionarios p\u00fablicos \u201caspiracionistas\u201d a la Presidencia de la Rep\u00fablica para 2024.<\/p>\n<p>La empresa noruega contratada por el gobierno capitalino para realizar el peritaje del <em>metrazo<\/em>, coincide con <em>The New York Times<\/em> en que el Metro se cay\u00f3 porque estuvo mal construido.<\/p>\n<p>\u00bfQui\u00e9nes fueron entonces esos corruptos mal hechos? Bueno, pues el Grupo ICA, el Grupo Carso de Carlos Slim y el entonces jefe de Gobierno de la Ciudad de M\u00e9xico, Marcelo Ebrard, a quien se le \u201cquemaban las habas\u201d por entregar la obra antes de concluir su mandato y Mario Delgado, el actual dirigente Nacional de Morena, encargado de pagar a quienes metieron materiales <em>chafas<\/em> que derivaron en la cat\u00e1strofe que hoy est\u00e1 devorando a Morena y al Presidente. Todo ese desastre y los muertos desgastan a cualquier gobierno y pareciera que AMLO se siente que ser\u00e1 un gobierno eterno, \u00bfo no mi Lic?<\/p>\n<p><a href=\"mailto:info@agenciamn.com\" target=\"_blank\" rel=\"noopener noreferrer\"><em>info@agenciamn.com<\/em><\/a><\/p>\n","protected":false},"excerpt":{"rendered":"<p><span style=\"color: #005497;\"><strong>Alberto Vieyra G.<\/strong><\/span><\/p>\n","protected":false},"author":3,"featured_media":0,"comment_status":"open","ping_status":"open","sticky":false,"template":"","format":"standard","meta":{"_monsterinsights_skip_tracking":false,"_monsterinsights_sitenote_active":false,"_monsterinsights_sitenote_note":"","_monsterinsights_sitenote_category":0,"footnotes":""},"categories":[4596],"tags":[43697,4597,43674],"class_list":["post-510903","post","type-post","status-publish","format-standard","hentry","category-alberto-vieyra-g","tag-alberto-vieyra-g","tag-de-pe-a-pa","tag-opinion"],"_links":{"self":[{"href":"https:\/\/www.diarioimagen.net\/index.php?rest_route=\/wp\/v2\/posts\/510903","targetHints":{"allow":["GET"]}}],"collection":[{"href":"https:\/\/www.diarioimagen.net\/index.php?rest_route=\/wp\/v2\/posts"}],"about":[{"href":"https:\/\/www.diarioimagen.net\/index.php?rest_route=\/wp\/v2\/types\/post"}],"author":[{"embeddable":true,"href":"https:\/\/www.diarioimagen.net\/index.php?rest_route=\/wp\/v2\/users\/3"}],"replies":[{"embeddable":true,"href":"https:\/\/www.diarioimagen.net\/index.php?rest_route=%2Fwp%2Fv2%2Fcomments&post=510903"}],"version-history":[{"count":0,"href":"https:\/\/www.diarioimagen.net\/index.php?rest_route=\/wp\/v2\/posts\/510903\/revisions"}],"wp:attachment":[{"href":"https:\/\/www.diarioimagen.net\/index.php?rest_route=%2Fwp%2Fv2%2Fmedia&parent=510903"}],"wp:term":[{"taxonomy":"category","embeddable":true,"href":"https:\/\/www.diarioimagen.net\/index.php?rest_route=%2Fwp%2Fv2%2Fcategories&post=510903"},{"taxonomy":"post_tag","embeddable":true,"href":"https:\/\/www.diarioimagen.net\/index.php?rest_route=%2Fwp%2Fv2%2Ftags&post=510903"}],"curies":[{"name":"wp","href":"https:\/\/api.w.org\/{rel}","templated":true}]}}