{"id":510909,"date":"2021-06-17T00:08:11","date_gmt":"2021-06-17T05:08:11","guid":{"rendered":"https:\/\/www.diarioimagen.net\/?p=510909"},"modified":"2021-06-17T01:32:23","modified_gmt":"2021-06-17T06:32:23","slug":"partidos-politicos-reprobados","status":"publish","type":"post","link":"https:\/\/www.diarioimagen.net\/?p=510909","title":{"rendered":"Partidos pol\u00edticos reprobados"},"content":{"rendered":"<h2>Punto por punto<\/h2>\n<h5>Augusto Corro<\/h5>\n<p>&nbsp;<\/p>\n<p>En la democracia a la mexicana se gasta el dinero a manos llenas y los principales beneficiados son los partidos pol\u00edticos.<\/p>\n<p>Pierdan o ganen las organizaciones pol\u00edticas se llevan una jugosa tajada de dinero.<\/p>\n<p>Por ejemplo, los partidos fugaces que no lograron conservar su registro le costaron al erario 564.6 millones de pesos.\u00a0 Nos referimos a los partidos Encuentro Solidario (PES), Fuerza por M\u00e9xico (FXM) y Redes Sociales Progresistas.<\/p>\n<p>Esa cantidad de dinero que recibieron ser\u00eda utilizada para sus primeras semanas de existencia y campa\u00f1as electorales.<\/p>\n<p>Al final de la contienda electoral se conoci\u00f3 su p\u00e9simo desempe\u00f1o: no consiguieron ni el 3 por ciento de la votaci\u00f3n requerida para seguir como partidos pol\u00edticos.<\/p>\n<p>Caemos en lo mismo: M\u00e9xico es uno de los pa\u00edses con una de las caras democracias del mundo.<\/p>\n<p>En el pr\u00f3ximo a\u00f1o probablemente se reforme la Ley Electoral.<\/p>\n<p>Quienes participen en este nuevo proyecto no deben olvidar esas grandes sumas de dinero destinados a los \u00e1rbitros electorales y a los partidos pol\u00edticos.<\/p>\n<p>Nuestro pa\u00eds padece una pobreza cr\u00f3nica que obliga a no derrochar los recursos p\u00fablicos sin sentido.<\/p>\n<p>\u00bfPor qu\u00e9 no permitir que sean los propios partidos los que consigan el dinero para su mantenimiento y sus campa\u00f1as electorales?<\/p>\n<p>\u00bfUsted qu\u00e9 opina amable lector?<\/p>\n<p style=\"text-align: center;\"><strong>Los ni\u00f1os con c\u00e1ncer<\/strong><\/p>\n<p>\u00bfPor qu\u00e9 ese empe\u00f1o de las autoridades en no resolver el problema de los medicamentos para los ni\u00f1os con c\u00e1ncer?<\/p>\n<p>Nuevamente un grupo de padres de los menores enfermos bloquearon, el martes, el acceso principal a la Terminal 1 del Aeropuerto Internacional de la Ciudad de M\u00e9xico.<\/p>\n<p>La protesta, que se prolong\u00f3 durante 9 horas, fue por el desabasto de medicamentos oncol\u00f3gicos para los ni\u00f1os.<\/p>\n<p>\u00bfC\u00f3mo hacerle entender a las autoridades que esa enfermedad debe ser atendida con urgencia y que son los ni\u00f1os los principales afectados?<\/p>\n<p>Si bien es cierto que no es f\u00e1cil adquirir esa medicina, \u00bfpor qu\u00e9 no dedicar mayor empe\u00f1o y dedicaci\u00f3n para conseguirla?<\/p>\n<p>\u00bfPor qu\u00e9 los funcionarios p\u00fablicos no invierten m\u00e1s tiempo en solucionar la escasez de los medicamentos oncol\u00f3gicos? Los padres inconformes dijeron representar a pacientes de m\u00e1s de doce estados, en los que no hay medicina para combatir el c\u00e1ncer.<\/p>\n<p>Tambi\u00e9n informaron que fallecieron mil seiscientos menores que no tuvieron el tratamiento a tiempo.<\/p>\n<p>Las autoridades prometieron que la pr\u00f3xima semana se resolver\u00e1 la compra de la citada medicina. Nadie les cree.<\/p>\n<p>\u00bfUsted qu\u00e9 opina amable lector?<\/p>\n<p><strong><em>Frankenstein <\/em><\/strong><\/p>\n<p>El senador panista, Gustavo Madero, dijo que los resultados electorales que obtuvo su partido con el PRI y el PRD reflejan que est\u00e1n muy lejos de ser una oposici\u00f3n competitiva, porque toda su identidad es \u201cser anti-algo\u201d.<\/p>\n<p>Explic\u00f3 que las 27 curules m\u00e1s que obtuvo la alianza no permitir\u00e1 ni siquiera que Morena negocie el Presupuesto de Egresos de la Federaci\u00f3n con la oposici\u00f3n.<\/p>\n<p>Con sentido ir\u00f3nico declar\u00f3 lo siguiente:<\/p>\n<p>\u201cSi meto en una licuadora a Marko Cort\u00e9s (PAN), a <em>Alito<\/em> (Alejandro Moreno, PRI) y a Jes\u00fas Zambrano (PRD) y dices: de ah\u00ed voy a sacar al <em>Superman<\/em> para salvar a M\u00e9xico, m\u00e1s bien saldr\u00eda un <em>Frankenstein<\/em> y no un <em>Capit\u00e1n Am\u00e9rica<\/em>\u201d.<\/p>\n<p>Lo importante de la declaraci\u00f3n de Madero es su an\u00e1lisis de la realidad pol\u00edtica en la que se encuentra la oposici\u00f3n.\u00a0 Los partidos pol\u00edticos se encuentran desmantelados desde las \u00faltimas elecciones presidenciales. No tienen l\u00edderes que los levanten de la lona.<\/p>\n<p>No se trata de \u201cser anti-algo\u201d sino de tener verdaderas propuestas pol\u00edticas, interesantes, etc., adem\u00e1s de atender las demandas del electorado, no tenerlo abandonado.<\/p>\n<p>Las organizaciones pol\u00edticas de la oposici\u00f3n carecen de l\u00edderes. Son los mismos veteranos de la \u201cgrilla\u201d quienes los dirigen.<\/p>\n<p>Ah\u00ed est\u00e1n, por ejemplo: Diego Fern\u00e1ndez de Cevallos, Vicente Fox, Felipe Calder\u00f3n, Santiago Creel, Jos\u00e9 Murat, <em>Los Chuchos<\/em>: Jesus Zambrano y Jes\u00fas Ortega, etc.<\/p>\n<p>\u00bfQu\u00e9 se puede esperar de esos personajes que no tienen en mente cederles el espacio pol\u00edtico a los j\u00f3venes?<\/p>\n<p>\u00bfUsted qu\u00e9 opina amable lector?<\/p>\n<p><a href=\"mailto:aco2742@hotmail.com\" target=\"_blank\" rel=\"noopener noreferrer\"><em>aco2742@hotmail.com<\/em><\/a><\/p>\n","protected":false},"excerpt":{"rendered":"<p><span style=\"color: #005497;\"><strong>Augusto Corro<\/strong><\/span><\/p>\n","protected":false},"author":3,"featured_media":0,"comment_status":"open","ping_status":"open","sticky":false,"template":"","format":"standard","meta":{"_monsterinsights_skip_tracking":false,"_monsterinsights_sitenote_active":false,"_monsterinsights_sitenote_note":"","_monsterinsights_sitenote_category":0,"footnotes":""},"categories":[157],"tags":[43686,43674,11515],"class_list":["post-510909","post","type-post","status-publish","format-standard","hentry","category-augusto-corro","tag-augusto-corro","tag-opinion","tag-punto-por-punto"],"_links":{"self":[{"href":"https:\/\/www.diarioimagen.net\/index.php?rest_route=\/wp\/v2\/posts\/510909","targetHints":{"allow":["GET"]}}],"collection":[{"href":"https:\/\/www.diarioimagen.net\/index.php?rest_route=\/wp\/v2\/posts"}],"about":[{"href":"https:\/\/www.diarioimagen.net\/index.php?rest_route=\/wp\/v2\/types\/post"}],"author":[{"embeddable":true,"href":"https:\/\/www.diarioimagen.net\/index.php?rest_route=\/wp\/v2\/users\/3"}],"replies":[{"embeddable":true,"href":"https:\/\/www.diarioimagen.net\/index.php?rest_route=%2Fwp%2Fv2%2Fcomments&post=510909"}],"version-history":[{"count":0,"href":"https:\/\/www.diarioimagen.net\/index.php?rest_route=\/wp\/v2\/posts\/510909\/revisions"}],"wp:attachment":[{"href":"https:\/\/www.diarioimagen.net\/index.php?rest_route=%2Fwp%2Fv2%2Fmedia&parent=510909"}],"wp:term":[{"taxonomy":"category","embeddable":true,"href":"https:\/\/www.diarioimagen.net\/index.php?rest_route=%2Fwp%2Fv2%2Fcategories&post=510909"},{"taxonomy":"post_tag","embeddable":true,"href":"https:\/\/www.diarioimagen.net\/index.php?rest_route=%2Fwp%2Fv2%2Ftags&post=510909"}],"curies":[{"name":"wp","href":"https:\/\/api.w.org\/{rel}","templated":true}]}}