{"id":510928,"date":"2021-06-17T00:12:54","date_gmt":"2021-06-17T05:12:54","guid":{"rendered":"https:\/\/www.diarioimagen.net\/?p=510928"},"modified":"2021-06-17T01:49:09","modified_gmt":"2021-06-17T06:49:09","slug":"la-dea-tras-varios-gobernadores-alcaldes-y-diputados-ganadores","status":"publish","type":"post","link":"https:\/\/www.diarioimagen.net\/?p=510928","title":{"rendered":"La DEA, tras varios gobernadores, alcaldes y diputados ganadores\u00a0"},"content":{"rendered":"<h2>Tras la puerta del poder<\/h2>\n<h5>Roberto Vizca\u00edno<\/h5>\n<p>&nbsp;<\/p>\n<p>La pregunta hoy en varios c\u00edrculos es si <strong>Alfonso Durazo<\/strong>, <strong>Rub\u00e9n Rocha Moya<\/strong> y <strong>Ricardo Gallardo<\/strong> se atrever\u00edan a viajar a Estados Unidos.<\/p>\n<p>En la misma situaci\u00f3n est\u00e1n varios alcaldes y diputados federales electos a quienes se se\u00f1ala dentro y fuera del pa\u00eds como <em>m\u00e1s que cercanos<\/em> a los c\u00e1rteles del <em>narco.<\/em><\/p>\n<p>Luego que un reporte period\u00edstico no confirmado ni desmentido por la DEA, se\u00f1al\u00f3 durante la pasada campa\u00f1a a <strong>Alfonso Durazo<\/strong> como sujeto a una investigaci\u00f3n por parte de la agencia norteamericana, qued\u00f3 la sospecha de que \u201calgo hay\u201d en Estados Unidos que podr\u00eda llevar al ahora gobernador electo de Morena por Sonora a ser reclamado por autoridades de aquel pa\u00eds.<\/p>\n<p>De los otros dos gobernadores &#8211;<strong>Rub\u00e9n Rocha Moya<\/strong> y <strong>Ricardo Gallardo<\/strong>&#8211; no hay la menor duda de que apenas pongan un pie en EU, ser\u00edan detenidos por la DEA.<\/p>\n<p>Todos ellos son apenas la punta del iceberg de la muy fuerte inquietud que domina hoy a las agencias y niveles de inteligencia, seguridad interior y justicia del gobierno de <strong>Joe Biden,<\/strong> respecto de si se podr\u00eda o no considerar hoy a M\u00e9xico como un \u201cnarco-Estado\u201d.<\/p>\n<p>Con m\u00e1s de un tercio de M\u00e9xico bajo el dominio del <em>narco<\/em>, bajo un r\u00e9gimen abiertamente omiso a cualquier llamado a combatir los c\u00e1rteles, el triunfo de Morena en pr\u00e1cticamente toda la costa del Pac\u00edfico eriz\u00f3 la sensible piel de quienes integran todas las \u00e1reas de seguridad, inteligencia y justicia de aquel pa\u00eds.<\/p>\n<p>La inquietud ha quedado m\u00e1s que expuesta en las visitas consecutivas del director de la CIA, la vicepresidenta Kamala Harris y del secretario de Seguridad Interior de EU a M\u00e9xico.<\/p>\n<p>La respuesta a todo esto de parte del presidente <strong>Andr\u00e9s Manuel L\u00f3pez Obrador<\/strong> ha sido menos que cero.<\/p>\n<p>Feliz-feliz-feliz con los resultados electorales, el mandatario mexicano, advierten los norteamericanos -como qued\u00f3 plasmado en las declaraciones del ex embajador <strong>Christopher Landau<\/strong>&#8211; no ha movido un dedo para responder a la grave situaci\u00f3n de cooptaci\u00f3n del Estado mexicano por parte del crimen y el <em>narco<\/em>.<\/p>\n<p>En este contexto, el diario <em>Milenio<\/em> inform\u00f3 que al menos 6 ganadores de gubernaturas y diputaciones federales son hoy investigados para determinar si recibieron \u201cayuda\u201d del <em>narco<\/em>.<\/p>\n<p>El senador <strong>Mario Zamora<\/strong>, quien compiti\u00f3 por coalici\u00f3n PRI-PAN-PRD en Sinaloa, denunci\u00f3 la intervenci\u00f3n del crimen organizado en la elecci\u00f3n en favor del candidato de Morena, <strong>Rub\u00e9n Rocha Moya,<\/strong> con el <em>levant\u00f3n<\/em> hasta de un millar de representantes de casilla y de supervisores de los partidos de la alianza Va por M\u00e9xico.<\/p>\n<p>\u201cDe \u00e9l se tienen documentados presuntos nexos con el c\u00e1rtel de Pac\u00edfico (c\u00e1rtel de Sinaloa) de <strong>Joaqu\u00edn <em>El Chapo<\/em> Guzm\u00e1n <\/strong>e <strong>Ismael <em>El Mayo<\/em> Zambada<\/strong>\u201d, afirma <em>Milenio<\/em>.<\/p>\n<p>En lo que corresponde al gobernador electo por San Luis Potos\u00ed, <strong>Ricardo Gallardo,<\/strong> existe el antecedente de haber estado en prisi\u00f3n por narcotr\u00e1fico.<\/p>\n<p style=\"text-align: center;\"><strong>Monreal va tras acuerdos <\/strong><\/p>\n<p>Luego de que los resultados electorales dieron mayor\u00eda simple, pero no calificada al gobierno de la 4T y de que trascendi\u00f3 que <strong>AMLO<\/strong> ir\u00e1 por al menos 3 reformas constitucionales, quien y se activ\u00f3 fue el senador <strong>Ricardo Monreal<\/strong>.<\/p>\n<p>Reconocido por su capacidad para alcanzar acuerdos, al parecer ya recibi\u00f3 un llamado desde Palacio Nacional para iniciar acercamientos que tiendan puentes hacia la oposici\u00f3n PAN, PRI, PRD y MC.<\/p>\n<p>Su convicci\u00f3n, afirman, es que el Congreso <strong><em>no puede estar en la par\u00e1lisis<\/em><\/strong>.<\/p>\n<p>Por lo pronto, ya tuvo varios encuentros con los dem\u00e1s grupos parlamentarios hacia un entendimiento sobre la agenda siguiente.<\/p>\n<p><em><a href=\"mailto:rvizcainoa@gmail.com\" target=\"_blank\" rel=\"noopener noreferrer\">rvizcainoa@gmail.com<\/a><br \/>\n<u><a href=\"http:\/\/endirecto.mx\" target=\"_blank\" rel=\"noopener noreferrer\">www.endirecto.mx<\/a><br \/>\n<a href=\"https:\/\/twitter.com\/_rvizcaino\" target=\"_blank\" rel=\"noopener noreferrer\">@_RVizcaino<\/a><br \/>\n<a href=\"https:\/\/www.facebook.com\/rvizcainoa\" target=\"_blank\" rel=\"noopener noreferrer\">facebook.com\/rvizcainoa<\/a><\/u><\/em><\/p>\n","protected":false},"excerpt":{"rendered":"<p><span style=\"color: #005497;\"><strong>Roberto Vizca\u00edno<\/strong><\/span><br \/>\n<br \/>\nLa pregunta hoy en varios c\u00edrculos es si <strong>Alfonso Durazo<\/strong>, <strong>Rub\u00e9n Rocha Moya<\/strong> y <strong>Ricardo Gallardo<\/strong> se atrever\u00edan a viajar a Estados Unidos.<\/p>\n","protected":false},"author":3,"featured_media":0,"comment_status":"open","ping_status":"open","sticky":false,"template":"","format":"standard","meta":{"_monsterinsights_skip_tracking":false,"_monsterinsights_sitenote_active":false,"_monsterinsights_sitenote_note":"","_monsterinsights_sitenote_category":0,"footnotes":""},"categories":[136],"tags":[43674,93,94],"class_list":["post-510928","post","type-post","status-publish","format-standard","hentry","category-roberto-vizcaino-opinion","tag-opinion","tag-roberto-vizcaino","tag-tras-la-puerta-del-poder"],"_links":{"self":[{"href":"https:\/\/www.diarioimagen.net\/index.php?rest_route=\/wp\/v2\/posts\/510928","targetHints":{"allow":["GET"]}}],"collection":[{"href":"https:\/\/www.diarioimagen.net\/index.php?rest_route=\/wp\/v2\/posts"}],"about":[{"href":"https:\/\/www.diarioimagen.net\/index.php?rest_route=\/wp\/v2\/types\/post"}],"author":[{"embeddable":true,"href":"https:\/\/www.diarioimagen.net\/index.php?rest_route=\/wp\/v2\/users\/3"}],"replies":[{"embeddable":true,"href":"https:\/\/www.diarioimagen.net\/index.php?rest_route=%2Fwp%2Fv2%2Fcomments&post=510928"}],"version-history":[{"count":0,"href":"https:\/\/www.diarioimagen.net\/index.php?rest_route=\/wp\/v2\/posts\/510928\/revisions"}],"wp:attachment":[{"href":"https:\/\/www.diarioimagen.net\/index.php?rest_route=%2Fwp%2Fv2%2Fmedia&parent=510928"}],"wp:term":[{"taxonomy":"category","embeddable":true,"href":"https:\/\/www.diarioimagen.net\/index.php?rest_route=%2Fwp%2Fv2%2Fcategories&post=510928"},{"taxonomy":"post_tag","embeddable":true,"href":"https:\/\/www.diarioimagen.net\/index.php?rest_route=%2Fwp%2Fv2%2Ftags&post=510928"}],"curies":[{"name":"wp","href":"https:\/\/api.w.org\/{rel}","templated":true}]}}