{"id":510935,"date":"2021-06-17T00:09:12","date_gmt":"2021-06-17T05:09:12","guid":{"rendered":"https:\/\/www.diarioimagen.net\/?p=510935"},"modified":"2021-06-17T01:54:34","modified_gmt":"2021-06-17T06:54:34","slug":"linea-12-del-metro-un-muladar","status":"publish","type":"post","link":"https:\/\/www.diarioimagen.net\/?p=510935","title":{"rendered":"L\u00ednea 12 del Metro, un muladar"},"content":{"rendered":"<h2>Poder y dinero<\/h2>\n<h5>V\u00edctor S\u00e1nchez Ba\u00f1os<\/h5>\n<p>&nbsp;<\/p>\n<ul>\n<li><strong><em>Muerte en el STC: fraudes y prisas<\/em><\/strong><\/li>\n<li><strong><em>Dictamen no da responsables del crimen<\/em><\/strong><\/li>\n<li><strong><em>\u201cAhorro\u201d en pernos y concreto \u201cchafa\u201d<\/em><\/strong><\/li>\n<li><strong><em>Sin supervisi\u00f3n de obras, ni mantenimiento<\/em><\/strong><\/li>\n<\/ul>\n<p>&nbsp;<\/p>\n<p style=\"text-align: right;\"><em>Mi ideal pol\u00edtico es el democr\u00e1tico.<br \/>\n<\/em><em>Cada uno debe ser respetado como <\/em><em>persona y nadie debe ser divinizado<br \/>\n<\/em><strong>Albert Einstein<\/strong> (1879-1955) cient\u00edfico alem\u00e1n nacionalizado estadounidense<\/p>\n<p>&nbsp;<\/p>\n<p>El primero de los tres dict\u00e1menes de la empresa Det Norske Veritas sobre el colapso de la L\u00ednea 12 del Metro, que seg\u00f3 la vida de 26 personas, fue una falla estructural; deficiencias en la construcci\u00f3n tales como falta de pernos Nelson, una trabe construida con diversas calidades de concreto, entre una cadena de deficiencias criminales.<\/p>\n<p>Todo se enfila a que las obras p\u00fablicas realizadas por gobiernos de izquierda, no est\u00e1n realizadas con el escrupuloso cuidado, supervisi\u00f3n y mantenimiento.<\/p>\n<p>En una conferencia de prensa donde no apareci\u00f3 Florencia Serran\u00eda, directora del Metro, y quien no ha sido citada por el Ministerio P\u00fablico de la Ciudad de M\u00e9xico.<\/p>\n<p>Espec\u00edficamente, el dictamen aduce que el incidente fue provocado por una falla estructural, asociada al menos a las siguientes condiciones identificadas hasta ahora: deficiencias en el proceso constructivo, proceso de soldadura de los pernos Nelson, porosidad y falta de fusi\u00f3n en la uni\u00f3n perno trabe, falta de pernos Nelson en las trabes que conforman el conjunto del puente, diferentes tipos de concreto en la tableta, soldaduras no concluidas y\/o mal ejecutadas, supervisi\u00f3n y control dimensional en soldaduras.<\/p>\n<p>Esto habla de una obra hecha sobre las rodillas, sin profesionalismo y con una larga estela de criminales ahorros.<\/p>\n<p>As\u00ed, es como se confirma el reportaje de <em>The New York Times<\/em>, donde el domingo pasado se public\u00f3 que las trabes de acero, as\u00ed como la mezcla de la estructura de acero y el concreto no correspond\u00eda a las necesidades de la obra. Esto, en base a miles de fotograf\u00edas de expertos.<\/p>\n<p>El tema toral, que el martes por la noche me confirm\u00f3 el ingeniero estructuralista Eduardo Ram\u00edrez Cato, fue la soldadura de los pernos Nelson y su n\u00famero, necesario para soportar el paso y peso de los trenes.<\/p>\n<p>Esto es en la primera fase del dictamen. En los siguientes se podr\u00e1 establecer otros aspectos, como los informes de supervisi\u00f3n de obras y el manejo de las estimaciones de obra que pas\u00f3 de Rioboo, luego Cinsa (de Grupo Carso). Esto, adem\u00e1s de las bit\u00e1coras de mantenimiento.<\/p>\n<p>Siguen las dudas, incluso en la empresa dictaminadora: \u00bfEl dise\u00f1o ha sido apropiado para el sistema de la L12?, \u00bfCumplieron los materiales de construcci\u00f3n con lo requerido por el dise\u00f1o?, \u00bfCumpli\u00f3 la ejecuci\u00f3n de la construcci\u00f3n con lo requerido por el dise\u00f1o? y otros factores posiblemente contribuyentes, tales como: operaci\u00f3n, reparaciones y rehabilitaciones.<\/p>\n<p>Adem\u00e1s, seguir\u00e1 la revisi\u00f3n de planos de construcci\u00f3n y c\u00e1lculos para determinar discrepancias entre dise\u00f1o y construcci\u00f3n; supervisi\u00f3n y an\u00e1lisis de muestras de concreto y metal; y supervisi\u00f3n de las pruebas y an\u00e1lisis destructivos en la posible falla principal para determinar si hay evidencia que indique que se aplic\u00f3 una condici\u00f3n de carga inusual al sistema, como lateral y un torsional, que puede inducir al pandeo de las vigas de acero.<\/p>\n<p>En esta primera etapa, s\u00f3lo queda claro que no se ha perfilado a culpables, porque quienes construyeron esas obras, cometieron un fraude al gobierno de la Ciudad de M\u00e9xico, al poner materiales de baja calidad; autoridades no realizaron la supervisi\u00f3n de obras y, al final, no hubo mantenimiento y revisi\u00f3n.<\/p>\n<p>Un cochinero monumental.<\/p>\n<p style=\"text-align: center;\"><strong>PODEROSOS <\/strong><strong>CABALLEROS<\/strong><\/p>\n<p><strong>BAJA CALIFORNIA: <\/strong>Menudo esc\u00e1ndalo se desat\u00f3 en Mexicali, donde la alcaldesa sustituta, Guadalupe Mora, fundadora de Morena, quien destap\u00f3 sobreprecios en la adquisici\u00f3n de desayunos del DIF; en el Instituto Municipal de Arte y Cultura, as\u00ed como en el Museo de la Comida China. Los regidores piden que la gobernadora electa, Marina del Pilar \u00c1vila, regrese a sus funciones. Dicen que el municipio es ingobernable. \u00bfSer\u00e1 que los regidores temen que Lupita les saque m\u00e1s corruptelas? Denuncias medi\u00e1ticas que deber\u00edan ir al MP.<\/p>\n<p><strong>CONGRESO CDMX: <\/strong>De acuerdo a los complejos y supuestamente equitativos c\u00e1lculos establecidos en la ley, la distribuci\u00f3n de las diputaciones para la integraci\u00f3n del Congresos en la Ciudad de M\u00e9xico en su segunda legislatura, queda con 32 curules para Morena; 17 para el PAN; 9 para el PRI; 5 para el PRD; 2 para el Partido Verde y uno para Movimiento Ciudadano. As\u00ed, Morena y su aliado, el PVEM, mantienen la mayor\u00eda en la C\u00e1mara de Diputados local, tras las elecciones pasadas en las que hubo muchas sorpresas, con inesperadas derrotas en las diputaciones por mayor\u00eda relativa. Vale mencionar que la disputa por las coordinaciones de las bancadas estar\u00e1 en la lista plurinominal. Por Morena se apuntan, Valentina Batres, Tem\u00edstocles Villanueva, Jos\u00e9 Luis Rodr\u00edguez, H\u00e9ctor D\u00edaz Polanco e Isabela Rosales; del PAN, la buscan, Federico D\u00f6ring, Mar\u00eda Gabriela Salido y Ana Jocelyn Villagr\u00e1n; del PRI, la quieren Carlos Joaqu\u00edn Fern\u00e1ndez y Tania Larios.<\/p>\n<p style=\"text-align: center;\"><strong>RESPONSABILIDAD <\/strong><strong>SOCIAL CORPORATIVA<\/strong><\/p>\n<p><strong>QUALIS TECHNOLOGIES: <\/strong>Qualis Technologies, que dirige Isaac Bissu Bali, lanz\u00f3 Expediente M\u00e9dico Avanzado (EMA) que brinda un registro digital del historial m\u00e9dico que se puede actualizar y consultar en tiempo real desde cualquier lugar, con ello se optimiza el tiempo tanto para m\u00e9dicos como pacientes, adem\u00e1s de evitar el error humano a trav\u00e9s de la sistematizaci\u00f3n. Sirve para atender cualquier tratamiento, padecimiento cr\u00f3nico o preventivo, incluso detecci\u00f3n oportuna o diagn\u00f3stico. De hecho, como consecuencia de la situaci\u00f3n de la pandemia, EMA desarroll\u00f3 la funci\u00f3n de Triage Respiratorio, que es un servicio gratuito para los derechohabientes de centros de salud que utilizan EMA. Est\u00e1 pensado para centros de salud, en este momento ya es implementado por las instituciones p\u00fablicas del Estado de M\u00e9xico.<\/p>\n<p>&nbsp;<\/p>\n<blockquote>\n<p style=\"text-align: right;\"><strong>Esc\u00fachame de lunes a viernes, de 21 a 22 horas,<br \/>\nen \u201cV\u00edctor S\u00e1nchez Ba\u00f1os en MVS\u201d<\/strong><\/p>\n<\/blockquote>\n<p>&nbsp;<\/p>\n<p><a href=\"https:\/\/mvsnoticias.com\/\" target=\"_blank\" rel=\"noopener noreferrer\"><em>MVSnoticias.com<\/em><\/a><br \/>\n<a href=\"http:\/\/poderydinero.mx\" target=\"_blank\" rel=\"noopener noreferrer\"><em>poderydinero.mx<\/em><\/a><em><b><br \/>\n<\/b><a href=\"mailto:vsb@poderydinero.mx\" target=\"_blank\" rel=\"noopener noreferrer\">vsb@poderydinero.mx<\/a><a href=\"mailto:vsanchezb@gmail.com\" target=\"_blank\" rel=\"noopener noreferrer\"><br \/>\n<\/a><strong>Twitter:<\/strong><a href=\"https:\/\/twitter.com\/vsanchezbanos\" target=\"_blank\" rel=\"noopener noreferrer\">@vsanchezbanos<br \/>\n<\/a><strong>Facebook: <\/strong><a href=\"https:\/\/www.facebook.com\/vsanchezbanos?fref=ts\" target=\"_blank\" rel=\"noopener noreferrer\">vsanchezbanos<\/a><\/em><\/p>\n","protected":false},"excerpt":{"rendered":"<p><span style=\"color: #005497;\"><strong>V\u00edctor S\u00e1nchez Ba\u00f1os<\/strong><\/span><\/p>\n","protected":false},"author":3,"featured_media":0,"comment_status":"open","ping_status":"open","sticky":false,"template":"","format":"standard","meta":{"_monsterinsights_skip_tracking":false,"_monsterinsights_sitenote_active":false,"_monsterinsights_sitenote_note":"","_monsterinsights_sitenote_category":0,"footnotes":""},"categories":[38844],"tags":[43674,38847,38848],"class_list":["post-510935","post","type-post","status-publish","format-standard","hentry","category-victor-sanchez-banos","tag-opinion","tag-poder-y-dinero","tag-victor-sanchez-banos"],"_links":{"self":[{"href":"https:\/\/www.diarioimagen.net\/index.php?rest_route=\/wp\/v2\/posts\/510935","targetHints":{"allow":["GET"]}}],"collection":[{"href":"https:\/\/www.diarioimagen.net\/index.php?rest_route=\/wp\/v2\/posts"}],"about":[{"href":"https:\/\/www.diarioimagen.net\/index.php?rest_route=\/wp\/v2\/types\/post"}],"author":[{"embeddable":true,"href":"https:\/\/www.diarioimagen.net\/index.php?rest_route=\/wp\/v2\/users\/3"}],"replies":[{"embeddable":true,"href":"https:\/\/www.diarioimagen.net\/index.php?rest_route=%2Fwp%2Fv2%2Fcomments&post=510935"}],"version-history":[{"count":0,"href":"https:\/\/www.diarioimagen.net\/index.php?rest_route=\/wp\/v2\/posts\/510935\/revisions"}],"wp:attachment":[{"href":"https:\/\/www.diarioimagen.net\/index.php?rest_route=%2Fwp%2Fv2%2Fmedia&parent=510935"}],"wp:term":[{"taxonomy":"category","embeddable":true,"href":"https:\/\/www.diarioimagen.net\/index.php?rest_route=%2Fwp%2Fv2%2Fcategories&post=510935"},{"taxonomy":"post_tag","embeddable":true,"href":"https:\/\/www.diarioimagen.net\/index.php?rest_route=%2Fwp%2Fv2%2Ftags&post=510935"}],"curies":[{"name":"wp","href":"https:\/\/api.w.org\/{rel}","templated":true}]}}