{"id":511030,"date":"2021-06-18T00:01:13","date_gmt":"2021-06-18T05:01:13","guid":{"rendered":"https:\/\/www.diarioimagen.net\/?p=511030"},"modified":"2021-06-18T05:48:43","modified_gmt":"2021-06-18T10:48:43","slug":"la-aerolinea-de-los-emiratos-arabes-unidos-tiene-vuelos-con-tarifas-irresistibles","status":"publish","type":"post","link":"https:\/\/www.diarioimagen.net\/?p=511030","title":{"rendered":"La aerol\u00ednea de los Emiratos \u00c1rabes Unidos tiene vuelos con tarifas irresistibles"},"content":{"rendered":"<h2>De cinco estrellas<\/h2>\n<h5>Victoria Gonz\u00e1lez Prado<\/h5>\n<p>&nbsp;<\/p>\n<ul>\n<li><strong><em>Robert-Jan Woltering nuevo VP regional de marcas de lujo en M\u00e9xico para Accor<\/em><\/strong><\/li>\n<li><strong><em>\u00bfAlguna vez imaginaste que tendr\u00edas que viajar con cubrebocas y desinfectante?<\/em><\/strong><\/li>\n<\/ul>\n<p>&nbsp;<\/p>\n<div id=\"attachment_511134\" style=\"width: 470px\" class=\"wp-caption aligncenter\"><a href=\"https:\/\/www.diarioimagen.net\/?attachment_id=511134\" rel=\"attachment wp-att-511134\"><img loading=\"lazy\" decoding=\"async\" aria-describedby=\"caption-attachment-511134\" class=\"size-full wp-image-511134\" src=\"https:\/\/www.diarioimagen.net\/wp-content\/uploads\/2021\/06\/turismo-7.jpg\" alt=\"\" width=\"460\" height=\"270\" \/><\/a><p id=\"caption-attachment-511134\" class=\"wp-caption-text\">La aerol\u00ednea tiene tarifas irresistibles.<\/p><\/div>\n<p>&nbsp;<\/p>\n<p>La aerol\u00ednea de los Emiratos \u00c1rabes Unidos, <em>Emirates<\/em>, mantendr\u00e1 hasta el 20 de junio de esta a\u00f1o oferta especial con tarifas promocionales para volar entre la Ciudad de M\u00e9xico y Barcelona, v\u00e1lidas para viajar hasta el 8 de abril del 2022.<\/p>\n<p>Con tarifas desde 549 euros, es excelente oportunidad para aprovechar y planificar viaje este verano o m\u00e1s adelante. Adem\u00e1s, los socios de <em>Skywards<\/em> \u2013galardonado programa de la aerol\u00ednea \u00e1rabe para viajeros frecuentes\u2013 permite acumular el doble de millas con la compra de esta oferta.<\/p>\n<p>La ruta desde Barcelona a Ciudad de M\u00e9xioo fortalece a\u00fan m\u00e1s los s\u00f3lidos v\u00ednculos entre Espa\u00f1a y M\u00e9xico. Los vuelos se operar\u00e1n en <em>Boeing 777-200LR<\/em> de dos clases con 38 asientos de Clase <em>Business<\/em> en configuraci\u00f3n 2-2-2 y 264 asientos en Clase Turista.<\/p>\n<p>El vuelo EK255 saldr\u00e1 de Barcelona a las 10:50 horas y llegar\u00e1 a Ciudad de M\u00e9xico a las 16:05 horas del mismo d\u00eda. El vuelo de regreso EK256 despegar\u00e1 de Ciudad de M\u00e9xico a las 19:40 horas, llegando a Barcelona a las 13:45 horas del d\u00eda siguiente. El segmento Barcelona-M\u00e9xico-Barcelona forma parte del servicio de <em>Emirates<\/em> de Dubai a M\u00e9xico v\u00eda Barcelona.<\/p>\n<p>La aerol\u00ednea ha aplicado amplio conjunto de medidas en cada etapa del viaje para garantizar la seguridad de sus clientes y empleados en tierra y en el aire, incluida la distribuci\u00f3n de kits de higiene gratuitos que contienen mascarillas, guantes, desinfectante de manos y toallitas antibacteriales a todos los clientes.<\/p>\n<p><strong>Robert-Jan Woltering<\/strong> fue nombrado vicepresidente regional del \u00e1rea de Marcas de Lujo de <em>Accor<\/em> para M\u00e9xico y Centroam\u00e9rica. En su nuevo cargo, deber\u00e1 mantener los niveles m\u00e1s altos de excelencia en el servicio en todos los hoteles de lujo de la compa\u00f1\u00eda en la regi\u00f3n.<\/p>\n<p>Adem\u00e1s, ser\u00e1 responsable de supervisar la llegada y operaci\u00f3n de <em>SO Los Cabos Hotel &amp; Residences <\/em>y <em>Fairmont Costa Canuva en Riviera Nayarit<\/em> en los pr\u00f3ximos a\u00f1os, as\u00ed como seguir en su posici\u00f3n actual como gerente general de <em>Fairmont Mayakoba Riviera Maya.<\/em><\/p>\n<p>\u201cMe siento muy honrado y orgulloso con este nombramiento. Los pr\u00f3ximos a\u00f1os me enfocar\u00e9 en buscar oportunidades para contribuir al crecimiento de nuestras marcas de lujo y las nuevas aperturas, as\u00ed como para desarrollar alianzas estrat\u00e9gicas\u201d, dijo el nuevo vicepresidente regional.<\/p>\n<p><strong>Robert-Jan Woltering<\/strong> cuenta con 35 a\u00f1os de experiencia en el sector hotelero en donde ha desempe\u00f1ado diferentes cargos ejecutivos en los cinco continentes. Es apasionado de los viajes, tiene amplio respeto por las diferentes culturas y habla cinco idiomas, lo que contribuy\u00f3 a que pudiera liderar equipos en varios pa\u00edses.<\/p>\n<p>Desde 1995 ingres\u00f3 a <em>Accor<\/em> como gerente de Alimentos y Bebidas en Sofitel Luxemburgo, de ah\u00ed a la fecha ha ocupado diferentes posiciones en el grupo hotelero, como vicepresidente general de los hoteles <em>Fairmont<\/em> y <em>Raffles<\/em> en los Emiratos \u00c1rabes Unidos.<\/p>\n<p>Fungi\u00f3 como gerente general de reconocidos <em>hoteles como Raffles Singapur, Fairmont Kea Lani en Hawai, Fairmont<\/em> <em>Dubai, Sofitel Alemania<\/em> y <em>Sofitel Legend <\/em>en \u00c1msterdam, por nombrar algunos, y recientemente, fue gerente general del \u00e1rea de marcas de lujo de la marca francesa en M\u00e9xico.<\/p>\n<p>Es originario de los Pa\u00edses Bajos, y adem\u00e1s de hablar su lengua materna, el holand\u00e9s, domina el ingl\u00e9s, alem\u00e1n, franc\u00e9s y \u00e1rabe en nivel b\u00e1sico. Asisti\u00f3 a <em>Hotel School The Hague, Institute of Hospitality Management<\/em>, y en 2019, obtuvo su Certificado de Inversiones en Bienes Ra\u00edces Hoteleras y Gesti\u00f3n de Activos por la Universidad de Cornell.<\/p>\n<p>\u2730\u2730\u2730\u2730\u2730 \u00bfAlguna vez imaginaste que tendr\u00edas que viajar con cubrebocas y desinfectante? \u00bfQu\u00e9 deber\u00edas guardar al menos un metro y medio de distancia entre la gente?, y lo peor de todo, para muchos, saludarnos a la distancia.<\/p>\n<p>Yo no lo imagine, tampoc\u00f3 lo pens\u00e9 y creo que a nadie nos pas\u00f3 por el pensamiento que trabajar\u00edamos desde casa y mucho menos abstenernos de salir a la calle. Algunos durante meses y otros procurando hacerlo con todas las medidas de seguridad e higiene.<\/p>\n<p>No hay duda alguna que el mundo cambi\u00f3. A ra\u00edz de la pandem\u00eda por Covid-19 todo es diferente. De nuestros rostros solo vemos los ojos y estamos aprendiendo a comunicarnos con ellos. Y, \u00bfqu\u00e9 decir de los viajes? Nadie imagin\u00f3 que los aviones se quedar\u00edan estacionados en los hangares, que los barcos dejar\u00edan de navegar, los autobuses sin rutas a d\u00f3nde ir. Hoteles, restaurantes y parques de diversiones cerraron sus puertas.<\/p>\n<p>Estamos viviendo un cambio y ahora, que empieza a reactivarse el turismo hablamos de tendencias en los viajes, buscamos experiencis diferentes, preferimos disfrutar la naturaleza, actividades al aire libre, viajar por nuestro pa\u00eds, y, como ni\u00f1os nos preguntamos a escondidas si el Covid marcar\u00e1 un antes y un despu\u00e9s.<\/p>\n<p>Me gustar\u00eda tener esa esfera grande donde las videntes y brujas dicen ver el futuro. No se hacerlo, as\u00ed que tendr\u00e9 que volver a la realidad.<\/p>\n<p>Hace unos d\u00edas, los m\u00e9dicos <strong>Lourdes Garc\u00eda<\/strong>, <strong>Enrique Sosa <\/strong>y <strong>Tania Ch\u00e1vez<\/strong>, ofrecieron interesante conferencia, de las que est\u00e1n de moda, por internet. En ella se habl\u00f3 de la importancia de desinfectar \u00e1reas distintas de casa, lavar nuestras manos con agua y jab\u00f3n cuantas veces podamos y si no , utiluizar un desfinfectante que nos proteja no solo de de birus, bacter\u00edas y esporas, tambi\u00e9n que ese desinfectante cuide nuestra piel.<\/p>\n<p>Es momento de empezar a cambiar nuestros h\u00e1bitos al viajar y tendremos que incorporar en nuestro bolso o equipaje de mano nuevos art\u00edculos que nos hagan sentir seguros y uno de ellos y que se volver\u00e1 indispensable es el <em>Advaita Mycrobacter <\/em>porque ayuda a eliminar 99.9 por ciento de virus y bacterias a los 30 segundos de aplicarlo.<\/p>\n<p>Tiene pH neutro lo que lo convierte en producto que no da\u00f1a nuestra piel, no reseca y no arden las manos. Adem\u00e1s, no deja esa sensaci\u00f3n pegajosa, no mancha, no es t\u00f3xico, no oxida las superficies y cuenta con atomizador inteligente, calibrado para dispersi\u00f3n homog\u00e9nea, beneficios que lo convierten en el mejor aliado de los viajeros.<\/p>\n<p><em>Advaita Mycrobacter<\/em> es antis\u00e9ptico y desinfectante y ofrece la m\u00e1s alta protecci\u00f3n en la piel y superficies como asientos de aviones, autobuses, etc\u00e9tera. Te sentir\u00e1s seguro en los viajes a destinos cercanos o internacionales. Su eficacia en la eliminaci\u00f3n de virus y bacterias, lo convierte en el desinfectante que llevaremos a todas partes. Por supuesto, sin olvidar guardar sana distancia y utlizar el cubrebocss.<\/p>\n<p>Con la reactivaci\u00f3n del turismo tendremos que aplicar medidas de higiene adicionales al subirnos en cualquier transporte: taxis autobuses, aviones o cualquier oitor medio de transporte y tambi\u00e9n, al llegar a espacios p\u00fablicos nos ser\u00e1 de gran apoyo para sentirnos mucho m\u00e1s seguros.<\/p>\n<p><em>Advaita Mycrobacter<\/em> es el desinfectant que tambi\u00e9n \u201cnos ayudar\u00e1 si tenemos alg\u00fan percance durante el viaje pues se puede aplicar sin temor a lastimar tu piel\u201d, asegur\u00f3 la doctora <strong>Tania Ch\u00e1vez<\/strong>, m\u00e9dico cirujano, farmacolog\u00eda y cuidado integral de heridas para la marca. Asegurate de cargar tu atomizador ser\u00e1 el mejor aliado para viajar con tus seres queridos.<\/p>\n<p>&nbsp;<\/p>\n<blockquote>\n<p style=\"text-align: right;\">\u201c<strong>El<\/strong> <strong>\u00e1ngel de la fama tiene sus alas hechas de papel&#8230; peri\u00f3dico\u201d.<br \/>\n<\/strong><\/p>\n<\/blockquote>\n<p>&nbsp;<\/p>\n<p><em><span class=\"Apple-converted-space\"><a href=\"mailto:victoriagprado@gmail.com\" target=\"_blank\" rel=\"noopener noreferrer\">victoriagprado@gmail.com<\/a><br \/>\nTwitter: <a href=\"https:\/\/twitter.com\/victoriagprado\" target=\"_blank\" rel=\"noopener noreferrer\">@victoriagprado<\/a><\/span><\/em><\/p>\n","protected":false},"excerpt":{"rendered":"<p>La aerol\u00ednea de los Emiratos \u00c1rabes Unidos, <em>Emirates<\/em>, mantendr\u00e1 hasta el 20 de junio de esta a\u00f1o oferta especial con tarifas promocionales para volar entre la Ciudad de M\u00e9xico y Barcelona, v\u00e1lidas para viajar hasta el 8 de abril del 2022.<\/p>\n","protected":false},"author":3,"featured_media":511134,"comment_status":"open","ping_status":"open","sticky":false,"template":"","format":"standard","meta":{"_monsterinsights_skip_tracking":false,"_monsterinsights_sitenote_active":false,"_monsterinsights_sitenote_note":"","_monsterinsights_sitenote_category":0,"footnotes":""},"categories":[11],"tags":[107,43674,43681,106],"class_list":["post-511030","post","type-post","status-publish","format-standard","has-post-thumbnail","hentry","category-turismo","tag-de-cinco-estrellas","tag-opinion","tag-turismo","tag-victoria-gonzalez-prado"],"_links":{"self":[{"href":"https:\/\/www.diarioimagen.net\/index.php?rest_route=\/wp\/v2\/posts\/511030","targetHints":{"allow":["GET"]}}],"collection":[{"href":"https:\/\/www.diarioimagen.net\/index.php?rest_route=\/wp\/v2\/posts"}],"about":[{"href":"https:\/\/www.diarioimagen.net\/index.php?rest_route=\/wp\/v2\/types\/post"}],"author":[{"embeddable":true,"href":"https:\/\/www.diarioimagen.net\/index.php?rest_route=\/wp\/v2\/users\/3"}],"replies":[{"embeddable":true,"href":"https:\/\/www.diarioimagen.net\/index.php?rest_route=%2Fwp%2Fv2%2Fcomments&post=511030"}],"version-history":[{"count":0,"href":"https:\/\/www.diarioimagen.net\/index.php?rest_route=\/wp\/v2\/posts\/511030\/revisions"}],"wp:featuredmedia":[{"embeddable":true,"href":"https:\/\/www.diarioimagen.net\/index.php?rest_route=\/wp\/v2\/media\/511134"}],"wp:attachment":[{"href":"https:\/\/www.diarioimagen.net\/index.php?rest_route=%2Fwp%2Fv2%2Fmedia&parent=511030"}],"wp:term":[{"taxonomy":"category","embeddable":true,"href":"https:\/\/www.diarioimagen.net\/index.php?rest_route=%2Fwp%2Fv2%2Fcategories&post=511030"},{"taxonomy":"post_tag","embeddable":true,"href":"https:\/\/www.diarioimagen.net\/index.php?rest_route=%2Fwp%2Fv2%2Ftags&post=511030"}],"curies":[{"name":"wp","href":"https:\/\/api.w.org\/{rel}","templated":true}]}}