{"id":511072,"date":"2021-06-18T00:12:15","date_gmt":"2021-06-18T05:12:15","guid":{"rendered":"https:\/\/www.diarioimagen.net\/?p=511072"},"modified":"2021-06-18T04:24:56","modified_gmt":"2021-06-18T09:24:56","slug":"linea-12-una-bomba-de-tiempo","status":"publish","type":"post","link":"https:\/\/www.diarioimagen.net\/?p=511072","title":{"rendered":"L\u00ednea 12, una bomba de tiempo&#8230;"},"content":{"rendered":"<h2>Tras la puerta del poder<\/h2>\n<h5>Roberto Vizca\u00edno<\/h5>\n<p>&nbsp;<\/p>\n<p>El reporte noruego es como una biopsia que revela la met\u00e1stasis del c\u00e1ncer incurable de la L\u00ednea 12 del Metro. El fallo directo es s\u00f3lo uno: est\u00e1 mal construida de punta a punta. Reabrirla -como ha ordenado el presidente <strong>Andr\u00e9s Manuel L\u00f3pez Obrador <\/strong>a la jefa de Gobierno, <strong>Claudia Sheinbaum<\/strong>&#8211; requerir\u00eda demolerla y volverla a hacer. Darle una \u201cmanita de gato\u201d y hacer como que con una trapeadita y sacudidita queda lista, ser\u00eda enviar a los millones de sus usuarios, los m\u00e1s pobres de la capital, a un sucidio. A una ejecuci\u00f3n de Estado.<\/p>\n<p>El derrumbe del tramo de Tl\u00e1huac s\u00f3lo fue una advertencia de que en cualquier momento se puede colapsar otro tramo.<\/p>\n<p>Ese es simple, llanamente el fondo de la revelaci\u00f3n del informe preliminar de empresa <strong>Det Norske Veritas<\/strong>, <strong>DNV<\/strong>.<\/p>\n<p>S\u00f3lo para definir que los noruegos no juegan son sus conclusiones, diremos que <strong>DNV<\/strong> es considerada una sociedad de clasificaci\u00f3n mundial, con sede en Noruega y fundada en 1864, especializada en gesti\u00f3n de riesgos.<\/p>\n<p>Lo que encontr\u00f3 <strong>DNV <\/strong>en su investigaci\u00f3n fue: que por premuras para que la L\u00ednea 12 estuviera antes del fin de la gesti\u00f3n de <strong>Marcelo Ebrard<\/strong> como jefe de Gobierno, y quiz\u00e1 por corrupci\u00f3n, lo m\u00e1s seguro que fue por las dos cosas, esa l\u00ednea <strong><em>se hizo al avent\u00f3n<\/em><\/strong>.<\/p>\n<p>Se utilizaron varios tipos de concreto, con menos pernos de los requeridos, mal puestos, con trabes de acero unidas con soldaduras mal hechas, insuficientes, con v\u00edas no aptas para los vagones, con curvas sin trazos adecuados, etc, etc.<\/p>\n<p>Lo que en mi barrio \u201cclasemediero\u201d que raya en lumpen se conoce como <strong><em>al chilazo<\/em><\/strong>.\u00a0 Por todo ello las responsabilidades de quienes la construyeron y echaron a andar con todas esas fallas es no s\u00f3lo pol\u00edtica, sino criminal.<\/p>\n<p>Si esto hubiera ocurrido en Noruega, de d\u00f3nde es <strong>DNV<\/strong>, esos responsables seguro ya no estar\u00edan en el gobierno, sino en la c\u00e1rcel. Menos como precandidatos presidenciales. Y pues s\u00ed, hablo de <strong>Marcelo Ebrard<\/strong>, <strong>Mario Delgado<\/strong> y ese equipo que particip\u00f3 en esa obra. <strong>Claudia Sheinbaum<\/strong> entrar\u00e1 en ese grupo si reabre la L\u00ednea 12 como est\u00e1.<\/p>\n<p style=\"text-align: center;\"><strong>Bajo la sospecha de la reelecci\u00f3n, va reforma electoral <\/strong><\/p>\n<p>Inmersa en la maldici\u00f3n de la piedra de S\u00edsifo, dentro de un constante cambio y readecuaci\u00f3n, la transici\u00f3n democr\u00e1tica mexicana no termina por establecerse.<\/p>\n<p>Hoy, de nuevo todos los actores, corrientes y partidos pol\u00edticos reclaman una nueva reforma electoral y pol\u00edtica. El primero de ellos el presidente <strong>Andr\u00e9s Manuel L\u00f3pez Obrador<\/strong> con planteamientos como el de la desaparici\u00f3n de los senadores y diputados <em>pluris<\/em> y un recorte draconiano del gasto en organismos, instituciones y tribunales del ramo. Si por el tabasque\u00f1o fuese, desaparecer\u00eda al INE y someter\u00eda a una austeridad calcutiana a los partidos, a esa de cero pesos y cero centavos para nadie.<\/p>\n<p>Otros, como <strong>Ricardo Monreal<\/strong>, l\u00edder de la mayor\u00eda morenista y presidente de la Junta de Coordinaci\u00f3n Pol\u00edtica del Senado, esa reforma s\u00ed debe incluir un ajuste presupuestal pero apegado a los nuevos alcances que tendr\u00e1n los \u00f3rganos electorales al incluir las nuevas tecnolog\u00edas en los comicios, por ejemplo urnas digitales, lo que disminuir\u00eda sustancialmente la participaci\u00f3n de ciudadanos, papeler\u00eda y esquemas de vigilancia.<\/p>\n<p>La oposici\u00f3n buscar\u00eda que esta reforma electoral y pol\u00edtica en puerta fortalezca la conciencia y la importancia de la participaci\u00f3n pol\u00edtica de los ciudadanos en la integraci\u00f3n de nuevos gobiernos.<\/p>\n<p>Como sea, lo que cada quien busque, ya se abri\u00f3 el debate y en el Senado, <strong>Ricardo Monreal<\/strong> ya orienta sus bater\u00edas a la creaci\u00f3n de un voto calificado, porque esa reforma requerir\u00e1 varios cambios a la Constituci\u00f3n.<\/p>\n<p>Cero posibilidad de ir, afirman todos, ni a la reelecci\u00f3n presidencial ni a la extensi\u00f3n de mandato de <strong>AMLO<\/strong>.<\/p>\n<p style=\"text-align: center;\"><strong>Se abri\u00f3 paso con ingenio <\/strong><\/p>\n<p>Sin duda las elecciones del 6 de junio pusieron a prueba el ingenio de no pocos. Como todo en la vida, algunos lograron abrirse camino con su experiencia y carisma. Uno de estos fue el \u201cmoreno\u201d <strong>Andr\u00e9s Mijes<\/strong>, quien logr\u00f3 alcanzar la alcald\u00eda de Escobedo, Nuevo Le\u00f3n, una entidad que rechaz\u00f3 a una gobernadora del partido en el gobierno federal.<\/p>\n<p><strong>Mijes<\/strong> llega a esta posici\u00f3n con 41,855 sufragios. Con esa votaci\u00f3n cancel\u00f3 la oportunidad del PRI y el PAN, quienes antes hab\u00edan gobernado esa municipalidad. Para lograrlo tuvo que organizar a sus equipos contra la compra de votos, y la operaci\u00f3n de activistas violentos de la CTM.<\/p>\n<p><em><a href=\"mailto:rvizcainoa@gmail.com\" target=\"_blank\" rel=\"noopener noreferrer\">rvizcainoa@gmail.com<\/a><br \/>\n<u><a href=\"http:\/\/endirecto.mx\" target=\"_blank\" rel=\"noopener noreferrer\">www.endirecto.mx<\/a><br \/>\n<a href=\"https:\/\/twitter.com\/_rvizcaino\" target=\"_blank\" rel=\"noopener noreferrer\">@_RVizcaino<\/a><br \/>\n<a href=\"https:\/\/www.facebook.com\/rvizcainoa\" target=\"_blank\" rel=\"noopener noreferrer\">facebook.com\/rvizcainoa<\/a><\/u><\/em><\/p>\n","protected":false},"excerpt":{"rendered":"<p><span style=\"color: #005497;\"><strong>Roberto Vizca\u00edno<\/strong><\/span><br \/>\n<br \/>\nEl reporte noruego es como una biopsia que revela la met\u00e1stasis del c\u00e1ncer incurable de la L\u00ednea 12 del Metro. El fallo directo es s\u00f3lo uno: est\u00e1 mal construida de punta a punta. Reabrirla -como ha ordenado el presidente <strong>Andr\u00e9s Manuel L\u00f3pez Obrador <\/strong>a la jefa de Gobierno, <strong>Claudia Sheinbaum<\/strong>&#8211; requerir\u00eda demolerla y volverla a hacer.<\/p>\n","protected":false},"author":3,"featured_media":0,"comment_status":"open","ping_status":"open","sticky":false,"template":"","format":"standard","meta":{"_monsterinsights_skip_tracking":false,"_monsterinsights_sitenote_active":false,"_monsterinsights_sitenote_note":"","_monsterinsights_sitenote_category":0,"footnotes":""},"categories":[136],"tags":[43674,93,94],"class_list":["post-511072","post","type-post","status-publish","format-standard","hentry","category-roberto-vizcaino-opinion","tag-opinion","tag-roberto-vizcaino","tag-tras-la-puerta-del-poder"],"_links":{"self":[{"href":"https:\/\/www.diarioimagen.net\/index.php?rest_route=\/wp\/v2\/posts\/511072","targetHints":{"allow":["GET"]}}],"collection":[{"href":"https:\/\/www.diarioimagen.net\/index.php?rest_route=\/wp\/v2\/posts"}],"about":[{"href":"https:\/\/www.diarioimagen.net\/index.php?rest_route=\/wp\/v2\/types\/post"}],"author":[{"embeddable":true,"href":"https:\/\/www.diarioimagen.net\/index.php?rest_route=\/wp\/v2\/users\/3"}],"replies":[{"embeddable":true,"href":"https:\/\/www.diarioimagen.net\/index.php?rest_route=%2Fwp%2Fv2%2Fcomments&post=511072"}],"version-history":[{"count":0,"href":"https:\/\/www.diarioimagen.net\/index.php?rest_route=\/wp\/v2\/posts\/511072\/revisions"}],"wp:attachment":[{"href":"https:\/\/www.diarioimagen.net\/index.php?rest_route=%2Fwp%2Fv2%2Fmedia&parent=511072"}],"wp:term":[{"taxonomy":"category","embeddable":true,"href":"https:\/\/www.diarioimagen.net\/index.php?rest_route=%2Fwp%2Fv2%2Fcategories&post=511072"},{"taxonomy":"post_tag","embeddable":true,"href":"https:\/\/www.diarioimagen.net\/index.php?rest_route=%2Fwp%2Fv2%2Ftags&post=511072"}],"curies":[{"name":"wp","href":"https:\/\/api.w.org\/{rel}","templated":true}]}}