{"id":511082,"date":"2021-06-18T00:01:14","date_gmt":"2021-06-18T05:01:14","guid":{"rendered":"https:\/\/www.diarioimagen.net\/?p=511082"},"modified":"2021-06-18T05:54:06","modified_gmt":"2021-06-18T10:54:06","slug":"inicia-sanitizacion-de-escuelas-en-cuautitlan-para-el-regreso-a-clases","status":"publish","type":"post","link":"https:\/\/www.diarioimagen.net\/?p=511082","title":{"rendered":"Inicia sanitizaci\u00f3n de escuelas en\u00a0Cuautitl\u00e1n, para el regreso a clases"},"content":{"rendered":"<p>&nbsp;<\/p>\n<ul>\n<li><strong><em>Labor de Protecci\u00f3n Civil y Bomberos<\/em><\/strong><\/li>\n<\/ul>\n<p>&nbsp;<\/p>\n<div id=\"attachment_511141\" style=\"width: 470px\" class=\"wp-caption aligncenter\"><a href=\"https:\/\/www.diarioimagen.net\/?attachment_id=511141\" rel=\"attachment wp-att-511141\"><img loading=\"lazy\" decoding=\"async\" aria-describedby=\"caption-attachment-511141\" class=\"size-full wp-image-511141\" src=\"https:\/\/www.diarioimagen.net\/wp-content\/uploads\/2021\/06\/cuautitlan-8.jpg\" alt=\"\" width=\"460\" height=\"270\" \/><\/a><p id=\"caption-attachment-511141\" class=\"wp-caption-text\">Elementos de Protecci\u00f3n Civil y Bomberos de Cuautitl\u00e1n desinfectan 100 escuelas p\u00fablicas, de forma programada.<\/p><\/div>\n<p>&nbsp;<\/p>\n<p><strong>Cuautitl\u00e1n, Estado de M\u00e9xico<\/strong>.- Contar con escuelas seguras para este regreso a clases es parte de las acciones que el gobierno de Cuautitl\u00e1n lleva a cabo para evitar contagios por la Covid-19, entre la poblaci\u00f3n, as\u00ed lo dio a conocer la administraci\u00f3n municipal al poner en marcha el programa de sanitizaci\u00f3n en escuelas p\u00fablicas del municipio.<\/p>\n<p>\u201cPreparamos un regreso seguro a clases\u201d, es el esquema de sanitizaci\u00f3n que realizar\u00e1 la coordinaci\u00f3n de Protecci\u00f3n Civil y Bomberos de Cuautitl\u00e1n para desinfectar 100 escuelas p\u00fablicas de forma programada, con la aplicaci\u00f3n de un agente activo: cloro de liberaci\u00f3n prolongada, tricloro.<\/p>\n<p>Del 16 al 30 de junio de las 9:00 a las 18:00 horas de lunes a viernes, se sanitizar\u00e1n los centros educativos con el apoyo de tres unidades m\u00f3viles y tres elementos cada una, acciones que se realizar\u00e1n en: 26 jardines de ni\u00f1os, 45 primarias, 20 secundarias, 6 centros de bachillerato y 3 escuelas de educaci\u00f3n especial.<\/p>\n<p>Acompa\u00f1ando estas acciones los elementos de Protecci\u00f3n Civil, dar\u00e1n recomendaciones a los directivos escolares con el fin de mantener los espacios sanitizados, como el uso de gel antibacterial, toma de temperatura, limpieza constante de zonas de uso com\u00fan, as\u00ed como el uso de cubre bocas para que una vez se reinicien las clases los alumnos y personal docente, refuercen las medidas sanitarias b\u00e1sicas.<\/p>\n<p>Cabe se\u00f1alar que el regreso a clase en escuelas de todos los niveles ser\u00e1 definido par la autoridad de salud en funci\u00f3n del riesgo sanitario, priorizando en todo momento la salud de las ni\u00f1as, ni\u00f1os y adolescentes y personal docente, en caso que se presenten s\u00edntomas de COVID-19 ser\u00e1 prioridad acudir inmediatamente a la unidad de salud m\u00e1s cercana a su domicilio y evitar automedicarse.<\/p>\n","protected":false},"excerpt":{"rendered":"<p>Contar con escuelas seguras para este regreso a clases es parte de las acciones que el gobierno de Cuautitl\u00e1n lleva a cabo para evitar contagios por la Covid-19, entre la poblaci\u00f3n, as\u00ed lo dio a conocer la administraci\u00f3n municipal al poner en marcha el programa de sanitizaci\u00f3n en escuelas p\u00fablicas del municipio.\u00a0<\/p>\n","protected":false},"author":3,"featured_media":511141,"comment_status":"open","ping_status":"open","sticky":false,"template":"","format":"standard","meta":{"_monsterinsights_skip_tracking":false,"_monsterinsights_sitenote_active":false,"_monsterinsights_sitenote_note":"","_monsterinsights_sitenote_category":0,"footnotes":""},"categories":[5],"tags":[681,43675],"class_list":["post-511082","post","type-post","status-publish","format-standard","has-post-thumbnail","hentry","category-estado-de-mexico","tag-cuautitlan","tag-estado-de-mexico"],"_links":{"self":[{"href":"https:\/\/www.diarioimagen.net\/index.php?rest_route=\/wp\/v2\/posts\/511082","targetHints":{"allow":["GET"]}}],"collection":[{"href":"https:\/\/www.diarioimagen.net\/index.php?rest_route=\/wp\/v2\/posts"}],"about":[{"href":"https:\/\/www.diarioimagen.net\/index.php?rest_route=\/wp\/v2\/types\/post"}],"author":[{"embeddable":true,"href":"https:\/\/www.diarioimagen.net\/index.php?rest_route=\/wp\/v2\/users\/3"}],"replies":[{"embeddable":true,"href":"https:\/\/www.diarioimagen.net\/index.php?rest_route=%2Fwp%2Fv2%2Fcomments&post=511082"}],"version-history":[{"count":0,"href":"https:\/\/www.diarioimagen.net\/index.php?rest_route=\/wp\/v2\/posts\/511082\/revisions"}],"wp:featuredmedia":[{"embeddable":true,"href":"https:\/\/www.diarioimagen.net\/index.php?rest_route=\/wp\/v2\/media\/511141"}],"wp:attachment":[{"href":"https:\/\/www.diarioimagen.net\/index.php?rest_route=%2Fwp%2Fv2%2Fmedia&parent=511082"}],"wp:term":[{"taxonomy":"category","embeddable":true,"href":"https:\/\/www.diarioimagen.net\/index.php?rest_route=%2Fwp%2Fv2%2Fcategories&post=511082"},{"taxonomy":"post_tag","embeddable":true,"href":"https:\/\/www.diarioimagen.net\/index.php?rest_route=%2Fwp%2Fv2%2Ftags&post=511082"}],"curies":[{"name":"wp","href":"https:\/\/api.w.org\/{rel}","templated":true}]}}