{"id":511172,"date":"2021-06-21T00:05:27","date_gmt":"2021-06-21T05:05:27","guid":{"rendered":"https:\/\/www.diarioimagen.net\/?p=511172"},"modified":"2021-06-22T00:22:04","modified_gmt":"2021-06-22T05:22:04","slug":"reanuda-actividades-centro-de-rehabilitacion-y-educacion-especial-de-toluca","status":"publish","type":"post","link":"https:\/\/www.diarioimagen.net\/?p=511172","title":{"rendered":"Reanuda actividades Centro de Rehabilitaci\u00f3n y Educaci\u00f3n Especial de Toluca"},"content":{"rendered":"<p>&nbsp;<\/p>\n<ul>\n<li><em><strong>Reapertura bajo estrictas normas de salud<\/strong><\/em><\/li>\n<\/ul>\n<p>&nbsp;<\/p>\n<div id=\"attachment_511275\" style=\"width: 470px\" class=\"wp-caption aligncenter\"><a href=\"https:\/\/www.diarioimagen.net\/?attachment_id=511275\" rel=\"attachment wp-att-511275\"><img loading=\"lazy\" decoding=\"async\" aria-describedby=\"caption-attachment-511275\" class=\"size-full wp-image-511275\" src=\"https:\/\/www.diarioimagen.net\/wp-content\/uploads\/2021\/06\/EDOMEX1-4.jpg\" alt=\"\" width=\"460\" height=\"270\" \/><\/a><p id=\"caption-attachment-511275\" class=\"wp-caption-text\">Realizan reapertura del CREE bajo estrictas normas de salud, a fin de procurar la protecci\u00f3n de los usuarios y servidores p\u00fablicos.<\/p><\/div>\n<p>&nbsp;<\/p>\n<p><strong>Toluca, Estado de M\u00e9xico<\/strong>.- Con una ocupaci\u00f3n m\u00e1xima de 70 por ciento del aforo total y con todas las medidas sanitarias de prevenci\u00f3n, el Centro de Rehabilitaci\u00f3n y Educaci\u00f3n Especial (CREE), del DIF Estado de M\u00e9xico, presidido por Fernanda Castillo de Del Mazo, reanuda sus actividades presenciales, a fin de seguir atendiendo a la poblaci\u00f3n que requiera servicios m\u00e9dicos y terap\u00e9uticos relacionados con la discapacidad.<\/p>\n<p>Silvia Fern\u00e1ndez Mart\u00ednez, Directora de Atenci\u00f3n a la Discapacidad del DIF estatal, inform\u00f3 que conforme a lo que establece el Sem\u00e1foro de Riesgo Epidemiol\u00f3gico, una vez que la entidad mexiquense se encuentra en color verde, este centro reabre sus puertas para ofrecer servicio en las \u00e1reas de Medicina de Rehabilitaci\u00f3n, Comunicaci\u00f3n Humana, Neuropediatr\u00eda, Terapia F\u00edsica, Terapia Ocupacional, Terapia de Lenguaje y laboratorio de \u00f3rtesis y pr\u00f3tesis.<\/p>\n<p>Detall\u00f3 que, con el objeto de procurar mayores oportunidades de bienestar y acceso al desarrollo e integraci\u00f3n social de las personas con discapacidad, adem\u00e1s de los servicios de atenci\u00f3n m\u00e9dica especializada y terap\u00e9utica, el CREE tambi\u00e9n otorga la emisi\u00f3n de certificados, credencializaci\u00f3n y estudios diagn\u00f3sticos como electromiograf\u00eda, electroencefalograf\u00eda, audiometr\u00edas y potenciales auditivos.<\/p>\n<p>Destac\u00f3 que al ingresar al Centro deber\u00e1n cumplir los protocolos sanitarios como son higiene personal, portaci\u00f3n correcta de cubrebocas, toma de temperatura, lavado frecuente de manos y evitar las aglomeraciones en las \u00e1reas de atenci\u00f3n.<\/p>\n<p>La Directora de Atenci\u00f3n a la Discapacidad precis\u00f3 que las personas con discapacidad que acudan por primera vez al CREE, as\u00ed como quienes suspendieron tratamientos programados deber\u00e1n presentar C\u00e9dula \u00danica de Registro de Poblaci\u00f3n (CURP), Acta de Nacimiento, credencial del Instituto Nacional Electoral (INE) y comprobante de domicilio.<\/p>\n<p>Silvia Fern\u00e1ndez resalt\u00f3 que la prestaci\u00f3n del servicio se har\u00e1 de forma regular de lunes a viernes, en un horario de las 7:00 a 20:00 horas, mismo en el que se vigilar\u00e1 en todo momento que se cumpla la ocupaci\u00f3n y normatividad.<\/p>\n<p>Expuso que gracias al apoyo del Gobernador Alfredo Del Mazo y a la gesti\u00f3n de su esposa Fernanda Castillo de Del Mazo, el CREE fue remodelado recientemente lo que permite brindar un servicio profesional, con equipo de alta tecnolog\u00eda y con instalaciones seguras.<\/p>\n<p>El CREE est\u00e1 ubicado en calle General Felipe \u00c1ngeles sin n\u00famero, entre la avenida Paseo Col\u00f3n y Andr\u00e9s Quintana Roo Sur, colonia Villa Hogar, Toluca, Estado de M\u00e9xico. Para mayor informaci\u00f3n los interesados pueden comunicarse al tel\u00e9fono 722-217-4542.<\/p>\n","protected":false},"excerpt":{"rendered":"<p>Con una ocupaci\u00f3n m\u00e1xima de 70 por ciento del aforo total y con todas las medidas sanitarias de prevenci\u00f3n, el Centro de Rehabilitaci\u00f3n y Educaci\u00f3n Especial (CREE), del DIF Estado de M\u00e9xico, presidido por Fernanda Castillo de Del Mazo, reanuda sus actividades presenciales, a fin de seguir atendiendo a la poblaci\u00f3n que requiera servicios m\u00e9dicos y terap\u00e9uticos relacionados con la discapacidad.<\/p>\n","protected":false},"author":3,"featured_media":511275,"comment_status":"open","ping_status":"open","sticky":false,"template":"","format":"standard","meta":{"_monsterinsights_skip_tracking":false,"_monsterinsights_sitenote_active":false,"_monsterinsights_sitenote_note":"","_monsterinsights_sitenote_category":0,"footnotes":""},"categories":[5],"tags":[93199,43675,452],"class_list":["post-511172","post","type-post","status-publish","format-standard","has-post-thumbnail","hentry","category-estado-de-mexico","tag-centro-de-rehabilitacion-y-educacion-especial","tag-estado-de-mexico","tag-toluca"],"_links":{"self":[{"href":"https:\/\/www.diarioimagen.net\/index.php?rest_route=\/wp\/v2\/posts\/511172","targetHints":{"allow":["GET"]}}],"collection":[{"href":"https:\/\/www.diarioimagen.net\/index.php?rest_route=\/wp\/v2\/posts"}],"about":[{"href":"https:\/\/www.diarioimagen.net\/index.php?rest_route=\/wp\/v2\/types\/post"}],"author":[{"embeddable":true,"href":"https:\/\/www.diarioimagen.net\/index.php?rest_route=\/wp\/v2\/users\/3"}],"replies":[{"embeddable":true,"href":"https:\/\/www.diarioimagen.net\/index.php?rest_route=%2Fwp%2Fv2%2Fcomments&post=511172"}],"version-history":[{"count":0,"href":"https:\/\/www.diarioimagen.net\/index.php?rest_route=\/wp\/v2\/posts\/511172\/revisions"}],"wp:featuredmedia":[{"embeddable":true,"href":"https:\/\/www.diarioimagen.net\/index.php?rest_route=\/wp\/v2\/media\/511275"}],"wp:attachment":[{"href":"https:\/\/www.diarioimagen.net\/index.php?rest_route=%2Fwp%2Fv2%2Fmedia&parent=511172"}],"wp:term":[{"taxonomy":"category","embeddable":true,"href":"https:\/\/www.diarioimagen.net\/index.php?rest_route=%2Fwp%2Fv2%2Fcategories&post=511172"},{"taxonomy":"post_tag","embeddable":true,"href":"https:\/\/www.diarioimagen.net\/index.php?rest_route=%2Fwp%2Fv2%2Ftags&post=511172"}],"curies":[{"name":"wp","href":"https:\/\/api.w.org\/{rel}","templated":true}]}}