{"id":511212,"date":"2021-06-21T00:02:03","date_gmt":"2021-06-21T05:02:03","guid":{"rendered":"https:\/\/www.diarioimagen.net\/?p=511212"},"modified":"2021-06-21T02:16:05","modified_gmt":"2021-06-21T07:16:05","slug":"el-camino-del-diputado-morenista-ignacio-mier-gris-y-lleno-de-errores","status":"publish","type":"post","link":"https:\/\/www.diarioimagen.net\/?p=511212","title":{"rendered":"El camino del diputado morenista Ignacio Mier, gris y lleno de errores"},"content":{"rendered":"<h2>La Retaguardia<\/h2>\n<h5>Adriana Moreno Cordero<\/h5>\n<p>&nbsp;<\/p>\n<ul>\n<li><strong><em>Azteca 7, la mejor opci\u00f3n para los Juegos Ol\u00edmpicos Tokio 2020<\/em><\/strong><\/li>\n<\/ul>\n<p>&nbsp;<\/p>\n<p>El coordinador de la bancada de Morena en la C\u00e1mara de Diputados<strong>, Ignacio Mier<\/strong>, no quiere irse del Palacio Legislativo de San L\u00e1zaro \u201csin pena ni gloria\u201d; de hecho, va a permanecer porque consigui\u00f3 -para sorpresa de propios y extra\u00f1os-, continuar en su curul por un per\u00edodo m\u00e1s, gracias a la reelecci\u00f3n<\/p>\n<p>Sin embargo, lo cierto es que su corta trayectoria legislativa, por lo menos en un primer per\u00edodo, no le dio para m\u00e1s; s\u00f3lo para tener un camino gris, eso s\u00ed, lleno de traspi\u00e9s y errores y esos, en el caso del diputado por Puebla, parece que pesar\u00e1n mucho m\u00e1s, sobre todo ahora que inicia una nueva gesti\u00f3n en San L\u00e1zaro.<\/p>\n<p>Debido a lo anterior, el coordinador morenista emiti\u00f3 un comunicado en el que anuncia que quiere adelantar una de las propuestas que hiciera ni m\u00e1s ni menos que el presidente <strong>Andr\u00e9s Manuel L\u00f3pez Obrador<\/strong> en la \u00e9poca de las campa\u00f1as de cara a las elecciones del 6 de junio pasado, cuando dirigi\u00f3 su demoledora mirada al Instituto Nacional Electoral, que preside <strong>Lorenzo C\u00f3rdova<\/strong>, s\u00f3lo porque nunca dej\u00f3 de marcarle que se met\u00eda abiertamente en dichos comicios a favor de sus candidatos e incluso, se autoerigi\u00f3 como el \u00e1rbitro electoral supremo, pero, cu\u00e1l ser\u00eda su sorpresa y coraje, que el INE fue reconocido hasta mundialmente como un Instituto imparcial que llev\u00f3 a cabo su labor, tanto \u00e9l como el resto de los integrantes del Consejo General de manera excelente esto, hay que subrayarlo, pese a las amenazas de personajes impresentables como el l\u00edder de Morena, <strong>Mario Mart\u00edn Delgado<\/strong> y del impresentable <strong>F\u00e9lix Salgado Macedonio<\/strong> quien, ahora desde el Senado de la Rep\u00fablica gobernar\u00e1 su estado, Guerrero.<\/p>\n<p>El caso es que el diputado Mier Velazco, asegura sin presentar mayor prueba de ello, muy al estilo de su jefe de Palacio Nacional que: \u201cAhora el INE interviene para poner y quitar candidatos con decisiones desproporcionadas y en funci\u00f3n de intereses de partido y grupos de poder \u201c.<\/p>\n<p>O sea, Ignacio Mier quiere cumplir el mandato presidencial pr\u00e1cticamente de desmantelar al INE, por eso, se supone que someter\u00e1 a consideraci\u00f3n de la fracci\u00f3n morenista, que se incluyan estos temas en su agenda prioritaria del pr\u00f3ximo periodo legislativo, as\u00ed como las propuestas de L\u00f3pez Obrador en materia el\u00e9ctrica, electoral y de la Guardia Nacional.<\/p>\n<p>Obvio, el legislador del partido oficial, no quiere perder, por eso reitera su ciega lealtad de esta manera al inquilino de Palacio Nacional, pero hay un detalle digno de considerar. Ignacio Mier quiere seguir como coordinador de la fracci\u00f3n mayoritaria en la C\u00e1mara Baja, pero varios obst\u00e1culos se le atraviesan en el camino y el principal, es que llega a San L\u00e1zaro <strong>Yeidckol Polevnsky<\/strong>, quien definitivamente no est\u00e1 dispuesta a dejar que eso suceda; es m\u00e1s, la empresaria ya se siente la coordinadora. \u00a1Qu\u00e9 tal!<\/p>\n<p style=\"text-align: center;\"><strong>Municiones<\/strong><\/p>\n<p>*** En la cuenta regresiva a los Juegos Ol\u00edmpicos Tokio 2020, una de las mejores opciones para ver esta justa ol\u00edmpica que es in\u00e9dita porque se da en tiempos de pandemia, es, sin duda, <strong>Azteca 7<\/strong>, \u201cEl Oro es Nuestro\u201d, ya que cuenta con \u00a0la mejor cobertura, seguimiento y transmisi\u00f3n de las competencias ol\u00edmpicas de cada d\u00eda, se transmitir\u00e1 de lunes a domingo a partir de las 6 de la ma\u00f1ana.\u00a0 Con m\u00e1s opciones informativas de estas Olimpiadas, de lunes a domingo a las 2 y media de la tarde Azteca 7 transmitir\u00e1\u00a0 lo mejor de las competencias en un resumen completo que contar\u00e1 con lo mejor de las competencias m\u00e1s un toque de humor y entretenimiento.\u00a0No pueden faltar Los Protagonistas, de lunes a s\u00e1bado a las 10 y media de la noche, que es el programa deportivo de mayor tradici\u00f3n en la televisi\u00f3n mexicana y que tambi\u00e9n llevar\u00e1 lo mejor de la cobertura ol\u00edmpica, an\u00e1lisis deportivo, la cultura japonesa, entretenimiento y mucha diversi\u00f3n para toda la familia.\u00a0 El elenco que conformar\u00e1 esta oferta se compone de juventud y experiencia: <strong>Christian Martinoli, Luis Garc\u00eda, In\u00e9s Sainz, Antonio Rosique, Carlos Guerrero, Rodolfo Vargas, Jorge Campos, Luis Roberto \u00c1lvez \u201cZague\u201d, Julio C\u00e9sar Ch\u00e1vez, Rafael Ayala, Andrea Sola, Renata Ibarrar\u00e1n, Pablo De Rubens, C\u00e9sar Castro<\/strong> y <strong>Eduardo Ruiz<\/strong> ser\u00e1 el talento de casa que llevar\u00e1 la emoci\u00f3n de los juegos.\u00a0Tambi\u00e9n contar\u00e1 con un gran equipo de expertos y analistas como <strong>Enrique Garay, Mati \u00c1lvarez, Mariana Avitia, Guillermo P\u00e9rez, Luis Rivera, Ana Lago, Luis \u00c1lvarez, Jennifer Cant\u00fa, Nelson Vargas Jr.<\/strong> y <strong>Luis Ni\u00f1o de Rivera<\/strong>.\u00a0Y porque no todo es deporte, TV Azteca se acompa\u00f1ar\u00e1 de entretenimiento y mucha diversi\u00f3n, con un gran elenco integrado por <strong>Facundo, \u201cEl Capi\u201d, Luis Felipe Tovar, Carlos Espejel, Luis Fernando Pe\u00f1a, el \u201cDiente de Oro\u201d, Ale Ley, Miguel Burra, Giovana Romo, Rocio Garc\u00eda, Asai San, \u201cEl Chef Enmascarado\u201d y el fot\u00f3grafo<\/strong> y explorador <strong>Gerardo del Villar<\/strong>.<\/p>\n<p>*** Y hablando de la televisora del Ajusco, ayer, por ADN 40 se transmiti\u00f3 el segundo cap\u00edtulo de la serie \u201cGuerreras de la Libertad\u201d, donde m\u00e1s mujeres periodistas, hablan sobre las diversas situaciones de riesgo por las que han tenido que atravesar para ejercer su profesi\u00f3n. En esta segunda transmisi\u00f3n, dieron testimonio reconocidas mujeres\u00a0 como: <strong>Bibiana Belsasso, Pilar Ferreira, Fabiola Guarneros, Andrea Merlos<\/strong> y <strong>Elisa Alanis<\/strong>, entre otras. Esta es una serie que crea conciencia sobre todo, en aquellos hombres que no han dimensionado el papel de la mujer, de la profesionista comprometida con el periodismo.<\/p>\n<p>*** Los diputados y diputadas del PRI, presentaron un Punto de Acuerdo en la pasada sesi\u00f3n de la Comisi\u00f3n Permanente en la que solicitaron que el Ejecutivo federal informe al Congreso de la Uni\u00f3n sobre los gastos de mantenimiento y operaci\u00f3n del avi\u00f3n presidencial \u201cJos\u00e9 Mar\u00eda Morelos y Pav\u00f3n\u201d, que a m\u00e1s de dos a\u00f1os de su enajenaci\u00f3n, no han logrado vender y se mantiene sin uso. Hay que recordar que en septiembre del a\u00f1o pasado, se llev\u00f3 a cabo la rifa-no rifa de dicha aeronave. Total, que los legisladores que en San L\u00e1zaro coordina <strong>Ren\u00e9 Ju\u00e1rez<\/strong>, manifestaron su preocupaci\u00f3n por la falta de claridad y transparencia en este proceso de liquidaci\u00f3n y peor a\u00fan, existe el riesgo de que se malbarate el patrimonio nacional, como presuntamente ocurri\u00f3 con el otro avi\u00f3n que transport\u00f3 a los mandatarios mexicanos durante 26 a\u00f1os, el \u201cPresidente Benito Ju\u00e1rez\u201d, el cual\u00a0se vendi\u00f3 en 65 millones de pesos, con datos del Instituto para Devolver al Pueblo lo Robado.<\/p>\n<p>*** No cabe duda que el flamante director de la Comisi\u00f3n Federal de Electricidad, <strong>Manuel Bartlett<\/strong>, sigue a pie juntillas aquel refr\u00e1n que dice que \u201ccae m\u00e1s pronto un hablador que un cojo\u201d, porque m\u00e1s tard\u00f3 en decir una y otra vez que no habr\u00eda m\u00e1s apagones, que en Playa del Carmen, 10 mil 94 usuarios se quedaron sin energ\u00eda el\u00e9ctrica y esta vez no fue un incendio, ahora se trat\u00f3 de un presunto robo, m\u00e1s bien, como producto del vandalismo.<\/p>\n<p><u><a href=\"mailto:morcora@gmail.com\" target=\"_blank\" rel=\"noopener noreferrer\"><em>morcora@gmail.com<\/em><\/a><\/u><\/p>\n","protected":false},"excerpt":{"rendered":"<p><span style=\"color: #005497;\"><strong>Adriana Moreno Cordero<\/strong><\/span><\/p>\n","protected":false},"author":3,"featured_media":0,"comment_status":"open","ping_status":"open","sticky":false,"template":"","format":"standard","meta":{"_monsterinsights_skip_tracking":false,"_monsterinsights_sitenote_active":false,"_monsterinsights_sitenote_note":"","_monsterinsights_sitenote_category":0,"footnotes":""},"categories":[69370],"tags":[69369,69368,43674],"class_list":["post-511212","post","type-post","status-publish","format-standard","hentry","category-adriana-moreno-cordero","tag-adriana-moreno-cordero","tag-la-retaguardia","tag-opinion"],"_links":{"self":[{"href":"https:\/\/www.diarioimagen.net\/index.php?rest_route=\/wp\/v2\/posts\/511212","targetHints":{"allow":["GET"]}}],"collection":[{"href":"https:\/\/www.diarioimagen.net\/index.php?rest_route=\/wp\/v2\/posts"}],"about":[{"href":"https:\/\/www.diarioimagen.net\/index.php?rest_route=\/wp\/v2\/types\/post"}],"author":[{"embeddable":true,"href":"https:\/\/www.diarioimagen.net\/index.php?rest_route=\/wp\/v2\/users\/3"}],"replies":[{"embeddable":true,"href":"https:\/\/www.diarioimagen.net\/index.php?rest_route=%2Fwp%2Fv2%2Fcomments&post=511212"}],"version-history":[{"count":0,"href":"https:\/\/www.diarioimagen.net\/index.php?rest_route=\/wp\/v2\/posts\/511212\/revisions"}],"wp:attachment":[{"href":"https:\/\/www.diarioimagen.net\/index.php?rest_route=%2Fwp%2Fv2%2Fmedia&parent=511212"}],"wp:term":[{"taxonomy":"category","embeddable":true,"href":"https:\/\/www.diarioimagen.net\/index.php?rest_route=%2Fwp%2Fv2%2Fcategories&post=511212"},{"taxonomy":"post_tag","embeddable":true,"href":"https:\/\/www.diarioimagen.net\/index.php?rest_route=%2Fwp%2Fv2%2Ftags&post=511212"}],"curies":[{"name":"wp","href":"https:\/\/api.w.org\/{rel}","templated":true}]}}