{"id":511217,"date":"2021-06-21T00:05:28","date_gmt":"2021-06-21T05:05:28","guid":{"rendered":"https:\/\/www.diarioimagen.net\/?p=511217"},"modified":"2021-06-21T02:39:39","modified_gmt":"2021-06-21T07:39:39","slug":"desdena-su-propia-historia","status":"publish","type":"post","link":"https:\/\/www.diarioimagen.net\/?p=511217","title":{"rendered":"Desde\u00f1a su propia historia"},"content":{"rendered":"<h2>Perfil de M\u00e9xico<\/h2>\n<h5>Armando R\u00edos Ruiz<\/h5>\n<p>&nbsp;<\/p>\n<p>Todo M\u00e9xico sabe, hasta los que lo adoran, denominados chairos y autoproclamados con el t\u00edtulo poco varonil de <em>amlovers<\/em>, que el Presidente abusa tanto del micr\u00f3fono, que nutre con demas\u00eda la nota cotidiana y otorga a columnistas y analistas pol\u00edticos, material de sobra para criticarlo. Diario incita al juicio en su contra. Los temas que toca son aberrantes y dan para dibujarlo como un ser poco inteligente. Soberbio. Ignorante. Necio y mucho m\u00e1s por el estilo.<\/p>\n<p>\u00a1Ah! Pero se queja de los medios por esa raz\u00f3n. Los pone como ejemplos de la peor ralea. Deja ver que quisiera decir todos los desatinos que alberga su mente torpe y que en lugar de una cr\u00edtica, le lanzaran ditirambos. Lo disculparan y asumieran un papel como el de sus chairos, que se dedican a interpretarlo para decir a los dem\u00e1s: \u201clo que quiso decir\u2026\u201d como si quienes escriben necesitaran sus traducciones. Tan inexactas como sus propios dichos.<\/p>\n<p>Se ufana de sus dislates y presume su necedad. Est\u00e1 seguro de que ambas fallas son atributos llenos de luz celestial. No conoce la frase profunda como perspicaz, de Abraham Lincoln: M\u00e1s vale permanecer callado y que sospechen tu necedad, que hablar y quitarles toda duda de ello.<\/p>\n<p>La semana pasada dispar\u00f3 contra la clase media. Llam\u00f3 a los integrantes de \u00e9sta \u201caspiracionistas, ego\u00edstas, con el deseo de triunfar a toda costa\u201d. Dijo que los que votaron en contra de Morena \u201cfueron influenciados. Como si fuera f\u00e1cil influenciar a la clase media. La m\u00e1s poderosa en cualquier sociedad del mundo, porque es sobre la que descansan la baja y la alta. La que es capaz de hacer todos los cambios y todas las revoluciones.<\/p>\n<p>Es la que piensa para bien de los pa\u00edses que habitan. No la que est\u00e1 empecinada en hacer dinero en abundancia a costa de su propia salud, ni adormecida por no tener qu\u00e9 hacer para vivir de la mendicidad. Sino la que\u00a0 trabaja para vivir c\u00f3modamente. Es la que paga impuestos. Es la que por regla general, viene de la lucha por sobrevivir y por superarse, hasta alcanzar niveles que le permiten entregarse a una o a varias labores para vivir con decoro.<\/p>\n<p>Se le olvid\u00f3 que \u00e9l mismo es producto del esfuerzo. Sea como sea. Sus padres no fueron reyes que le heredaron un reino. Lo incitaron a estudiar. Que haya sido p\u00e9simo estudiante no es culpa de ellos. Que haya vivido de los dem\u00e1s, tampoco. Eso s\u00ed, tuvo que esforzarse al realizar m\u00edtines. Al incomodar a las autoridades para lograr sus prop\u00f3sitos, hasta convertirse un buen d\u00eda en Presidente de M\u00e9xico. Sue\u00f1o que nunca espero se hiciera realidad. Por eso hoy no sabe c\u00f3mo gobernar y cree que eso estriba esencialmente en repartir dinero.<\/p>\n<p>No puede aconsejar a otros mexicanos que luchan hasta de mejor manera por sus vidas y por lograr progresos para s\u00ed y para los suyos, dejar de aspirar a convertirse alg\u00fan d\u00eda en seres merecedores de triunfos. Para eso se esfuerzan y por m\u00e1s que pretenda meterles en la cabeza que se trata de un pecado capital, la raz\u00f3n les indica que quien est\u00e1 equivocado es el consejero.<\/p>\n<p>El viernes intent\u00f3 justificar la derrota electoral en la Ciudad de M\u00e9xico y en el estado vecino, con el argumento de que la clase media fue manipulada por los medios. No fue manipulada por nadie. S\u00f3lo por su capacidad de darse cuenta de que el capit\u00e1n\u00a0 de la fr\u00e1gil barcaza los llevaba hacia el Salto \u00c1ngel, la ca\u00edda de agua m\u00e1s alta del mundo, que est\u00e1 en Canaima, Venezuela.<\/p>\n<p>\u00bfSer\u00e1 coincidencia o se tratar\u00e1 de una flecha disparada sin casualidades? El Presidente de Estados Unidos, Joe Biden afirm\u00f3 el jueves pasado, que su objetivo econ\u00f3mico principal es \u201creconstruir la clase media\u201d\u00a0del pa\u00eds a trav\u00e9s del impulso de la creaci\u00f3n de empleo y las ayudas p\u00fablicas para superar los efectos de la pandemia. \u00a1Igualito que aqu\u00ed!<\/p>\n<p>Dijo m\u00e1s y de manera bastante elocuente: \u201cWall Street no construy\u00f3 este pa\u00eds, lo hizo la gran clase media estadounidense. Esta vez, reconstruiremos la clase media\u201d. \u201cCreo que este es nuestro momento para construir una\u00a0econom\u00eda de abajo hacia arriba y del medio hacia afuera. No una econom\u00eda hacia abajo\u201d.<\/p>\n<p><a href=\"mailto:ariosruiz@gmail.com\" target=\"_blank\" rel=\"noopener noreferrer\"><em>ariosruiz@gmail.com<\/em><\/a><\/p>\n","protected":false},"excerpt":{"rendered":"<p><span style=\"color: #005497;\"><strong>Armando R\u00edos Ruiz<\/strong><\/span><\/p>\n","protected":false},"author":3,"featured_media":0,"comment_status":"open","ping_status":"open","sticky":false,"template":"","format":"standard","meta":{"_monsterinsights_skip_tracking":false,"_monsterinsights_sitenote_active":false,"_monsterinsights_sitenote_note":"","_monsterinsights_sitenote_category":0,"footnotes":""},"categories":[88405],"tags":[88407,43674,91193],"class_list":["post-511217","post","type-post","status-publish","format-standard","hentry","category-armando-rios-ruiz","tag-armando-rios-ruiz","tag-opinion","tag-perfil-de-mexico"],"_links":{"self":[{"href":"https:\/\/www.diarioimagen.net\/index.php?rest_route=\/wp\/v2\/posts\/511217","targetHints":{"allow":["GET"]}}],"collection":[{"href":"https:\/\/www.diarioimagen.net\/index.php?rest_route=\/wp\/v2\/posts"}],"about":[{"href":"https:\/\/www.diarioimagen.net\/index.php?rest_route=\/wp\/v2\/types\/post"}],"author":[{"embeddable":true,"href":"https:\/\/www.diarioimagen.net\/index.php?rest_route=\/wp\/v2\/users\/3"}],"replies":[{"embeddable":true,"href":"https:\/\/www.diarioimagen.net\/index.php?rest_route=%2Fwp%2Fv2%2Fcomments&post=511217"}],"version-history":[{"count":0,"href":"https:\/\/www.diarioimagen.net\/index.php?rest_route=\/wp\/v2\/posts\/511217\/revisions"}],"wp:attachment":[{"href":"https:\/\/www.diarioimagen.net\/index.php?rest_route=%2Fwp%2Fv2%2Fmedia&parent=511217"}],"wp:term":[{"taxonomy":"category","embeddable":true,"href":"https:\/\/www.diarioimagen.net\/index.php?rest_route=%2Fwp%2Fv2%2Fcategories&post=511217"},{"taxonomy":"post_tag","embeddable":true,"href":"https:\/\/www.diarioimagen.net\/index.php?rest_route=%2Fwp%2Fv2%2Ftags&post=511217"}],"curies":[{"name":"wp","href":"https:\/\/api.w.org\/{rel}","templated":true}]}}