{"id":511224,"date":"2021-06-21T00:03:48","date_gmt":"2021-06-21T05:03:48","guid":{"rendered":"https:\/\/www.diarioimagen.net\/?p=511224"},"modified":"2021-06-21T02:45:45","modified_gmt":"2021-06-21T07:45:45","slug":"oea-ebrard-de-malas","status":"publish","type":"post","link":"https:\/\/www.diarioimagen.net\/?p=511224","title":{"rendered":"OEA-Ebrard, de malas"},"content":{"rendered":"<h2>Espacio Electoral<\/h2>\n<h5>Eleazar Flores<\/h5>\n<p>&nbsp;<\/p>\n<p><strong>P\u00c9SIMA POL\u00cdTICA EXTERIOR<\/strong>-. Sin erudici\u00f3n necesaria de por medio y s\u00f3lo con un poco de sentido com\u00fan, al secretario de Relaciones Exteriores Marcelo Ebrard Casaubon vive sus peores momentos pol\u00edticos, salvo su mejor opini\u00f3n.<\/p>\n<p>Esto, a pesar de la defensa a ultranza que el padre de la Cuarta Transformaci\u00f3n\u00a0 hace de \u00e9l y de la jefa de Gobierno, Claudia Scheinbaum, por el \u201cincidente\u201d, seg\u00fan \u00e9sta \u00faltima, de la L\u00ednea 12 del metro.<\/p>\n<p>VEAMOS-. Seg\u00fan el primero de tres dict\u00e1menes que se van a dar acerca de la \u201cl\u00ednea quebrada\u201d de aqu\u00ed a agosto, \u201cla falla es estructural\u201d, seg\u00fan reportaron los sesudos t\u00e9cnicos europeos, quienes adelantan que en julio se ampliar\u00e1n los dict\u00e1menes producto de mayores investigaciones y en agosto el tercero.<\/p>\n<p>La denuncia de falla estructural, traducida al cristiano, evidencia que hubo fallas en la construcci\u00f3n y da la casualidad de que la famosa L\u00ednea 12 se construy\u00f3 siendo jefe de Gobierno el hoy canciller, Marcelo Ebrard. Se podr\u00e1n extender culpas a los constructores, pero de entrada, la autoridad tan no vigil\u00f3 la obra que la inaugur\u00f3\u2026 y en plena inauguraci\u00f3n fall\u00f3.<\/p>\n<p>Podr\u00eda justificarse que no fue una falla grave, pues s\u00f3lo se supo de la inesperada parada de la escalera el\u00e9ctrica con pasajeros a bordo entre quienes iban el presidente Felipe Calder\u00f3n, Ebrard y otros m\u00e1s.<\/p>\n<p><strong>OEA-.<\/strong> La semana pasada las autoridades de los 33 pa\u00edses que integran la Organizaci\u00f3n de Estados Americanos, OEA -fundada en 1948-, acordaron firmar un documento pidiendo al presidente Daniel Ortega de Nicaragua cesar en sus actitudes intimidatorias en contra de los aspirantes a sucederlo en las elecciones presidenciales del pr\u00f3ximo 7 de noviembre.<\/p>\n<p>S\u00f3lo dos pa\u00edses se abstuvieron de firmar ese documento, Argentina y M\u00e9xico, con el peregrino argumento en el caso de la canciller\u00eda de nuestro pa\u00eds, de invocar la libre autodeterminaci\u00f3n de los pueblos.<\/p>\n<p>Esa misma actitud de respeto a la autodeterminaci\u00f3n de los pueblos no la emple\u00f3 M\u00e9xico cuando trat\u00f3 de proteger hasta con el exilio al hoy ex mandatario boliviano Evo Morales, a quien incluso se le facilit\u00f3 transporte a\u00e9reo para traerlo y hospedarlo en M\u00e9xico \u00bfa costa de qui\u00e9n o qui\u00e9nes?<\/p>\n<p>Por razones entendibles en nuestro pa\u00eds no se le da vuelo medi\u00e1tico a lo que los dem\u00e1s pa\u00edses y sus comunidades intelectuales respectivas han externado en torno al papel de M\u00e9xico en el \u201ccaso Nicaragua\u201d, interpretando que con esa negativa de firmar la carta contra Daniel Ortega se le est\u00e1 avalando su actitud intimidatoria contra una quinteta de aspirantes presidenciales.<\/p>\n<p>Mientras son peras o manzanas, el padre de la Cuarta Transformaci\u00f3n se limita a asegurar que para desencanto de medios, neoliberales y\u00a0 conservadores \u201cno habr\u00e1 pleito\u201d Marcelo-Claudia, \u00a1qu\u00e9 consuelo!<\/p>\n<p><em><a href=\"mailto:elefa44@gmail.com\" target=\"_blank\" rel=\"noopener noreferrer\">elefa44@gmail.com<\/a><\/em><\/p>\n","protected":false},"excerpt":{"rendered":"<p><span style=\"color: #005497;\"><strong>Eleazar Flores<\/strong><\/span><\/p>\n","protected":false},"author":3,"featured_media":0,"comment_status":"open","ping_status":"open","sticky":false,"template":"","format":"standard","meta":{"_monsterinsights_skip_tracking":false,"_monsterinsights_sitenote_active":false,"_monsterinsights_sitenote_note":"","_monsterinsights_sitenote_category":0,"footnotes":""},"categories":[81743],"tags":[81744,81776,43674],"class_list":["post-511224","post","type-post","status-publish","format-standard","hentry","category-eleazar-flores","tag-eleazar-flores","tag-espacio-electoral","tag-opinion"],"_links":{"self":[{"href":"https:\/\/www.diarioimagen.net\/index.php?rest_route=\/wp\/v2\/posts\/511224","targetHints":{"allow":["GET"]}}],"collection":[{"href":"https:\/\/www.diarioimagen.net\/index.php?rest_route=\/wp\/v2\/posts"}],"about":[{"href":"https:\/\/www.diarioimagen.net\/index.php?rest_route=\/wp\/v2\/types\/post"}],"author":[{"embeddable":true,"href":"https:\/\/www.diarioimagen.net\/index.php?rest_route=\/wp\/v2\/users\/3"}],"replies":[{"embeddable":true,"href":"https:\/\/www.diarioimagen.net\/index.php?rest_route=%2Fwp%2Fv2%2Fcomments&post=511224"}],"version-history":[{"count":0,"href":"https:\/\/www.diarioimagen.net\/index.php?rest_route=\/wp\/v2\/posts\/511224\/revisions"}],"wp:attachment":[{"href":"https:\/\/www.diarioimagen.net\/index.php?rest_route=%2Fwp%2Fv2%2Fmedia&parent=511224"}],"wp:term":[{"taxonomy":"category","embeddable":true,"href":"https:\/\/www.diarioimagen.net\/index.php?rest_route=%2Fwp%2Fv2%2Fcategories&post=511224"},{"taxonomy":"post_tag","embeddable":true,"href":"https:\/\/www.diarioimagen.net\/index.php?rest_route=%2Fwp%2Fv2%2Ftags&post=511224"}],"curies":[{"name":"wp","href":"https:\/\/api.w.org\/{rel}","templated":true}]}}