{"id":511298,"date":"2021-06-21T00:01:16","date_gmt":"2021-06-21T05:01:16","guid":{"rendered":"https:\/\/www.diarioimagen.net\/?p=511298"},"modified":"2021-06-23T01:13:34","modified_gmt":"2021-06-23T06:13:34","slug":"sorpresas-al-visitar-el-santuario-de-luciernagas-en-nanacamilpa-que-te-parece-dormir-en-tienda-de-campana-de-lujo","status":"publish","type":"post","link":"https:\/\/www.diarioimagen.net\/?p=511298","title":{"rendered":"Sorpresas al visitar el Santuario de Luci\u00e9rnagas en Nanacamilpa, \u00bfqu\u00e9 te parece dormir en tienda de campa\u00f1a de lujo?"},"content":{"rendered":"<h2>De cinco estrellas<\/h2>\n<h5>Victoria Gonz\u00e1lez Prado<\/h5>\n<p>&nbsp;<\/p>\n<ul>\n<li><strong><em>Abren oficinas de <\/em>Radisson Hotel Group<em> en Madrid, desde ah\u00ed supervisar\u00e1n, a nivel mundial, diferentes departamentos<\/em><\/strong><\/li>\n<li><strong>Lufthansa Group<em> ofrecer\u00e1 destinos vacacionales en rutas tur\u00edsticas para el verano de 2022<\/em><\/strong><\/li>\n<\/ul>\n<p>&nbsp;<\/p>\n<div id=\"attachment_511321\" style=\"width: 470px\" class=\"wp-caption aligncenter\"><a href=\"https:\/\/www.diarioimagen.net\/?attachment_id=511321\" rel=\"attachment wp-att-511321\"><img loading=\"lazy\" decoding=\"async\" aria-describedby=\"caption-attachment-511321\" class=\"size-full wp-image-511321\" src=\"https:\/\/www.diarioimagen.net\/wp-content\/uploads\/2021\/06\/turismo-8.jpg\" alt=\"\" width=\"460\" height=\"270\" \/><\/a><p id=\"caption-attachment-511321\" class=\"wp-caption-text\">La danza de las luci\u00e9rnagas y las casas de camapa\u00f1a.<\/p><\/div>\n<p>&nbsp;<\/p>\n<p>Lleg\u00f3 el tiempo de visitar a las luci\u00e9rnagas, estos peque\u00f1os bichos que habitan el bosque h\u00famedo de Nanacamilpa en Tlaxcala. Este rinc\u00f3n del pa\u00eds se ubica a hora y media de la Ciudad de M\u00e9xico y est\u00e1 considerado como uno de los mejores lugares para la observaci\u00f3n de los diminutos invertebrados.<\/p>\n<p>\u00bfHas visto alguna vez el m\u00e1gico baile de las luci\u00e9rnagas? Su brillante luz es parte del cortejo de apareamiento, aunque tambi\u00e9n es mecanismo de defensa. Estos insectos viven en muchos pa\u00edses, les fascinan los ambientes h\u00famedos, casi siempre en las orillas de los r\u00edos, pero los bosques son su mejor h\u00e1bitat, es ah\u00ed donde se alimentan, les fascina comer polen.<\/p>\n<p>Si quieres hacer el tour de avistamiento, es importante reservar, ya que el santuario opera actualmente al 30 por ciento de su capacidad, por lo que es pr\u00e1cticamente imposible ingresar si no se cuenta con reservaci\u00f3n previa. Adem\u00e1s, nadie puede ingresar al bosque por cuenta propia, es necesario ir acompa\u00f1ados por gu\u00eda certificado.<\/p>\n<p>Pero, si quieres darte una escapada durante la temporada de avistamiento \u201318 de junio al 8 de agosto\u2013 se estrena <em>Glamping Octli, <\/em>nuevo concepto para acampar a todo lujo. <em>Octli,<\/em> es palabra n\u00e1huatl que significa \u201cpulque\u201d. Est\u00e1 entre campo magueyero, pues Nanacamilpa es el coraz\u00f3n de la producci\u00f3n de \u201cla bebida de los dioses\u201d. As\u00ed, entre magueyes y tupidos pinos, se distribuyeron ocho tiendas tipo safari para experimentar tendencia en viajes: el <em>glamping<\/em>\u00a0 <em>www.glampingoctli.com<\/em><\/p>\n<p>Cada tienda de campa\u00f1a est\u00e1 decorada con las m\u00e1s finas artesan\u00edas creadas por manos tlaxcaltecas, desde ropa de cama tejida en telar de cadera, hasta amenidades elaboradas con ingredientes org\u00e1nicos, como agave y jengibre.<\/p>\n<p>Para mayor confort, las tiendas est\u00e1n colocadas sobre plataforma de madera y equipadas con cama matrimonial, ba\u00f1o privado con ducha caliente, terraza, l\u00e1mparas e internet inal\u00e1mbrico. La iluminaci\u00f3n es tenue y c\u00e1lida para no generar contaminaci\u00f3n lum\u00ednica.<\/p>\n<p>Ofrece servicio de restaurante, fogatero comunales, \u00e1reas privadas de asadores y fogatas, ya que es posible ingresar con sus propios alimentospueden ingresar con sus propios alimentos.<\/p>\n<p>\u00bfQu\u00e9 hacer en <em>Glamping Octli<\/em>?, tendr\u00e1s incluido el recorrido nocturno dentro del Santuario de las Luci\u00e9rnagas. Esta actividad inicia a las seis de la tarde, partiendo desde la instalaciones del <em>glamping<\/em> hacia el punto de observaci\u00f3n, localizado a 15 minutos de distancia. El traslado es en auto propio o en transporte privado, con costo extra. La caminata nocturna se realiza en grupos de 12 personas, tiene duraci\u00f3n aproximada de tres horas y se va acompa\u00f1ado de dos gu\u00edas.<\/p>\n<p>Para visitar este lugar no es necesario esperar la temporada de luci\u00e9rnagas puedes hacerlo para disfrutar del bosque h\u00famedo y acampar con lujo pues sus tiendas est\u00e1n disponibles todo el a\u00f1o y podr\u00e1s utilizar el temazcal, ba\u00f1o prehisp\u00e1nico enfocado al equilibrio espiritual; vuelos en globo por los campos magueyeros; tour del pulque con degustaci\u00f3n de curados gourmet y, tour para extracci\u00f3n de miel y elaboraci\u00f3n de cremas artesanales.<\/p>\n<p>Adem\u00e1s, hay servicios adicionales. Debido a la alta demanda en la reservaci\u00f3n de las tiendas de campa\u00f1a, tambi\u00e9n puedes dormir en el hotel burbuja <em>Glamping Amate<\/em>, el primero en su tipo en el centro del pa\u00eds y ubicado en el Pueblo M\u00e1gico de Huamantla. Incluye transportaci\u00f3n y recorrido por el Santuario de las Luci\u00e9rnagas.<\/p>\n<p>Por inauguraci\u00f3n, se ofrece paquete que incluye: una noche de hospedaje en tienda tipo safari, temazcal y tour guiado por el Santuario de las Luci\u00e9rnagas, 2 mil pesos por persona de domingo a viernes y 2 mil 500 por noche por persona de s\u00e1bado a domingo.<\/p>\n<p>\u2730\u2730\u2730\u2730\u2730 <strong>Federico Gonz\u00e1lez Tejera<\/strong>, consejero delegado de <em>Radisson Hotel Group<\/em>; e <strong>\u00cd\u00f1igo Capell<\/strong>, consejero delegado y vicepresidente ejecutivo de la marca hotelera, acompa\u00f1ados por <strong>Isabel D\u00edaz Ayuso<\/strong>, presidente de la Comunidad de Madrid, abrieron oficinas del grupo hotelero en Madrid, desde ah\u00ed supervisar\u00e1n, a nivel mundial, los departamentos de gesti\u00f3n de ingresos, nuevas tecnolog\u00edas, recursos humanos, dise\u00f1o t\u00e9cnico, contenido gr\u00e1fico y compras.<\/p>\n<p>En su oportunidad, <strong>Capell <\/strong>explic\u00f3 que: \u201cen 2019 tomamos la decisi\u00f3n de crear estas oficinas en la capital espa\u00f1ola. Realizamos un exhaustivo an\u00e1lisis liderado por la consultora EY. Consideramos 11 ciudades europeas, analizando distintos indicadores, tanto cualitativos como la disponibilidad de talento, conectividad, infraestructuras, calidad de vida e indicadores cuantitativos, como el coste de vida, del <em>real estate<\/em>, o el gasto para viajar y, Madrid se impuso como n\u00famero uno comparada con las otras ciudades europeas\u201d, concluy\u00f3.<\/p>\n<p>Desde entonces, hasta 170 trabajadores procedentes de una decena de pa\u00edses se han trasladado a las oficinas en Madrid y se espera que a finales de este a\u00f1o se alcancen los 300.<\/p>\n<p>De igual forma, en el acto de presentaci\u00f3n <strong>Gonz\u00e1lez Tejera<\/strong> destac\u00f3 que la empresa tiene la intenci\u00f3n de pasar de seis a 25 hoteles en Espa\u00f1a en 2025. Por el momento, las ultimas dos aperturas fueron en Bilbao y Sevilla y se tiene prevista otra en Madrid para 2022.<\/p>\n<p><strong>\u00a0<\/strong><\/p>\n<p>\u2730\u2730\u2730\u2730\u2730 Para el verano de 2022, <em>Lufthansa Group,<\/em> ofrecer\u00e1 destinos de vacaciones en rutas tur\u00edsticas de largo recorrido. Adem\u00e1s de cuatro rutas m\u00e1s desde Frankfurt, M\u00fanich volver\u00e1n a integrarse con m\u00e1s fuerza en la oferta tur\u00edstica de largo recorrido.<\/p>\n<p>A partir de marzo de 2022, los vuelos volver\u00e1n a despegar de M\u00fanich hacia los soleados destinos de Punta Cana en Rep\u00fablica Dominicana y Canc\u00fan en M\u00e9xico. Cada destino tendr\u00e1 dos vuelos por semana. Saliendo de Frankfurt, los viajeros pueden llegar a cuatro destinos de ensue\u00f1o: <em>Lufthansa Group<\/em> ofrecer\u00e1 nuevamente tres vuelos semanales a la Ciudad de Panam\u00e1 tambi\u00e9n a partir de marzo de 2022.<\/p>\n<p>Felipe Bonifatti, director general para M\u00e9xico Centroam\u00e9rica y el Caribe del grupo a\u00e9reo asegur\u00f3: \u201cen <em>Lufthansa Group,<\/em> y en particular en esta regi\u00f3n, estamos encantados de volver a ofrecer a partir del verano 2022 nuevamente vuelos directos entre Fr\u00e1ncfort y la Ciudad de Panam\u00e1, as\u00ed como conectar de manera directa la capital de Baviera M\u00fanich con Canc\u00fan y Punta Cana\u201d.<\/p>\n<p>De igual manera se est\u00e1n ampliando servicios a Estados Unidos, con dos vuelos semanales desde M\u00fanich a Las Vegas, y tres vuelos a la semana desde Frankfurt\u00a0 a Fort Myers en\u00a0 Florida y a Salt Lake City en el oeste de Estados Unidos. Se fortalecer\u00e1 nuestra presencia en \u00e1frica Oriental con dos vuelos por semana desde Frankfurt a Kilimanjaro por primera vez en junio de 2022. Este verano, el horario de vuelos ya incluye Mombasa (Kenia) con vuelos que contin\u00faan a la isla de ensue\u00f1o de Zanz\u00edbar (Tanzania).<\/p>\n<p>Estos servicios est\u00e1n vigentes desde el 26 de mayo y ser\u00e1n operados por <em>Eurowings Discover,<\/em> nueva aerol\u00ednea de <em>Lufthansa Group<\/em> especializada en viajes de turismo desde Frankfurt y Munich.<\/p>\n<p>&nbsp;<\/p>\n<blockquote>\n<p style=\"text-align: right;\">\u201c<strong>El<\/strong> <strong>\u00e1ngel de la fama tiene sus alas hechas de papel&#8230; peri\u00f3dico\u201d.<br \/>\n<\/strong><\/p>\n<\/blockquote>\n<p>&nbsp;<\/p>\n<p><em><span class=\"Apple-converted-space\"><a href=\"mailto:victoriagprado@gmail.com\" target=\"_blank\" rel=\"noopener noreferrer\">victoriagprado@gmail.com<\/a><br \/>\nTwitter: <a href=\"https:\/\/twitter.com\/victoriagprado\" target=\"_blank\" rel=\"noopener noreferrer\">@victoriagprado<\/a><\/span><\/em><\/p>\n","protected":false},"excerpt":{"rendered":"<p>Lleg\u00f3 el tiempo de visitar a las luci\u00e9rnagas, estos peque\u00f1os bichos que habitan el bosque h\u00famedo de Nanacamilpa en Tlaxcala. Este rinc\u00f3n del pa\u00eds se ubica a hora y media de la Ciudad de M\u00e9xico y est\u00e1 considerado como uno de los mejores lugares para la observaci\u00f3n de los diminutos invertebrados.<\/p>\n","protected":false},"author":3,"featured_media":511321,"comment_status":"open","ping_status":"open","sticky":false,"template":"","format":"standard","meta":{"_monsterinsights_skip_tracking":false,"_monsterinsights_sitenote_active":false,"_monsterinsights_sitenote_note":"","_monsterinsights_sitenote_category":0,"footnotes":""},"categories":[11],"tags":[107,43674,90758,106],"class_list":["post-511298","post","type-post","status-publish","format-standard","has-post-thumbnail","hentry","category-turismo","tag-de-cinco-estrellas","tag-opinion","tag-tursimo","tag-victoria-gonzalez-prado"],"_links":{"self":[{"href":"https:\/\/www.diarioimagen.net\/index.php?rest_route=\/wp\/v2\/posts\/511298","targetHints":{"allow":["GET"]}}],"collection":[{"href":"https:\/\/www.diarioimagen.net\/index.php?rest_route=\/wp\/v2\/posts"}],"about":[{"href":"https:\/\/www.diarioimagen.net\/index.php?rest_route=\/wp\/v2\/types\/post"}],"author":[{"embeddable":true,"href":"https:\/\/www.diarioimagen.net\/index.php?rest_route=\/wp\/v2\/users\/3"}],"replies":[{"embeddable":true,"href":"https:\/\/www.diarioimagen.net\/index.php?rest_route=%2Fwp%2Fv2%2Fcomments&post=511298"}],"version-history":[{"count":0,"href":"https:\/\/www.diarioimagen.net\/index.php?rest_route=\/wp\/v2\/posts\/511298\/revisions"}],"wp:featuredmedia":[{"embeddable":true,"href":"https:\/\/www.diarioimagen.net\/index.php?rest_route=\/wp\/v2\/media\/511321"}],"wp:attachment":[{"href":"https:\/\/www.diarioimagen.net\/index.php?rest_route=%2Fwp%2Fv2%2Fmedia&parent=511298"}],"wp:term":[{"taxonomy":"category","embeddable":true,"href":"https:\/\/www.diarioimagen.net\/index.php?rest_route=%2Fwp%2Fv2%2Fcategories&post=511298"},{"taxonomy":"post_tag","embeddable":true,"href":"https:\/\/www.diarioimagen.net\/index.php?rest_route=%2Fwp%2Fv2%2Ftags&post=511298"}],"curies":[{"name":"wp","href":"https:\/\/api.w.org\/{rel}","templated":true}]}}