{"id":511356,"date":"2021-06-22T00:03:12","date_gmt":"2021-06-22T05:03:12","guid":{"rendered":"https:\/\/www.diarioimagen.net\/?p=511356"},"modified":"2021-06-22T04:33:07","modified_gmt":"2021-06-22T09:33:07","slug":"regidora-diana-ramos-entrega-kits-de-limpieza-a-escuelas-de-cuautitlan-izcalli","status":"publish","type":"post","link":"https:\/\/www.diarioimagen.net\/?p=511356","title":{"rendered":"Regidora Diana Ramos entrega kits de limpieza a escuelas de Cuautitl\u00e1n Izcalli"},"content":{"rendered":"<p>&nbsp;<\/p>\n<ul>\n<li><strong><em>Apoyo gestionado por autoridades electas\u00a0<\/em><\/strong><\/li>\n<\/ul>\n<p>&nbsp;<\/p>\n<div id=\"attachment_511452\" style=\"width: 470px\" class=\"wp-caption aligncenter\"><a href=\"https:\/\/www.diarioimagen.net\/?attachment_id=511452\" rel=\"attachment wp-att-511452\"><img loading=\"lazy\" decoding=\"async\" aria-describedby=\"caption-attachment-511452\" class=\"size-full wp-image-511452\" src=\"https:\/\/www.diarioimagen.net\/wp-content\/uploads\/2021\/06\/cuautitlan-9.jpg\" alt=\"\" width=\"460\" height=\"270\" \/><\/a><p id=\"caption-attachment-511452\" class=\"wp-caption-text\">La regidora Diana Ramos entreg\u00f3 kits de limpieza a 300 escuelas de Cuautitl\u00e1n Izcalli, los cuales fueron gestionados por la alcaldesa electa, Karla Fiesco.<\/p><\/div>\n<p>&nbsp;<\/p>\n<p><strong>Cuautitl\u00e1n Izcalli, Estado de M\u00e9xico<\/strong>.- Como una acci\u00f3n primordial y ante el eventual regreso a clases presenciales, la regidora Diana Ramos entreg\u00f3 kits de limpieza a 300 escuelas de todo Cuautitl\u00e1n Izcalli, los cuales fueron gestionados por la alcaldesa electa, Karla Fiesco y los diputados electos, Paco Rojas y Paco Santos.<\/p>\n<p>El paquete de limpieza consta de sanitizante, cloro, limpiador multiusos, term\u00f3metro digital y una jornada de sanitizaci\u00f3n, interna y externa, en cada uno de los planteles de nivel preescolar, primaria, secundaria, educaci\u00f3n especial y educaci\u00f3n para adultos.<\/p>\n<p>\u201cHoy vamos por una nueva normalidad, durante este proceso debemos redoblar esfuerzos todos y hoy Karla Fiesco, Paco Rojas y Paco Santos nos muestran que est\u00e1n comprometidos con la educaci\u00f3n y con Cuautitl\u00e1n Izcalli\u201d, indic\u00f3 la regidora Diana Hilda Ramos, quien en coordinaci\u00f3n con autoridades electas gestion\u00f3 estos paquetes.<\/p>\n<p>Durante la entrega la comunidad escolar coincidi\u00f3 que esta acci\u00f3n es un acierto porque lo primero que necesita el alumnado y ellos mismos, es un espacio seguro y limpio para reiniciar con los trabajos educativos.\u00a0 Resaltaron que este tipo de apoyos son un aliciente para continuar con su labor, la cual se tuvo que modificar por la pandemia de Covid-19 y, que hoy ante el eventual regreso, representa un reto del que necesitan de la cooperaci\u00f3n y coordinaci\u00f3n de las autoridades y padres de familia para superarlo.<\/p>\n<p>Este trabajo, en el que se reunieron a las y los supervisores escolares de Cuautitl\u00e1n Izcalli, 22 estatales y 20 federales, fue posible al apoyo de la maestra Mar\u00eda de Lourdes S\u00e1nchez, con quien las autoridades electas se coordinaron.<\/p>\n<p>Entre las y los directivos que recibieron los kits de limpieza se encontraban los representantes de las escuelas \u201c21 de marzo\u201d, \u201cFelipe \u00c1ngeles\u201d, \u201cEstado de Guerrero\u201d, \u201cJos\u00e9 Clemente Orozco\u201d, \u201cDiego Rivera\u201d, \u201cLibertad\u201d, \u201cRafael Ram\u00edrez\u201d, entre otras.<\/p>\n","protected":false},"excerpt":{"rendered":"<p>Como una acci\u00f3n primordial y ante el eventual regreso a clases presenciales, la regidora Diana Ramos entreg\u00f3 kits de limpieza a 300 escuelas de todo Cuautitl\u00e1n Izcalli, los cuales fueron gestionados por la alcaldesa electa, Karla Fiesco y los diputados electos, Paco Rojas y Paco Santos.<\/p>\n","protected":false},"author":3,"featured_media":511452,"comment_status":"open","ping_status":"open","sticky":false,"template":"","format":"standard","meta":{"_monsterinsights_skip_tracking":false,"_monsterinsights_sitenote_active":false,"_monsterinsights_sitenote_note":"","_monsterinsights_sitenote_category":0,"footnotes":""},"categories":[5],"tags":[971,43675],"class_list":["post-511356","post","type-post","status-publish","format-standard","has-post-thumbnail","hentry","category-estado-de-mexico","tag-cuautitlan-izcalli","tag-estado-de-mexico"],"_links":{"self":[{"href":"https:\/\/www.diarioimagen.net\/index.php?rest_route=\/wp\/v2\/posts\/511356","targetHints":{"allow":["GET"]}}],"collection":[{"href":"https:\/\/www.diarioimagen.net\/index.php?rest_route=\/wp\/v2\/posts"}],"about":[{"href":"https:\/\/www.diarioimagen.net\/index.php?rest_route=\/wp\/v2\/types\/post"}],"author":[{"embeddable":true,"href":"https:\/\/www.diarioimagen.net\/index.php?rest_route=\/wp\/v2\/users\/3"}],"replies":[{"embeddable":true,"href":"https:\/\/www.diarioimagen.net\/index.php?rest_route=%2Fwp%2Fv2%2Fcomments&post=511356"}],"version-history":[{"count":0,"href":"https:\/\/www.diarioimagen.net\/index.php?rest_route=\/wp\/v2\/posts\/511356\/revisions"}],"wp:featuredmedia":[{"embeddable":true,"href":"https:\/\/www.diarioimagen.net\/index.php?rest_route=\/wp\/v2\/media\/511452"}],"wp:attachment":[{"href":"https:\/\/www.diarioimagen.net\/index.php?rest_route=%2Fwp%2Fv2%2Fmedia&parent=511356"}],"wp:term":[{"taxonomy":"category","embeddable":true,"href":"https:\/\/www.diarioimagen.net\/index.php?rest_route=%2Fwp%2Fv2%2Fcategories&post=511356"},{"taxonomy":"post_tag","embeddable":true,"href":"https:\/\/www.diarioimagen.net\/index.php?rest_route=%2Fwp%2Fv2%2Ftags&post=511356"}],"curies":[{"name":"wp","href":"https:\/\/api.w.org\/{rel}","templated":true}]}}