{"id":511359,"date":"2021-06-22T00:02:10","date_gmt":"2021-06-22T05:02:10","guid":{"rendered":"https:\/\/www.diarioimagen.net\/?p=511359"},"modified":"2021-06-22T04:32:20","modified_gmt":"2021-06-22T09:32:20","slug":"refrenda-la-presidenta-municipal-patricia-duran-compromiso-con-los-naucalpenses","status":"publish","type":"post","link":"https:\/\/www.diarioimagen.net\/?p=511359","title":{"rendered":"Refrenda la presidenta municipal Patricia Dur\u00e1n compromiso con los naucalpenses"},"content":{"rendered":"<p>&nbsp;<\/p>\n<ul>\n<li><strong><em>Consolidar\u00e1n obras sociales<\/em><\/strong><\/li>\n<\/ul>\n<p>&nbsp;<\/p>\n<div id=\"attachment_511449\" style=\"width: 470px\" class=\"wp-caption aligncenter\"><a href=\"https:\/\/www.diarioimagen.net\/?attachment_id=511449\" rel=\"attachment wp-att-511449\"><img loading=\"lazy\" decoding=\"async\" aria-describedby=\"caption-attachment-511449\" class=\"size-full wp-image-511449\" src=\"https:\/\/www.diarioimagen.net\/wp-content\/uploads\/2021\/06\/naucalpan-11.jpg\" alt=\"\" width=\"460\" height=\"270\" \/><\/a><p id=\"caption-attachment-511449\" class=\"wp-caption-text\">La alcaldesa Patricia Elisa Dur\u00e1n Reveles reiter\u00f3 su compromiso con naucalpenses, por lo que se consolidar\u00e1n obras, programas y acciones en beneficio de la ciudadan\u00eda.<\/p><\/div>\n<p>&nbsp;<\/p>\n<p><strong>Naucalpan, Estado de M\u00e9xico<\/strong>.- La presidenta municipal de Naucalpan, Patricia Elisa Dur\u00e1n Reveles, reiter\u00f3 su compromiso con las y los naucalpenses, por lo que durante el \u00faltimo tramo de su gesti\u00f3n se consolidar\u00e1n obras, programas y acciones en beneficio de la ciudadan\u00eda.<\/p>\n<p>\u201cVamos a cerrar fuerte este a\u00f1o, con especial atenci\u00f3n a las colonias y comunidades que estuvieron relegadas durante anteriores gobiernos y en las que estamos trabajando para dotarlas de infraestructura y mejores servicios p\u00fablicos.<\/p>\n<p>\u201cLo dije desde el primer d\u00eda de mi gobierno: mi compromiso es con todas y todos los Naucalpenses. Esa es mi postura y s\u00e9 honrar mi palabra\u201d, asegur\u00f3 Dur\u00e1n Reveles ante los integrantes de su gabinete, con quienes sostuvo una reuni\u00f3n de trabajo para definir el cronograma de acciones en el \u00faltimo semestre del 2021.<\/p>\n<p>Durante el encuentro, la mun\u00edcipe destac\u00f3 que, en conjunto con la ciudadan\u00eda, se recuperaron sitios que antes se encontraban secuestrados por intereses de particulares, como San Bartolo, por lo que inst\u00f3 a reforzar las acciones que garanticen la convivencia y la apropiaci\u00f3n del espacio p\u00fablico.<\/p>\n<p>Record\u00f3 que en septiembre dar\u00e1 inicio el primer ciclo escolar de la Universidad P\u00fablica de Naucalpan de Ju\u00e1rez, cuyo Campus se encuentra en un predio donado por el Presidente Andr\u00e9s Manuel L\u00f3pez Obrador, proyecto en el que est\u00e1n involucradas varias dependencias del Ayuntamiento.<\/p>\n<p>El encuentro, es la primera reuni\u00f3n de gabinete que realiza Dur\u00e1n Reveles luego de que concluyera la licencia que solicit\u00f3 al Cabildo.<\/p>\n<p>A lo largo de esta semana, la Edil sostuvo reuniones con titulares de distintas secretar\u00edas, a fin de consolidar las metas de su plan de gobierno.<\/p>\n<p>\u201cNos esperan seis meses de arduo trabajo en los que seguiremos dando resultados y confirmaremos nuestro compromiso social con las y los habitantes de nuestro municipio\u201d, puntualiz\u00f3 la alcaldesa.<\/p>\n","protected":false},"excerpt":{"rendered":"<p>La presidenta municipal de Naucalpan, Patricia Elisa Dur\u00e1n Reveles, reiter\u00f3 su compromiso con las y los naucalpenses, por lo que durante el \u00faltimo tramo de su gesti\u00f3n se consolidar\u00e1n obras, programas y acciones en beneficio de la ciudadan\u00eda.<\/p>\n","protected":false},"author":3,"featured_media":511449,"comment_status":"open","ping_status":"open","sticky":false,"template":"","format":"standard","meta":{"_monsterinsights_skip_tracking":false,"_monsterinsights_sitenote_active":false,"_monsterinsights_sitenote_note":"","_monsterinsights_sitenote_category":0,"footnotes":""},"categories":[5],"tags":[43675,970,86476],"class_list":["post-511359","post","type-post","status-publish","format-standard","has-post-thumbnail","hentry","category-estado-de-mexico","tag-estado-de-mexico","tag-naucalpan","tag-patricia-duran"],"_links":{"self":[{"href":"https:\/\/www.diarioimagen.net\/index.php?rest_route=\/wp\/v2\/posts\/511359","targetHints":{"allow":["GET"]}}],"collection":[{"href":"https:\/\/www.diarioimagen.net\/index.php?rest_route=\/wp\/v2\/posts"}],"about":[{"href":"https:\/\/www.diarioimagen.net\/index.php?rest_route=\/wp\/v2\/types\/post"}],"author":[{"embeddable":true,"href":"https:\/\/www.diarioimagen.net\/index.php?rest_route=\/wp\/v2\/users\/3"}],"replies":[{"embeddable":true,"href":"https:\/\/www.diarioimagen.net\/index.php?rest_route=%2Fwp%2Fv2%2Fcomments&post=511359"}],"version-history":[{"count":0,"href":"https:\/\/www.diarioimagen.net\/index.php?rest_route=\/wp\/v2\/posts\/511359\/revisions"}],"wp:featuredmedia":[{"embeddable":true,"href":"https:\/\/www.diarioimagen.net\/index.php?rest_route=\/wp\/v2\/media\/511449"}],"wp:attachment":[{"href":"https:\/\/www.diarioimagen.net\/index.php?rest_route=%2Fwp%2Fv2%2Fmedia&parent=511359"}],"wp:term":[{"taxonomy":"category","embeddable":true,"href":"https:\/\/www.diarioimagen.net\/index.php?rest_route=%2Fwp%2Fv2%2Fcategories&post=511359"},{"taxonomy":"post_tag","embeddable":true,"href":"https:\/\/www.diarioimagen.net\/index.php?rest_route=%2Fwp%2Fv2%2Ftags&post=511359"}],"curies":[{"name":"wp","href":"https:\/\/api.w.org\/{rel}","templated":true}]}}