{"id":511375,"date":"2021-06-22T00:03:13","date_gmt":"2021-06-22T05:03:13","guid":{"rendered":"https:\/\/www.diarioimagen.net\/?p=511375"},"modified":"2021-06-22T01:55:29","modified_gmt":"2021-06-22T06:55:29","slug":"sucesion-iniciada-por-amlo","status":"publish","type":"post","link":"https:\/\/www.diarioimagen.net\/?p=511375","title":{"rendered":"Sucesi\u00f3n iniciada por AMLO"},"content":{"rendered":"<h2>Espacio Electoral<\/h2>\n<h5>Eleazar Flores<\/h5>\n<p>&nbsp;<\/p>\n<p><strong>ANTICIPACI\u00d3N ABIERTA-.<\/strong> A imagen y semejanza del poderoso camionero guerrerense Rub\u00e9n Figueroa Figueroa, que a finales del siglo XX dijo que \u201cla caballada est\u00e1 flaca\u201d, refiri\u00e9ndose a prospectos presidenciales de su propio partido, Andr\u00e9s Manuel L\u00f3pez Obrador dijo lo mismo, pero de sus opositores.<\/p>\n<p>Lo que pasa es que cuando don Rub\u00e9n dijo eso siendo gobernador de Guerrero, seguro L\u00f3pez Obrador a\u00fan era priista, por eso se le grab\u00f3 la frase.<\/p>\n<p><strong>NI A MEDIO CAMINO-.<\/strong> Fue el propio tabasque\u00f1o quien dio demasiado temprano la voz de arranque de la sucesi\u00f3n presidencial, pues el d\u00eda que lo hizo, justamente cumpl\u00eda dos a\u00f1os seis y medio en el cargo, pero sus ansias de matador le hicieron adelantar sus ma\u00f1aneras, tan pronto supo de su triunfo, desde una casa en la colonia Roma.<\/p>\n<p><strong>NOMBRES-.<\/strong> En clara alusi\u00f3n a la sucesi\u00f3n, tema empleado por el mandatario como distractor de ataques contra Claudia Scheinbaum por el \u201cincidente\u201d,-seg\u00fan ella-, de la L\u00ednea 12 del Metro, el padre de la Cuarta Transformaci\u00f3n presumi\u00f3 una larga lista de aspiracionistas a sucederlo.<\/p>\n<p>\u201cClaudia, Marcelo, Esteban, Tatiana, De la Fuente, \u00bfOlvidar\u00eda adrede a Monreal?, los del flanco izquierdo. Agreg\u00f3 que por m\u00e1s que sus enemigos quisieran que entre los citados \u201cse pelearan\u201d, no lo ver\u00e1n, \u201cClaudia y Marcelo no se van a pelear\u201d y quienes as\u00ed crean se \u201cquedar\u00e1n con las ganas\u201d.<\/p>\n<p>Y los dem\u00e1s a qui\u00e9nes tienen?, \u201ca Claudio (X Gonz\u00e1lez), a Margarita, la esposa de Calder\u00f3n, Quadri, Diego o que regrese Chong y casi en tono de burla cit\u00f3 tambi\u00e9n a Loret, Krauze, Agilar Cam\u00edn sabiendo que \u201cla caballada est\u00e1 flaca\u201d presumiendo a cambio que \u201cen el flanco izquierdo\u201d hay hasta para prestar,\u00a0 aventar pa\u00b4rriba.<\/p>\n<p><strong>DISTRACTOR Y NOMBRES-.<\/strong> Al presidente Andr\u00e9s Manuel L\u00f3pez Obrador le funcion\u00f3 soltar su lista de aspiraracionistas que est\u00e1n dentro de su gabinete, pues los medios bajaron el tono del \u201cincidente\u201d del Metro para dedicar m\u00e1s tinta y espacio a quienes seg\u00fan el tabasque\u00f1o podr\u00edan sucederlo.<\/p>\n<p><strong>ENCUESTAS-.<\/strong> Tan le funcion\u00f3 el soltar nombres de su gabinete que ayer mismo se dieron a la tarea de empezar a dar porcentajes de preferencias\u00a0 entre los citados.<\/p>\n<p><strong>CLAUDIA ENCABEZA-.<\/strong> Seg\u00fan la empresa Metrics MX y Social Research Solutions, desde ahora la jefa de gobierno Claudia Scheinbaum encabeza la lista de preferencias en la sucesi\u00f3n presidencial con un 31% seguida por Tatiana Clouthier, con un 22% y casi a la mitad de adeptos a Claudia Marcelo Ebrad con apenas un 17%.<\/p>\n<p>Como ver\u00e1, al padre de la Cuarta Transformaci\u00f3n le funcionan como anillo al dedo los distractores y en cuanto al seguimiento de la l\u00ednea \u201cquebrada\u201d, ah s\u00ed, esperaremos al segundo dictamen en julio.<\/p>\n<p><em><a href=\"mailto:elefa44@gmail.com\" target=\"_blank\" rel=\"noopener noreferrer\">elefa44@gmail.com<\/a><\/em><\/p>\n","protected":false},"excerpt":{"rendered":"<p><span style=\"color: #005497;\"><strong>Eleazar Flores<\/strong><\/span><\/p>\n","protected":false},"author":3,"featured_media":0,"comment_status":"open","ping_status":"open","sticky":false,"template":"","format":"standard","meta":{"_monsterinsights_skip_tracking":false,"_monsterinsights_sitenote_active":false,"_monsterinsights_sitenote_note":"","_monsterinsights_sitenote_category":0,"footnotes":""},"categories":[81743],"tags":[81744,81776,43674],"class_list":["post-511375","post","type-post","status-publish","format-standard","hentry","category-eleazar-flores","tag-eleazar-flores","tag-espacio-electoral","tag-opinion"],"_links":{"self":[{"href":"https:\/\/www.diarioimagen.net\/index.php?rest_route=\/wp\/v2\/posts\/511375","targetHints":{"allow":["GET"]}}],"collection":[{"href":"https:\/\/www.diarioimagen.net\/index.php?rest_route=\/wp\/v2\/posts"}],"about":[{"href":"https:\/\/www.diarioimagen.net\/index.php?rest_route=\/wp\/v2\/types\/post"}],"author":[{"embeddable":true,"href":"https:\/\/www.diarioimagen.net\/index.php?rest_route=\/wp\/v2\/users\/3"}],"replies":[{"embeddable":true,"href":"https:\/\/www.diarioimagen.net\/index.php?rest_route=%2Fwp%2Fv2%2Fcomments&post=511375"}],"version-history":[{"count":0,"href":"https:\/\/www.diarioimagen.net\/index.php?rest_route=\/wp\/v2\/posts\/511375\/revisions"}],"wp:attachment":[{"href":"https:\/\/www.diarioimagen.net\/index.php?rest_route=%2Fwp%2Fv2%2Fmedia&parent=511375"}],"wp:term":[{"taxonomy":"category","embeddable":true,"href":"https:\/\/www.diarioimagen.net\/index.php?rest_route=%2Fwp%2Fv2%2Fcategories&post=511375"},{"taxonomy":"post_tag","embeddable":true,"href":"https:\/\/www.diarioimagen.net\/index.php?rest_route=%2Fwp%2Fv2%2Ftags&post=511375"}],"curies":[{"name":"wp","href":"https:\/\/api.w.org\/{rel}","templated":true}]}}