{"id":511390,"date":"2021-06-22T00:06:20","date_gmt":"2021-06-22T05:06:20","guid":{"rendered":"https:\/\/www.diarioimagen.net\/?p=511390"},"modified":"2021-06-22T02:10:15","modified_gmt":"2021-06-22T07:10:15","slug":"es-posible-la-convivencia-entre-judios-y-palestinos","status":"publish","type":"post","link":"https:\/\/www.diarioimagen.net\/?p=511390","title":{"rendered":"\u00bfEs posible la convivencia entre jud\u00edos y palestinos?"},"content":{"rendered":"<h2>Municiones<\/h2>\n<h5>Mauro Benites G.<\/h5>\n<p>&nbsp;<\/p>\n<p>Con el triunfo del primer ministro israel\u00ed, Naftali Bennett, llega la peque\u00f1a, muy peque\u00f1a pero esperanzadora posibilidad de llegar a un acuerdo de vivir en armon\u00eda entre palestinos y jud\u00edos, la cual no se logr\u00f3 en el periodo administrativo de Benjamin Netanyahu. Esta armon\u00eda de convivencia es posible, ya que la paz entre estos primos hermanos ha sido imposible desde la misma fundaci\u00f3n del Estado Jud\u00edo en mayo de 1948 por imposici\u00f3n de la Gran Breta\u00f1a, resultado del \u201cTratado Balfourd\u201d.<\/p>\n<p>La convivencia entre \u00e1rabes y jud\u00edos puede ser posible aplicando el respeto a los derechos humanos, como lo narra nuestra amiga escritora Elena Fabian, ejemplo; dos puertos mar\u00edtimos en Israel. \u201cHoy en d\u00eda, la moderna ciudad de Tel Aviv y la antigua Yafo, est\u00e1n nuevamente unidas en una municipalidad. Esta \u00faltima, era ya conocida en tiempos b\u00edblicos; en el reinado de Salom\u00f3n, Yafo era un puerto importante y serv\u00eda de arribo para ir a Jerusal\u00e9n. Bajo el dominio de Los Macabeos, una vez que los griegos fueron subyugados, se convirti\u00f3 en el puerto principal del que Palestina se val\u00eda para enviar sus productos a otros pa\u00edses.<\/p>\n<p>En la \u00e9poca de los romanos, una peque\u00f1a comunidad jud\u00eda a\u00fan exist\u00eda all\u00ed, contribuyendo al progreso de Yafo. Bajo el mando de los turcos comenz\u00f3 a declinar lo que hab\u00eda sido puerto tan conocido, y su desdichada poblaci\u00f3n inclu\u00eda s\u00f3lo unas cuantas familias jud\u00edas. En 1840, Yafo era habitada solamente por \u00e1rabes, que ascender\u00edan a 4,000 almas, pero en ese mismo a\u00f1o comenzaron a regresar a ella algunos jud\u00edos. La ciudad empez\u00f3 a agrandarse a finales del siglo XIX y a principios del XX, debido al impacto del sionismo, ya que el puerto serv\u00eda de entrada a la inmigraci\u00f3n jud\u00eda. No obstante que grandes colonias jud\u00edas fueron fundadas en sus alrededores, siempre fue una ciudad fundamentalmente \u00e1rabe; sin embargo, su prosperidad se debi\u00f3 al r\u00e1pido desarrollo de la vecina Tel Aviv.<\/p>\n<p>En la guerra de independencia, Yafo era una plaza fuerte \u00e1rabe y se libraron violentas batallas en la frontera entre ambas ciudades durante muchos meses. Por fin, en mayo de 1948, las fuerzas israel\u00edes lograron entrar a las calles de Yafo y apoderarse de la poblaci\u00f3n. Viven all\u00ed ahora, unos cuantos miles de cristianos y musulmanes, al igual que en muchos otros poblados de Israel, pero la mayor\u00eda de sus habitantes son jud\u00edos, muchos de ellos reci\u00e9n llegados al pa\u00eds.<\/p>\n<p>En realidad, si bien est\u00e1n adyacentes las dos ciudades, es como si se diera un paso de un siglo a otro: Tel Aviv, con sus anchas avenidas trazadas por hileras de frondosos \u00e1rboles y nuevos edificios de yeso amarillento pavoneando su modernidad, en contraste a Yafo, con sus tortuosas veredas serpenteando de ac\u00e1 para all\u00e1, amarillento sus mezquitas, torre turca y la piedra gris de sus casas que emite un nimbo de otros tiempos.<\/p>\n<p>El puerto de Yafo, de importancia mar\u00edtima a trav\u00e9s de las distintas dominaciones, y arribo de innumerables peregrinos a Tierra Santa, es hoy, de m\u00ednima significaci\u00f3n, ya que desde 1936, Tel Aviv tiene su propio puerto. En ese a\u00f1o, al iniciarse los des\u00f3rdenes, cuando los \u00e1rabes declararon una huelga y cerraron los muelles de Yafo, poniendo en peligro la vida econ\u00f3mica de Tel Aviv, el concejo de esta ciudad empez\u00f3 fatigosas negociaciones con las autoridades mandatarias brit\u00e1nicas, quienes finalmente permitieron erigir un embarcadero en Tel Aviv. Desde la cima del cerro pr\u00f3ximo, donde se yergue un monasterio franciscano, se domina una vista panor\u00e1mica que abarca la vieja Yafo y su puerto, Tel Aviv extendida tierra adentro, y la costa mediterr\u00e1nea que ondula hasta perderse en lo infinito. Cerca de la cumbre del cerro, un precioso jard\u00edn p\u00fablico ha tomado el sitio de arruinadas e insalubres construcciones que albergaban toda clase de vicios. Aunque los tiempos modernos han infiltrado a Yafo, por medio de distintos proyectos c\u00edvicos, gran parte de la ciudad no ha sido tocada, para as\u00ed poder retener su encanto especial. Tel Aviv y Yafo, enlazadas hoy en armoniosa uni\u00f3n, son evidencia viva de la afortunada mezcla del pasado y el presente\u201d. El amable lector ver\u00e1 que con voluntad y respeto a los derechos humanos es posible la convivencia entre \u00e1rabes y jud\u00edos, lo deseamos fervientemente.<\/p>\n<p><a href=\"mailto:%20%20mauben625@yahoo.com.mx\" target=\"_blank\" rel=\"noopener noreferrer\"><em>mauben625@yahoo.com.mx<\/em><\/a><\/p>\n","protected":false},"excerpt":{"rendered":"<p><span style=\"color: #005497;\"><strong>Mauro Benites G.<\/strong><\/span><\/p>\n","protected":false},"author":3,"featured_media":0,"comment_status":"open","ping_status":"open","sticky":false,"template":"","format":"standard","meta":{"_monsterinsights_skip_tracking":false,"_monsterinsights_sitenote_active":false,"_monsterinsights_sitenote_note":"","_monsterinsights_sitenote_category":0,"footnotes":""},"categories":[8466],"tags":[43702,27246,43674],"class_list":["post-511390","post","type-post","status-publish","format-standard","hentry","category-mauro-benites-g","tag-mauro-benites-g","tag-municiones","tag-opinion"],"_links":{"self":[{"href":"https:\/\/www.diarioimagen.net\/index.php?rest_route=\/wp\/v2\/posts\/511390","targetHints":{"allow":["GET"]}}],"collection":[{"href":"https:\/\/www.diarioimagen.net\/index.php?rest_route=\/wp\/v2\/posts"}],"about":[{"href":"https:\/\/www.diarioimagen.net\/index.php?rest_route=\/wp\/v2\/types\/post"}],"author":[{"embeddable":true,"href":"https:\/\/www.diarioimagen.net\/index.php?rest_route=\/wp\/v2\/users\/3"}],"replies":[{"embeddable":true,"href":"https:\/\/www.diarioimagen.net\/index.php?rest_route=%2Fwp%2Fv2%2Fcomments&post=511390"}],"version-history":[{"count":0,"href":"https:\/\/www.diarioimagen.net\/index.php?rest_route=\/wp\/v2\/posts\/511390\/revisions"}],"wp:attachment":[{"href":"https:\/\/www.diarioimagen.net\/index.php?rest_route=%2Fwp%2Fv2%2Fmedia&parent=511390"}],"wp:term":[{"taxonomy":"category","embeddable":true,"href":"https:\/\/www.diarioimagen.net\/index.php?rest_route=%2Fwp%2Fv2%2Fcategories&post=511390"},{"taxonomy":"post_tag","embeddable":true,"href":"https:\/\/www.diarioimagen.net\/index.php?rest_route=%2Fwp%2Fv2%2Ftags&post=511390"}],"curies":[{"name":"wp","href":"https:\/\/api.w.org\/{rel}","templated":true}]}}