{"id":511392,"date":"2021-06-22T00:08:20","date_gmt":"2021-06-22T05:08:20","guid":{"rendered":"https:\/\/www.diarioimagen.net\/?p=511392"},"modified":"2021-06-22T02:13:02","modified_gmt":"2021-06-22T07:13:02","slug":"irma-erendira-sandoval-pago-por-el-conflicto-electoral-en-guerrero","status":"publish","type":"post","link":"https:\/\/www.diarioimagen.net\/?p=511392","title":{"rendered":"Irma Er\u00e9ndira Sandoval pag\u00f3 por el conflicto electoral en Guerrero"},"content":{"rendered":"<h2>Clase Pol\u00edtica<\/h2>\n<h5>Miguel \u00c1ngel Rivera<\/h5>\n<p>&nbsp;<\/p>\n<p>Ya hemos recordado en m\u00e1s de dos ocasiones que el Presidente de la Rep\u00fablica no tiene que dar explicaciones respecto al nombramiento o la destituci\u00f3n de alguno de los funcionarios del Poder Ejecutivo federal.<\/p>\n<p>Esto se repiti\u00f3 con el cambio al frente de la Secretar\u00eda de la Funci\u00f3n P\u00fablica (SFP), donde el hasta ayer subsecretario Roberto Salcedo Aquino sustituy\u00f3 a la titular, Irma Er\u00e9ndira Sandoval, quien inici\u00f3 el sexenio en ese cargo.<\/p>\n<p>A pesar de que el presidente Andr\u00e9s Manuel L\u00f3pez Obrador ejerce a plenitud su derecho a remover a cualquiera de sus funcionarios, deber\u00eda tener cuidado, porque parece que alguien esp\u00eda sus apuntes o tiene la capacidad de interpretar sus gestos, pues desde hace varias semanas surgieron los rumores en el sentido de que habr\u00eda cambios en el gabinete y que, como parte de ese plan, Sandoval Ballesteros ser\u00eda destituida del cargo.<\/p>\n<p>Tal vez sea al propio mandatario quien dio origen a los rumores, para medir los posibles efectos del relevo en la dependencia que, por sus funciones, refleja la esencia de la llamada Cuarta Transformaci\u00f3n, el muy proclamado combate a la corrupci\u00f3n, en particular en las filas del gobierno que en todos sus niveles maneja recursos federales.<\/p>\n<p>Al dar a conocer su decisi\u00f3n y colocar a un nuevo titular al que, presumiblemente, conoci\u00f3 desde sus \u00e9pocas de estudiante en la Facultad de Ciencias Pol\u00edticas y Sociales de la UNAM y, al contrario de otros nombramientos, en donde los nuevos funcionarios no tienen mayores antecedentes en el \u00e1rea que se le asigna, pero son honrados.<\/p>\n<p>En este caso, Salcedo Aquino, adem\u00e1s de tener prestigio de honrado, es un conocedor en la materia de vigilar el ejercicio de los recursos federales. Por ejemplo, durante trece a\u00f1os, en anteriores gobiernos federales, desempe\u00f1\u00f3 un cargo poco conocido que, en esencia, consist\u00eda, en vigilar a los encargados de vigilar el ejercicio del presupuesto federal, pues fungi\u00f3 como Auditor Especial de Desempe\u00f1o en la Auditor\u00eda Superior de la Federaci\u00f3n.<\/p>\n<p>Como es sabido, la Auditor\u00eda Superior de la Federaci\u00f3n (ASF), dependiente de la C\u00e1mara de Diputados es el organismo encargado de supervisar el ejercicio del presupuesto aprobado por los diputados y de descubrir irregularidades y denunciarlas. Recientemente estuvo en el ojo de una tormenta pol\u00edtica, al revelar que la cancelaci\u00f3n de la construcci\u00f3n del nuevos aeropuerto de la Ciudad de M\u00e9xico, en Texcoco, cost\u00f3 tres veces m\u00e1s de lo que admitido oficialmente el gobierno de la llamada Cuarta Transformaci\u00f3n.<\/p>\n<p>M\u00e1s recientemente, la Funci\u00f3n P\u00fablica anunci\u00f3 la inhabilitaci\u00f3n del ex secretario de Hacienda y de Relaciones Exteriores del sexenio de Enrique Pe\u00f1a Nieto, el ahora profesor universitario Luis Videgaray Caso. Es de suponer que en su condici\u00f3n de subsecretario de Fiscalizaci\u00f3n y Combate a la Corrupci\u00f3n, Salcedo Aquino tuvo participaci\u00f3n importante o, al menos, tuvo conocimiento del proceso.<\/p>\n<p>Como confirmaci\u00f3n de las responsabilidades que tiene encomendadas el nuevo secretario de la funci\u00f3n p\u00fablica, el presidente L\u00f3pez Obrador asegur\u00f3 que su gobierno \u201ccontinuar\u00e1 con la pol\u00edtica de cero corrupci\u00f3n y cero impunidad. Nunca le fallaremos al pueblo\u201d.<\/p>\n<p>El jefe del Ejecutivo anunci\u00f3 que se profundizar\u00e1 en esa materia.<\/p>\n<p>\u201cVamos a llevar una reforma administrativa y vamos a profundizar en el combate a la corrupci\u00f3n y un Gobierno austero. Por eso invit\u00e9 a Roberto Salcedo, un profesional de la administraci\u00f3n p\u00fablica, un hombre honesto\u201d, dijo el presidente.<\/p>\n<p style=\"text-align: center;\"><strong>Sobre Irma Er\u00e9ndira Sandoval se proyecta<br \/>\nla sombra de F\u00e9lix Salgado Macedonio<\/strong><\/p>\n<p>\u201cA Irma Er\u00e9ndira le agradecemos mucho por su apoyo. Ella es una mujer de lucha por la justicia, por la democracia, fue muy importante su colaboraci\u00f3n en el inicio del gobierno, sobre todo, en lo que se le encarg\u00f3: el combate a la corrupci\u00f3n y la aplicaci\u00f3n de una pol\u00edtica de austeridad\u201d, dijo el primer mandatario en un video que circul\u00f3 en medios electr\u00f3nicos al informar del cambio en la Funci\u00f3n P\u00fablica.<\/p>\n<p>Si la ahora ex secretaria tuvo un desempe\u00f1o muy importante en la primera parte del actual gobierno federal, parece poco razonable removerla y dejarla fuera. Claro, vale insistir, esa es una facultad del Presidente y no tiene por qu\u00e9 dar explicaciones.<\/p>\n<p>Sandoval Ballesteros agradeci\u00f3 el respaldo recibido por L\u00f3pez Obrador. \u201cNo tengo m\u00e1s que palabras de agradecimiento, por permitirme caminar justo a usted en este gabinete, el primero paritario. De haber recibido su confianza y respaldo para desarrollar las tareas m\u00e1s importantes del inicio de la administraci\u00f3n\u201d.<\/p>\n<p>Coment\u00f3 que volver\u00e1 como directora del Laboratorio de Documentaci\u00f3n y An\u00e1lisis de la Corrupci\u00f3n y Transparencia de la UNAM, donde la\u00a0 conoci\u00f3 el ahora presidente de la Rep\u00fablica, lugar al que regresar\u00e1 tras dejar el cargo en la dependencia.<\/p>\n<p>Los enterados dicen que la relaci\u00f3n del presidente L\u00f3pez Obrador con Sandoval va m\u00e1s all\u00e1 de lo profesional, para llegar a lo familiar, por sus padres, en especial el desaparecido luchador social guerrerense, Pablo Sandoval Ram\u00edrez\u00a0 quien fue diputado federal y en alguna ocasi\u00f3n precandidato al gobierno de Guerrero.<\/p>\n<p>Tambi\u00e9n precandidato a gobernador fue su hijo Pablo Sandoval Ballesteros, hermano de la ahora ex secretaria dela Funci\u00f3n P\u00fablica, en el proceso electoral que concluy\u00f3 con las votaciones del reciente domingo 6 de junio.<\/p>\n<p>En una fase inicial de ese proceso, Pablo Sandoval parec\u00eda el casi seguro abanderado del partido oficial, Morena, pues ten\u00eda el cargo de \u201csuperdelegado\u201d en esa entidad, la posici\u00f3n inventada por el presidente L\u00f3pez Obrador, para proyectar a quienes se supon\u00eda ser\u00edan sus elegidos para arrebatar gobierno estatales a los partidos de oposici\u00f3n, como es el caso de Guerrero, gobernado por el priista H\u00e9ctor Astudillo.<\/p>\n<p>Pero esos supuestos planes no se materializarnon porque surgi\u00f3 el senador y experimentado pol\u00edtico F\u00e9lix Salgado Macedonio, quien adem\u00e1s de todos los obst\u00e1culos propios de la fase de conquista de la candidatura tuvo que enfrentar denuncias de supuestas violaciones y otros actos de acoso sexual.<\/p>\n<p>Entre los allegados a Salgado Macedonio y en otros c\u00edrculos del partido del gobierno los presuntos responsables de promover esas denuncias fueron los Sandoval Ballesteros. Pablo se vio obligado a reunciar a la superdelegaci\u00f3n, mientras que en paralelo surgieron rumores en el sentido de que su hermana dejar\u00eda \u201cpronto\u201d la SFP.<\/p>\n<p>El vaticinio se cumpli\u00f3 ayer, mientras que Salgado Macedonio gobernar\u00e1 a trav\u00e9s de una \u201cJuanita\u201d, su hija Evelyn, pues perdi\u00f3 la candidatura por no haber cumplido su obligaci\u00f3n de rendir cuenta al INE de gastos de precampa\u00f1a.<\/p>\n<p>En este caso, hay una tercera vertiente. Irma Er\u00e9ndira est\u00e1 casada con el acad\u00e9mico John Ackerman, estadunidense nacionalizado mexicano, que se ha vinculado estrechamente con la llamada Cuarta Transformaci\u00f3n, al grado de ser considerado por algunas corrientes como ide\u00f3logo del partido oficial, para el cual hace campa\u00f1a desde las aulas y en varios espacios en medios de comunicaci\u00f3n.<\/p>\n<p>Todav\u00eda ayer,\u00a0 mismo d\u00eda que se anunci\u00f3 la destituci\u00f3n de Irma Er\u00e9ndira Sandoval, el diario <strong><em>La Jornada <\/em><\/strong>public\u00f3 un art\u00edculo cr\u00edtico de Ackerman acerca de la situaci\u00f3n actual de Morena y de los supuestos errores de su dirigencia, en especial su presidente formal, Mario Delgado Carrillo.<\/p>\n<p>\u201cEl partido pol\u00edtico Morena se encuentra hoy en un estado de total ilegalidad y ausencia de institucionalidad democr\u00e1tica. Ninguno de sus \u00f3rganos internos funciona cabalmente de acuerdo con los estatutos del partido y no existe espacio alguno para la participaci\u00f3n de la militancia en la toma de decisiones\u201d. Comparto una lista inicial de algunos agravios:<\/p>\n<p>As\u00ed dice el p\u00e1rrafo inicial del art\u00edculo de Ackerman, quien m\u00e1s adelante propone iniciar el proceso para corregir irregularidades dentto del partido del presidente L\u00f3pez Obrador.<\/p>\n<p>\u201cEl Comit\u00e9 Ejecutivo Nacional debe convocar a la celebraci\u00f3n de un Congreso Nacional para renovar la dirigencia del partido y \u201ctomar las determinaciones fundamentales para la lucha por la transformaci\u00f3n del pa\u00eds que asuma nuestro partido\u201d.<\/p>\n<p>\u201cSi Mario Delgado se niega a emitir la convocatoria, lo debe hacer la mayor\u00eda de los integrantes del Comit\u00e9 Ejecutivo Nacional (CEN). Y si la mayor\u00eda de los integrantes del CEN no se atreven a hacerlo, la mayor\u00eda del Consejo Nacional tendr\u00eda que entrar en acci\u00f3n haciendo uso de sus facultades extraordinarias plasmadas en el mismo Art\u00edculo 34 del estatuto\u201d.<\/p>\n<p><a href=\"mailto:riparcangel@hotmail.com\" target=\"_blank\" rel=\"noopener noreferrer\"><em>riparcangel@hotmail.com<\/em><\/a><\/p>\n","protected":false},"excerpt":{"rendered":"<p><span style=\"color: #005497;\"><strong>Miguel \u00c1ngel Rivera<\/strong><\/span><\/p>\n","protected":false},"author":3,"featured_media":0,"comment_status":"open","ping_status":"open","sticky":false,"template":"","format":"standard","meta":{"_monsterinsights_skip_tracking":false,"_monsterinsights_sitenote_active":false,"_monsterinsights_sitenote_note":"","_monsterinsights_sitenote_category":0,"footnotes":""},"categories":[84119],"tags":[84120,84121,43674],"class_list":["post-511392","post","type-post","status-publish","format-standard","hentry","category-miguel-angel-rivera","tag-clase-politica","tag-miguel-angel-rivera","tag-opinion"],"_links":{"self":[{"href":"https:\/\/www.diarioimagen.net\/index.php?rest_route=\/wp\/v2\/posts\/511392","targetHints":{"allow":["GET"]}}],"collection":[{"href":"https:\/\/www.diarioimagen.net\/index.php?rest_route=\/wp\/v2\/posts"}],"about":[{"href":"https:\/\/www.diarioimagen.net\/index.php?rest_route=\/wp\/v2\/types\/post"}],"author":[{"embeddable":true,"href":"https:\/\/www.diarioimagen.net\/index.php?rest_route=\/wp\/v2\/users\/3"}],"replies":[{"embeddable":true,"href":"https:\/\/www.diarioimagen.net\/index.php?rest_route=%2Fwp%2Fv2%2Fcomments&post=511392"}],"version-history":[{"count":0,"href":"https:\/\/www.diarioimagen.net\/index.php?rest_route=\/wp\/v2\/posts\/511392\/revisions"}],"wp:attachment":[{"href":"https:\/\/www.diarioimagen.net\/index.php?rest_route=%2Fwp%2Fv2%2Fmedia&parent=511392"}],"wp:term":[{"taxonomy":"category","embeddable":true,"href":"https:\/\/www.diarioimagen.net\/index.php?rest_route=%2Fwp%2Fv2%2Fcategories&post=511392"},{"taxonomy":"post_tag","embeddable":true,"href":"https:\/\/www.diarioimagen.net\/index.php?rest_route=%2Fwp%2Fv2%2Ftags&post=511392"}],"curies":[{"name":"wp","href":"https:\/\/api.w.org\/{rel}","templated":true}]}}